{"id":31060,"date":"2021-04-20T20:00:00","date_gmt":"2021-04-20T18:00:00","guid":{"rendered":"https:\/\/www.swecobelgium.be\/blog\/sweco-obtient-le-premier-site-intelligent-de-recharge-de-belgique\/"},"modified":"2025-03-14T11:08:56","modified_gmt":"2025-03-14T10:08:56","slug":"sweco-obtient-le-premier-site-intelligent-de-recharge-de-belgique","status":"publish","type":"blog","link":"https:\/\/www.swecobelgium.be\/fr\/actualites\/sweco-obtient-le-premier-site-intelligent-de-recharge-de-belgique\/","title":{"rendered":"Sweco obtient le premier site intelligent de recharge de Belgique"},"content":{"rendered":"<section class=\"block block-share block--white\" >\n\t<div class=\"block__inner\">\n\t\t<div class=\"col--12 col--wrapper col--center\">\n            <div class=\"col col--12 editor-content col--center\">\n                <div class=\"share\">\n                    <p class=\"share-text\">Share on: <\/p>\n                    <div class=\"ss-inline-share-wrapper ss-hover-animation-fade ss-with-counter-border ss-inline-total-counter-left\"><div class=\"ss-inline-share-content\"><\/div><\/div>                <\/div>\n            <\/div>\n\t\t<\/div>\n\t<\/div>\n<\/section>\n\n<section class=\"block cb block--white\" >\n\t<div class=\"block__inner cb__inner cb__inner--one\">\n\t<div class=\"col--12 col--center col--wrapper\">\n\t\t<div class=\"col col--6 editor-content\">\n\t\t\t<p><strong>La vice-ministre-pr\u00e9sidente flamande Hilde Crevits a d\u00e9voil\u00e9 l&rsquo;unique site de recharge Vehicle-to-Grid (v\u00e9hicule-r\u00e9seau) pour le nouveau bureau Sweco, neutre en \u00e9nergie, \u00e0 Zelzate. Le bureau d&rsquo;ing\u00e9nieurs Sweco s&rsquo;associe, \u00e0 cet effet, aux entreprises technologiques ABB et Yuso. Gr\u00e2ce \u00e0 cette innovation, un syst\u00e8me avec un batterie et des voitures \u00e9lectriques peut garantir l&rsquo;alimentation \u00e9lectrique des b\u00e2timents.<\/strong><\/p>\n<h2>Importance de la verdurisation de la mobilit\u00e9 selon Hilde Crevits<\/h2>\n<p>La Ministre flamande de l\u2019\u00e9conomie et de l\u2019innovation, Hilde Crevits, d\u00e9clare : \u00ab Dans l\u2019int\u00e9r\u00eat de toutes les g\u00e9n\u00e9rations \u00e0 venir, nous devons \u00eatre ambitieux dans la verdurisation de notre mobilit\u00e9. D\u2019une part, en nous d\u00e9pla\u00e7ant diff\u00e9remment et moins, mais aussi en rendant notre parc automobile plus vert. L\u2019acc\u00e9l\u00e9ration du nombre de voitures \u00e9lectriques va fortement augmenter la demande d\u2019\u00e9nergie et d\u2019infrastructures de recharge adapt\u00e9es. Il ne faut donc pas sous-estimer l\u2019importance du premier site de recharge intelligent qui est inaugur\u00e9 ici aujourd\u2019hui. Le projet r\u00e9unit toutes les exigences : il r\u00e9pond \u00e0 l\u2019augmentation escompt\u00e9e du nombre de v\u00e9hicules \u00e9lectriques, \u00e0 la production et au d\u00e9ploiement d\u2019<a href=\"https:\/\/www.swecobelgium.be\/fr\/expertise\/solutions-energetiques\/\">\u00e9nergies renouvelables<\/a>, \u00e0 la ma\u00eetrise des co\u00fbts de l\u2019\u00e9lectricit\u00e9 et \u00e0 la robustesse de notre syst\u00e8me \u00e9nerg\u00e9tique. Un bel \u00e9chantillon d\u2019innovation et d\u2019anticipation technologique de la part de Sweco dont je suis particuli\u00e8rement fi\u00e8re, en tant que Ministre flamande de l\u2019Innovation. \u00bb<\/p>\n<p><img loading=\"lazy\" decoding=\"async\" src=\"https:\/\/www.swecobelgium.be\/wp-content\/uploads\/sites\/12\/2021\/04\/v2g-03-scaled.jpg\" alt=\"\" width=\"1200\" height=\"800\" \/><\/p>\n<h2>Politique de mobilit\u00e9 durable promue par Sweco Belgique<\/h2>\n<p>Erwin Malcorps, Managing Director de Sweco Belgique, d\u00e9clare : \u00ab Nous promouvons depuis de nombreuses ann\u00e9es, une politique de <a href=\"https:\/\/www.swecobelgium.be\/fr\/expertise\/transport-mobilite\/\">mobilit\u00e9 durable<\/a> pour et par nos collaborateurs. L\u2019accent est mis sur l\u2019utilisation d\u2019outils innovateurs, une libert\u00e9 de choix maximale et la limitation du nombre de d\u00e9placements. Nous proposons toutes les options et combinaisons possibles, avec \u00ab Mobility-as-a-Service \u00bb comme fil rouge : les transports en commun gratuits, les v\u00e9los partag\u00e9s et les pool bicycles, l\u2019application Olympus, le v\u00e9lo en leasing, Cambio, le covoiturage et autopartage, \u2026 De surcro\u00eet, l\u2019ann\u00e9e derni\u00e8re, nous avons d\u00e9cid\u00e9 de passer \u00e0 une flotte de v\u00e9hicules 100 % \u00e9lectriques. L\u2019installation de ce site intelligent de recharge dans les locaux de Sweco \u00e0 Zelzate en est une suite importante dont nous sommes extr\u00eamement fiers. \u00bb<\/p>\n<h2>Objectif de neutralit\u00e9 climatique de Sweco d\u2019ici \u00e0 2030<\/h2>\n<p>\u00ab Le <a href=\"https:\/\/www.swecobelgium.be\/fr\/durabilite\/\">d\u00e9veloppement durable<\/a> est au c\u0153ur de notre entreprise : nous l\u2019appliquons pleinement dans nos projets et nous assumons la responsabilit\u00e9 de la mani\u00e8re dont nous agissons en tant qu\u2019entreprise. Ainsi, nous avons pour objectif de devenir totalement neutres sur le <a href=\"https:\/\/www.swecobelgium.be\/fr\/services\/feuilles-de-route-pour-le-climat-et-le-zero-carbone\/\">plan climatique<\/a> d\u2019ici \u00e0 2030. Nous sommes m\u00eame en avance sur le calendrier gr\u00e2ce au passage rapide dans tous les pans de notre organisation \u00bb, souligne Erwin Malcorps.<\/p>\n<p><em><img loading=\"lazy\" decoding=\"async\" src=\"https:\/\/www.swecobelgium.be\/wp-content\/uploads\/sites\/12\/2021\/04\/v2g-04-scaled.jpg\" alt=\"\" width=\"1200\" height=\"800\" \/><\/em><\/p>\n<h2>Fonctionnement du syst\u00e8me Vehicle-to-Grid expliqu\u00e9 par Jochen De Smet<\/h2>\n<p>Jochen De Smet, chef de projet chez Sweco au sein de la division Energy, explique comment la capacit\u00e9 des <a href=\"https:\/\/www.swecobelgium.be\/fr\/expertise\/solutions-energetiques\/\">batteries<\/a> de la flotte \u00e9lectrique est valoris\u00e9e : \u00ab Vehicle-to-Grid (v\u00e9hicule-r\u00e9seau) ou en abr\u00e9g\u00e9 V2G, d\u00e9signe un type de borne de charge qui fonctionne de mani\u00e8re bidirectionnelle. Ainsi, la voiture pourra \u00e0 la fois se charger et se d\u00e9charger. Pendant la d\u00e9charge, l\u2019\u00e9nergie de la batterie peut \u00eatre renvoy\u00e9e vers le r\u00e9seau ou vers l\u2019immeuble de bureaux. Cela nous permet d\u2019utiliser activement la batterie dans notre syst\u00e8me \u00e9nerg\u00e9tique. \u00bb<\/p>\n<h2>Syst\u00e8me \u00e9nerg\u00e9tique durable d\u00e9velopp\u00e9 par Sweco<\/h2>\n<p>\u00ab Nous d\u00e9veloppons un syst\u00e8me \u00e9nerg\u00e9tique durable qui relie entre eux, le b\u00e2timent, la production d\u2019\u00e9nergie renouvelable, l\u2019infrastructure de recharge et une batterie stationnaire. Ainsi, cela permet une auto-utilisation maximale de l\u2019\u00e9nergie renouvelable produite et \u00e9vite d\u2019avoir \u00e0 acheter de l\u2019\u00e9lectricit\u00e9 au r\u00e9seau. Cela \u00e9vite les investissements dans des capacit\u00e9s de raccordement suppl\u00e9mentaires pour la recharge des voitures \u00e9lectriques et de minimiser le prix de revient de notre consommation d\u2019\u00e9lectricit\u00e9 \u00bb, d\u00e9clare Jochen De Smet.<\/p>\n<p><em><img loading=\"lazy\" decoding=\"async\" src=\"https:\/\/www.swecobelgium.be\/wp-content\/uploads\/sites\/12\/2021\/04\/v2g-02-scaled.jpg\" alt=\"\" width=\"1200\" height=\"799\" \/><\/em><\/p>\n<h2>R\u00f4le de Yuso dans le projet de recharge Vehicle-to-Grid<\/h2>\n<p>Michel Verschuere, Managing Director Yuso, ajoute : \u00ab Dans ce projet, Yuso agit en tant qu\u2019op\u00e9rateur sur le march\u00e9. Yuso contr\u00f4le intelligemment les bornes de recharge flexibles, en fonction de la demande et du prix. Une telle optimisation permet non seulement de r\u00e9duire le co\u00fbt total d\u2019exploitation (TCO) du parc automobile, mais aussi de favoriser l\u2019\u00e9quilibre entre l\u2019offre et la demande sur le r\u00e9seau \u00e9lectrique et de cette fa\u00e7on, l\u2019int\u00e9gration ult\u00e9rieure des sources renouvelables. La commercialisation de la flexibilit\u00e9 de diff\u00e9rents types est l\u2019un des piliers importants de la croissance de Yuso. Pour Yuso, une station de recharge V2G occup\u00e9e repr\u00e9sente autant une source de flexibilit\u00e9 bidirectionnelle qu\u2019une batterie \u00e0 grande \u00e9chelle pouvant co-soutenir le r\u00e9seau. \u00bb<\/p>\n<h2>Participation d\u2019ABB au projet de recharge Vehicle-to-Grid<\/h2>\n<p>Jo Pauwels, Directeur G\u00e9n\u00e9ral ABB Belux, explique pourquoi ABB participe \u00e0 ce projet : \u00ab ABB est un leader technologique novateur et a pour objectif de donner forme, avec d\u2019autres parties, \u00e0 une soci\u00e9t\u00e9 durable. \u00c0 cette fin, ABB se positionne sur l\u2019\u00e9lectrification, l\u2019intelligence artificielle, l\u2019automatisation et l\u2019<a href=\"https:\/\/www.swecobelgium.be\/fr\/expertise\/solutions-energetiques\/\">efficacit\u00e9 \u00e9nerg\u00e9tique<\/a>. ABB est le chef de file du march\u00e9 des solutions de recharge rapide \u00e0 l\u2019\u00e9chelle mondiale. Depuis son entr\u00e9e sur le march\u00e9 de l\u2019e-mobilit\u00e9 en 2010, ABB a vendu plus de 400.000 chargeurs VE dans 85 march\u00e9s, dont 20.000 chargeurs rapides DC et 380.000 chargeurs AC. ABB d\u00e9veloppe \u00e9galement des solutions pour rendre bidirectionnelles les sources d\u2019\u00e9nergie vers et depuis les v\u00e9hicules \u00e9lectriques. Un certain nombre de projets pilotes sont en cours \u00e0 cet effet, depuis fin 2020. ABB est heureux de pouvoir int\u00e9grer la technologie V2G en Flandre, avec une batterie stationnaire dans un immeuble de bureaux, comme celui de Sweco \u00e0 Zelzate. L\u2019innovation est dans l\u2019ADN d\u2019ABB. Outre l\u2019ambitieux projet \u2018Mission to Zero\u2019, dans le cadre duquel ABB s\u2019engage r\u00e9solument en faveur de l\u2019\u00e9lectrification, nous menons \u00e9galement le \u2018Energy Efficiency Movement\u2019 (Mouvement pour l\u2019<a href=\"https:\/\/www.swecobelgium.be\/fr\/expertise\/solutions-energetiques\/\">efficacit\u00e9 \u00e9nerg\u00e9tique<\/a>), un mouvement qui vise \u00e0 r\u00e9duire de 10 % la consommation \u00e9nerg\u00e9tique dans le monde gr\u00e2ce \u00e0 l\u2019utilisation de moteurs et de transmissions efficaces en \u00e9nergie. \u00bb<\/p>\n<p><img loading=\"lazy\" decoding=\"async\" src=\"https:\/\/www.swecobelgium.be\/wp-content\/uploads\/sites\/12\/2021\/04\/v2g-1200x600-1.jpg\" alt=\"\" width=\"1200\" height=\"600\" \/><\/p>\n<p><em>De gauche \u00e0 droite: Tom Van Den Noortgaete (Division Director Energy, Sweco Belgium), Erwin Malcorps (Managing Director, Sweco Belgium), vice-ministre-pr\u00e9sidente flamande Hilde Crevits, Michel Verschuere (Managing Director, Yuso) et Steven Van Deun (Business lead <a href=\"https:\/\/www.swecobelgium.be\/fr\/services\/electrification-du-transport\/\">e-mobility<\/a> Belux, ABB)<\/em><\/p>\n<p><em>Photos : \u00a9 Faye Pynaert<\/em><\/p>\n<p># # #<\/p>\n<p><strong>A propos de Sweco<\/strong><br \/>\nSweco fa\u00e7onne les collectivit\u00e9s et <a href=\"https:\/\/www.swecobelgium.be\/fr\/expertise\/villes-de-demain\/\">villes durables<\/a> de demain. Avec nos clients et l\u2019expertise commune de nos 17 500 ing\u00e9nieurs, projeteurs et autres sp\u00e9cialistes, nous cocr\u00e9ons des solutions pour faire face \u00e0 l\u2019urbanisation, exploiter le pouvoir de la num\u00e9risation et rendre notre soci\u00e9t\u00e9 plus durable. Sweco est un \u00e9minent bureau d\u2019ing\u00e9nieurs conseils en Europe avec un chiffre d\u2019affaires qui atteint environ 21 milliards de SEK (2 milliard d\u2019euros). La soci\u00e9t\u00e9 est cot\u00e9e au Nasdaq Stockholm. <a href=\"https:\/\/www.swecobelgium.be\/\" target=\"_blank\" rel=\"noopener\">www.swecobelgium.be<\/a><\/p>\n<p><strong>A propos d&rsquo;ABB<\/strong><br \/>\nLe D\u00e9partement Commercial d\u2019\u00c9lectrification d&rsquo;ABB est un chef de file mondial dans le domaine des produits et des solutions \u00e9lectriques, actif dans plus de 100 pays, avec plus de 200 sites de production. Nos plus de 50.000 employ\u00e9s sont r\u00e9solus \u00e0 changer la fa\u00e7on dont les gens vivent, se connectent et travaillent en fournissant des solutions d&rsquo;\u00e9lectrification s\u00fbres, intelligentes et durables. Nous fa\u00e7onnons les futures tendances de l&rsquo;\u00e9lectrification et nous nous diff\u00e9rencions par l&rsquo;innovation technologique et num\u00e9rique, tout en offrant \u00e0 nos clients une exp\u00e9rience exceptionnelle gr\u00e2ce \u00e0 l&rsquo;excellence op\u00e9rationnelle dans les \u00e9quipements d&rsquo;utilit\u00e9 publique, l&rsquo;industrie, les b\u00e2timents, les infrastructures et la mobilit\u00e9. Pour de plus amples informations, consultez le site <a href=\"https:\/\/go.abb\/electrification\" target=\"_blank\" rel=\"noopener\">https:\/\/go.abb\/electrification<\/a><\/p>\n<p><strong>A propos de Yuso<\/strong><br \/>\nYuso est bas\u00e9 \u00e0 Waregem et est actif sur le march\u00e9 de l&rsquo;\u00e9lectricit\u00e9 depuis 2012. La soci\u00e9t\u00e9 propose des contrats d&rsquo;achat et de vente sur mesure aux PME qui ont d\u00e9j\u00e0 investi ou non dans l&rsquo;\u00e9nergie solaire, sur le toit de leur entreprise. Pour g\u00e9rer son portefeuille de pr\u00e8s de 1000 points d&rsquo;acc\u00e8s, Yuso s&rsquo;appuie sur une num\u00e9risation minutieuse et une automatisation pouss\u00e9e de son acc\u00e8s au march\u00e9 et de sa gestion des clients. \u00c0 cette fin, l&rsquo;entreprise utilise des solutions de Cloud et une robotisation bas\u00e9e sur l&rsquo;intelligence artificielle pour r\u00e9duire au maximum les co\u00fbts op\u00e9rationnels. Yuso garantit toujours \u00e0 ses clients le lien entre les technologies renouvelables et\/ou flexibles et le march\u00e9 \u00e9nerg\u00e9tique sous toutes ses facettes. <a href=\"http:\/\/www.yuso.be\" target=\"_blank\" rel=\"noopener\">www.yuso.be<\/a><\/p>\n\t\t<\/div>\n\t<\/div>\n<\/div>\n<\/section>\n\n\n<section class=\"block block--white latest-insights\" >\n\t<div class=\"block__inner latest-insights__inner\">\n\t\t<div class=\"col--11 col--wrapper\">\n\t\t\t\t\t\t\t<div class=\"col col--12 editor-content latest-insights__title\">\n\t\t\t\t\t<h2 class=\"h2 hyphenate\">Autres actualit\u00e9s<\/h2>\t\t\t\t<\/div>\n\t\t\t\n\t\t\t\t\t\t\t\t<div class=\"col col--4 insight\" data-clickable=\"true\">\n\t\t\t\t\t\t<img loading=\"lazy\" decoding=\"async\" width=\"520\" height=\"296\" src=\"https:\/\/www.swecobelgium.be\/wp-content\/uploads\/sites\/12\/2026\/04\/Say-Cheese_23042026_AquafinAwards-projectteam-Brugge-Oostende-520x296.jpg\" class=\"attachment-insights-featured size-insights-featured wp-post-image\" alt=\"Projectteams bekroond met speciale prijs op Aquafin Awards\" \/>\t\t\t\t\t\t<div class=\"insight__content editor-content\">\n\t\t\t\t\t\t\t<em class=\"cats\">Eau<span class=\"cats__sep\"><\/span>24\/04\/2026<\/em>\t\t\t\t\t\t\t<h3><a href=\"https:\/\/www.swecobelgium.be\/fr\/actualites\/des-equipes-de-projet-recompensees-par-un-prix-special-lors-des-aquafin-awards\/\">Des \u00e9quipes de projet r\u00e9compens\u00e9es par un prix sp\u00e9cial lors des Aquafin Awards<\/a><\/h3>\n\t\t\t\t\t\t\t<p> <span class=\"readmore\">En savoir plus<\/span><\/p>\n\t\t\t\t\t\t<\/div>\n\t\t\t\t\t<\/div>\n\t\t\t\t\t\t\t\t\t<div class=\"col col--4 insight\" data-clickable=\"true\">\n\t\t\t\t\t\t<img loading=\"lazy\" decoding=\"async\" width=\"520\" height=\"296\" src=\"https:\/\/www.swecobelgium.be\/wp-content\/uploads\/sites\/12\/2026\/04\/Helene-Rillaerts_016919_\u252c\u2310fayepynaert-520x296.jpg\" class=\"attachment-insights-featured size-insights-featured wp-post-image\" alt=\"\" \/>\t\t\t\t\t\t<div class=\"insight__content editor-content\">\n\t\t\t\t\t\t\t<em class=\"cats\"><a href=\"https:\/\/www.swecobelgium.be\/fr\/services\/masterplanning\/\">Urbanisme<\/a> et espaces publics, Expert Talk<span class=\"cats__sep\"><\/span>22\/04\/2026<\/em>\t\t\t\t\t\t\t<h3><a href=\"https:\/\/www.swecobelgium.be\/fr\/actualites\/helene-rillaerts-renforce-lurbanisme-en-belgique-grace-a-un-double-engagement\/\">H\u00e9l\u00e8ne Rillaerts renforce l\u2019urbanisme en Belgique gr\u00e2ce \u00e0 un double engagement<\/a><\/h3>\n\t\t\t\t\t\t\t<p> <span class=\"readmore\">En savoir plus<\/span><\/p>\n\t\t\t\t\t\t<\/div>\n\t\t\t\t\t<\/div>\n\t\t\t\t\t\t\t\t\t<div class=\"col col--4 insight\" data-clickable=\"true\">\n\t\t\t\t\t\t<img loading=\"lazy\" decoding=\"async\" width=\"520\" height=\"250\" src=\"https:\/\/www.swecobelgium.be\/wp-content\/uploads\/sites\/12\/2026\/04\/Fotobanner-full-width-28-520x250.png\" class=\"attachment-insights-featured size-insights-featured wp-post-image\" alt=\"\" \/>\t\t\t\t\t\t<div class=\"insight__content editor-content\">\n\t\t\t\t\t\t\t<em class=\"cats\">Transition industrielle, Industrietransitie, Sweco Loket<span class=\"cats__sep\"><\/span>21\/04\/2026<\/em>\t\t\t\t\t\t\t<h3><a href=\"https:\/\/www.swecobelgium.be\/fr\/actualites\/sweco-accompagne-messer-benelux-dans-la-procedure-de-permis-pour-une-nouvelle-unite-de-separation-de-lair\/\">Sweco accompagne Messer Benelux dans la proc\u00e9dure de permis pour une nouvelle unit\u00e9 de s\u00e9paration de l\u2019air<\/a><\/h3>\n\t\t\t\t\t\t\t<p> <span class=\"readmore\">En savoir plus<\/span><\/p>\n\t\t\t\t\t\t<\/div>\n\t\t\t\t\t<\/div>\n\t\t\t\t\n\t\t\t\t\t<\/div>\n\t<\/div>\n<\/section>\n\n<section class=\"block form-block block--lightgray\" >\n\t<div class=\"block__inner form-block__inner \">\n\n                    <div class=\"col--11 col--wrapper\">\n                                    <div class=\"col col--4 editor-content form-block__title\">\n                        <h2 class=\"h2 hyphenate\">Inscrivez-vous \u00e0 notre newsletter<\/h2>                    <\/div>\n                    <div class=\"col--12 col\"><\/div>\n                \n                <div class=\"col col--4 editor-content\">\n                    Recevez des mises \u00e0 jour sur des projets innovants, des <a href=\"https:\/\/www.swecobelgium.be\/fr\/durabilite\/\">solutions durables<\/a> et des analyses exclusives de Sweco. Abonnez-vous d\u00e8s maintenant et participez \u00e0 la transformation de demain.\r\n\r\n\r\n\r\n\r\n\r\n\r\n\r\n                <\/div>\n\n                <div class=\"col col--7\">\n                    <script type=\"text\/javascript\">\n\/* <![CDATA[ *\/\nvar gform;gform||(document.addEventListener(\"gform_main_scripts_loaded\",function(){gform.scriptsLoaded=!0}),document.addEventListener(\"gform\/theme\/scripts_loaded\",function(){gform.themeScriptsLoaded=!0}),window.addEventListener(\"DOMContentLoaded\",function(){gform.domLoaded=!0}),gform={domLoaded:!1,scriptsLoaded:!1,themeScriptsLoaded:!1,isFormEditor:()=>\"function\"==typeof InitializeEditor,callIfLoaded:function(o){return!(!gform.domLoaded||!gform.scriptsLoaded||!gform.themeScriptsLoaded&&!gform.isFormEditor()||(gform.isFormEditor()&&console.warn(\"The use of gform.initializeOnLoaded() is deprecated in the form editor context and will be removed in Gravity Forms 3.1.\"),o(),0))},initializeOnLoaded:function(o){gform.callIfLoaded(o)||(document.addEventListener(\"gform_main_scripts_loaded\",()=>{gform.scriptsLoaded=!0,gform.callIfLoaded(o)}),document.addEventListener(\"gform\/theme\/scripts_loaded\",()=>{gform.themeScriptsLoaded=!0,gform.callIfLoaded(o)}),window.addEventListener(\"DOMContentLoaded\",()=>{gform.domLoaded=!0,gform.callIfLoaded(o)}))},hooks:{action:{},filter:{}},addAction:function(o,r,e,t){gform.addHook(\"action\",o,r,e,t)},addFilter:function(o,r,e,t){gform.addHook(\"filter\",o,r,e,t)},doAction:function(o){gform.doHook(\"action\",o,arguments)},applyFilters:function(o){return gform.doHook(\"filter\",o,arguments)},removeAction:function(o,r){gform.removeHook(\"action\",o,r)},removeFilter:function(o,r,e){gform.removeHook(\"filter\",o,r,e)},addHook:function(o,r,e,t,n){null==gform.hooks[o][r]&&(gform.hooks[o][r]=[]);var d=gform.hooks[o][r];null==n&&(n=r+\"_\"+d.length),gform.hooks[o][r].push({tag:n,callable:e,priority:t=null==t?10:t})},doHook:function(r,o,e){var t;if(e=Array.prototype.slice.call(e,1),null!=gform.hooks[r][o]&&((o=gform.hooks[r][o]).sort(function(o,r){return o.priority-r.priority}),o.forEach(function(o){\"function\"!=typeof(t=o.callable)&&(t=window[t]),\"action\"==r?t.apply(null,e):e[0]=t.apply(null,e)})),\"filter\"==r)return e[0]},removeHook:function(o,r,t,n){var e;null!=gform.hooks[o][r]&&(e=(e=gform.hooks[o][r]).filter(function(o,r,e){return!!(null!=n&&n!=o.tag||null!=t&&t!=o.priority)}),gform.hooks[o][r]=e)}});\n\/* ]]> *\/\n<\/script>\n\n                <div class='gf_browser_gecko gform_wrapper gform_legacy_markup_wrapper gform-theme--no-framework' data-form-theme='legacy' data-form-index='0' id='gform_wrapper_15' ><form class=\"gform_analytics_tracking\" method='post' enctype='multipart\/form-data' target='gform_ajax_frame_15' id='gform_15'  action='\/fr\/wp-json\/wp\/v2\/blog\/31060' data-formid='15' novalidate autocomplete=\"off\">\n                        <div class='gform-body gform_body'><ul id='gform_fields_15' class='gform_fields top_label form_sublabel_below description_below validation_below'><li id=\"field_15_13\" class=\"gfield gfield--type-honeypot gform_validation_container field_sublabel_below gfield--has-description field_description_below field_validation_below gfield_visibility_visible gform_honeypot\"  data-field-class=\"gform_honeypot\" ><label class='gfield_label gform-field-label' for='input_15_13'>Comments<\/label><div class='ginput_container'><input autocomplete=\"off\"  name='input_13' id='input_15_13' type='text' value='' autocomplete='new-password'\/><\/div><div class='gfield_description' id='gfield_description_15_13'>Ce champ n\u2019est utilis\u00e9 qu\u2019\u00e0 des fins de validation et devrait rester inchang\u00e9.<\/div><\/li><li id=\"field_15_5\" class=\"gfield gfield--type-email gfield--input-type-email gfield--width-full gfield_contains_required field_sublabel_below gfield--no-description field_description_below field_validation_below gfield_visibility_visible gform_email\"  data-field-class=\"gform_email\" ><label class='gfield_label gform-field-label' for='input_15_5'>E-mail<span class=\"gfield_required\"><span class=\"gfield_required gfield_required_asterisk\">*<\/span><\/span><\/label><div class='ginput_container ginput_container_email'>\n                            <input autocomplete=\"off\"  name='input_5' id='input_15_5' type='email' value='' class='large'    aria-required=\"true\" aria-invalid=\"false\"  \/>\n                        <\/div><\/li><li id=\"field_15_7\" class=\"gfield gfield--type-text gfield--input-type-text gfield--width-full gfield_contains_required field_sublabel_below gfield--no-description field_description_below field_validation_below gfield_visibility_visible gform_text\"  data-field-class=\"gform_text\" ><label class='gfield_label gform-field-label' for='input_15_7'>Pr\u00e9nom<span class=\"gfield_required\"><span class=\"gfield_required gfield_required_asterisk\">*<\/span><\/span><\/label><div class='ginput_container ginput_container_text'><input autocomplete=\"off\"  name='input_7' id='input_15_7' type='text' value='' class='large'     aria-required=\"true\" aria-invalid=\"false\"   \/><\/div><\/li><li id=\"field_15_8\" class=\"gfield gfield--type-text gfield--input-type-text gfield--width-full gfield_contains_required field_sublabel_below gfield--no-description field_description_below field_validation_below gfield_visibility_visible gform_text\"  data-field-class=\"gform_text\" ><label class='gfield_label gform-field-label' for='input_15_8'>Nom de famille<span class=\"gfield_required\"><span class=\"gfield_required gfield_required_asterisk\">*<\/span><\/span><\/label><div class='ginput_container ginput_container_text'><input autocomplete=\"off\"  name='input_8' id='input_15_8' type='text' value='' class='large'     aria-required=\"true\" aria-invalid=\"false\"   \/><\/div><\/li><li id=\"field_15_10\" class=\"gfield gfield--type-text gfield--input-type-text gfield--width-full field_sublabel_below gfield--no-description field_description_below field_validation_below gfield_visibility_visible gform_text\"  data-field-class=\"gform_text\" ><label class='gfield_label gform-field-label' for='input_15_10'>Entreprise (facultatif)<\/label><div class='ginput_container ginput_container_text'><input autocomplete=\"off\"  name='input_10' id='input_15_10' type='text' value='' class='large'      aria-invalid=\"false\"   \/><\/div><\/li><li id=\"field_15_11\" class=\"gfield gfield--type-radio gfield--type-choice gfield--input-type-radio gfield--width-full gfield_contains_required field_sublabel_below gfield--no-description field_description_below field_validation_below gfield_visibility_visible gform_radio\"  data-field-class=\"gform_radio\" ><label class='gfield_label gform-field-label' >Je souhaite recevoir la lettre d\u2019information en<span class=\"gfield_required\"><span class=\"gfield_required gfield_required_asterisk\">*<\/span><\/span><\/label><div class='ginput_container ginput_container_radio'><ul class='gfield_radio' id='input_15_11'>\n\t\t\t<li class='gchoice gchoice_15_11_0'>\n\t\t\t\t<input autocomplete=\"off\"  name='input_11' type='radio' value='n\u00e9erlandais'  id='choice_15_11_0'    \/>\n\t\t\t\t<label for='choice_15_11_0' id='label_15_11_0' class='gform-field-label gform-field-label--type-inline'>n\u00e9erlandais<\/label>\n\t\t\t<\/li>\n\t\t\t<li class='gchoice gchoice_15_11_1'>\n\t\t\t\t<input autocomplete=\"off\"  name='input_11' type='radio' value='fran\u00e7ais'  id='choice_15_11_1'    \/>\n\t\t\t\t<label for='choice_15_11_1' id='label_15_11_1' class='gform-field-label gform-field-label--type-inline'>fran\u00e7ais<\/label>\n\t\t\t<\/li>\n\t\t\t<li class='gchoice gchoice_15_11_2'>\n\t\t\t\t<input autocomplete=\"off\"  name='input_11' type='radio' value='anglais'  id='choice_15_11_2'    \/>\n\t\t\t\t<label for='choice_15_11_2' id='label_15_11_2' class='gform-field-label gform-field-label--type-inline'>anglais<\/label>\n\t\t\t<\/li><\/ul><\/div><\/li><li id=\"field_15_9\" class=\"gfield gfield--type-consent gfield--type-choice gfield--input-type-consent gfield--width-full gfield_contains_required field_sublabel_below gfield--no-description field_description_below field_validation_below gfield_visibility_visible gform_consent\"  data-field-class=\"gform_consent\" ><label class='gfield_label gform-field-label screen-reader-text gfield_label_before_complex' ><span class=\"gfield_required\"><span class=\"gfield_required gfield_required_asterisk\">*<\/span><\/span><\/label><div class='ginput_container ginput_container_consent'><input autocomplete=\"off\"  name='input_9.1' id='input_15_9_1' type='checkbox' value='1'   aria-required=\"true\" aria-invalid=\"false\"   \/> <label class=\"gform-field-label gform-field-label--type-inline gfield_consent_label\" for='input_15_9_1' >En envoyant vos informations, vous marquez votre accord avec la politique en mati\u00e8re de protection de la vie priv\u00e9e de Sweco. <a href=\"https:\/\/www.swecobelgium.be\/fr\/privacy-notice\/\">Cliquez ici<\/a> pour en savoir plus sur la mani\u00e8re dont nous sauvegardons vos donn\u00e9es.<\/label><input autocomplete=\"off\"  type='hidden' name='input_9.2' value='En envoyant vos informations, vous marquez votre accord avec la politique en mati\u00e8re de protection de la vie priv\u00e9e de Sweco. &lt;a href=&quot;https:\/\/www.swecobelgium.be\/fr\/privacy-notice\/&quot;&gt;Cliquez ici&lt;\/a&gt; pour en savoir plus sur la mani\u00e8re dont nous sauvegardons vos donn\u00e9es.' class='gform_hidden' \/><input autocomplete=\"off\"  type='hidden' name='input_9.3' value='13' class='gform_hidden' \/><\/div><\/li><li id=\"field_15_12\" class=\"gfield gfield--type-checkbox gfield--type-choice gfield--input-type-checkbox field_sublabel_below gfield--has-description field_description_below field_validation_below gfield_visibility_visible gform_checkbox\"  data-field-class=\"gform_checkbox\" ><label class='gfield_label gform-field-label gfield_label_before_complex' >Communications par e-mail<\/label><div class='ginput_container ginput_container_checkbox'><ul class='gfield_checkbox' id='input_15_12'><li class='gchoice gchoice_15_12_1'>\n\t\t\t\t\t\t\t\t<input autocomplete=\"off\"  class='gfield-choice-input' name='input_12.1' type='checkbox'  value='J\u2019autorise l\u2019envoi de communications par e-mail concernant des mises \u00e0 jour, services ou \u00e9v\u00e9nements pertinents.'  id='choice_15_12_1'   aria-describedby=\"gfield_description_15_12\"\/>\n\t\t\t\t\t\t\t\t<label for='choice_15_12_1' id='label_15_12_1' class='gform-field-label gform-field-label--type-inline'>J\u2019autorise l\u2019envoi de communications par e-mail concernant des mises \u00e0 jour, services ou \u00e9v\u00e9nements pertinents.<\/label>\n\t\t\t\t\t\t\t<\/li><\/ul><\/div><div class='gfield_description' id='gfield_description_15_12'>Vous pouvez retirer votre consentement \u00e0 tout moment via le lien de d\u00e9sinscription dans nos e-mails.<\/div><\/li><\/ul><\/div>\n        <div class='gform-footer gform_footer top_label'> <button class='btn btn__primary' id='gform_submit_button_15'><span>Tenez-moi au courant !<\/span><\/button> <input type='hidden' name='gform_ajax' value='form_id=15&amp;title=&amp;description=&amp;tabindex=0&amp;theme=legacy&amp;hash=b35c59816435acd5e43b3f8942c6b7b1' \/>\n            <input type='hidden' class='gform_hidden' name='gform_submission_method' data-js='gform_submission_method_15' value='iframe' \/>\n            <input type='hidden' class='gform_hidden' name='gform_theme' data-js='gform_theme_15' id='gform_theme_15' value='legacy' \/>\n            <input type='hidden' class='gform_hidden' name='gform_style_settings' data-js='gform_style_settings_15' id='gform_style_settings_15' value='' \/>\n            <input type='hidden' class='gform_hidden' name='is_submit_15' value='1' \/>\n            <input type='hidden' class='gform_hidden' name='gform_submit' value='15' \/>\n            \n            <input type='hidden' class='gform_hidden' name='gform_unique_id' value='' \/>\n            <input type='hidden' class='gform_hidden' name='state_15' value='WyJ7XCIxMVwiOltcImYwMDQxZjQ0ZmNjYjhjMzkxNzhjYWRkZDJjODQ1MmUxXCIsXCIzYjA4YTg3ZmE1ZWZlMmFiZjUxZDcwMmI3ZGFlZTQ5NlwiLFwiYzlhZGM0YzI0MzljMTNhNjJiZmNmNjRkZjI4ZTA3OWRcIl0sXCI5LjFcIjpcIjVhYWVlZmI3NTc0MTU1YjA1ZTkwNjQxMWI2MWVlNGZiXCIsXCI5LjJcIjpcIjkwYTM0ZGVjYjM0ZmJlNjIzNmNjNmZmYmRiMjNjMmJhXCIsXCI5LjNcIjpcImQzYjBjMjE4N2ZmNGY4MGYxZDkxNTk0ZWIyM2RiYWNjXCIsXCIxMi4xXCI6XCJlNDA1ZWNkY2NhMjVkMWE5ODNiMjc4MWY5ZDMwMzJmYlwifSIsImU3MThjYzUwNzU5ZWZmNmQ0MmNhN2EwYTUwMzkxYzFhIl0=' \/>\n            <input type='hidden' autocomplete='off' class='gform_hidden' name='gform_target_page_number_15' id='gform_target_page_number_15' value='0' \/>\n            <input type='hidden' autocomplete='off' class='gform_hidden' name='gform_source_page_number_15' id='gform_source_page_number_15' value='1' \/>\n            <input type='hidden' name='gform_field_values' value='' \/>\n            \n        <\/div>\n                        <\/form>\n                        <\/div>\n\t\t                <iframe style='display:none;width:0px;height:0px;' src='about:blank' name='gform_ajax_frame_15' id='gform_ajax_frame_15' title='Cette iframe contient la logique n\u00e9cessaire pour manipuler Gravity Forms avec Ajax.'><\/iframe>\n\t\t                <script type=\"text\/javascript\">\n\/* <![CDATA[ *\/\n gform.initializeOnLoaded( function() {gformInitSpinner( 15, 'https:\/\/www.swecobelgium.be\/wp-content\/themes\/sweco\/assets\/dist\/oval.svg', true );jQuery('#gform_ajax_frame_15').on('load',function(){var contents = jQuery(this).contents().find('*').html();var is_postback = contents.indexOf('GF_AJAX_POSTBACK') >= 0;if(!is_postback){return;}var form_content = jQuery(this).contents().find('#gform_wrapper_15');var is_confirmation = jQuery(this).contents().find('#gform_confirmation_wrapper_15').length > 0;var is_redirect = contents.indexOf('gformRedirect(){') >= 0;var is_form = form_content.length > 0 && ! is_redirect && ! is_confirmation;var mt = parseInt(jQuery('html').css('margin-top'), 10) + parseInt(jQuery('body').css('margin-top'), 10) + 100;if(is_form){jQuery('#gform_wrapper_15').html(form_content.html());if(form_content.hasClass('gform_validation_error')){jQuery('#gform_wrapper_15').addClass('gform_validation_error');} else {jQuery('#gform_wrapper_15').removeClass('gform_validation_error');}setTimeout( function() { \/* delay the scroll by 50 milliseconds to fix a bug in chrome *\/  }, 50 );if(window['gformInitDatepicker']) {gformInitDatepicker();}if(window['gformInitPriceFields']) {gformInitPriceFields();}var current_page = jQuery('#gform_source_page_number_15').val();gformInitSpinner( 15, 'https:\/\/www.swecobelgium.be\/wp-content\/themes\/sweco\/assets\/dist\/oval.svg', true );jQuery(document).trigger('gform_page_loaded', [15, current_page]);window['gf_submitting_15'] = false;}else if(!is_redirect){var confirmation_content = jQuery(this).contents().find('.GF_AJAX_POSTBACK').html();if(!confirmation_content){confirmation_content = contents;}jQuery('#gform_wrapper_15').replaceWith(confirmation_content);jQuery(document).trigger('gform_confirmation_loaded', [15]);window['gf_submitting_15'] = false;wp.a11y.speak(jQuery('#gform_confirmation_message_15').text());}else{jQuery('#gform_15').append(contents);if(window['gformRedirect']) {gformRedirect();}}jQuery(document).trigger(\"gform_pre_post_render\", [{ formId: \"15\", currentPage: \"current_page\", abort: function() { this.preventDefault(); } }]);        if (event && event.defaultPrevented) {                return;        }        const gformWrapperDiv = document.getElementById( \"gform_wrapper_15\" );        if ( gformWrapperDiv ) {            const visibilitySpan = document.createElement( \"span\" );            visibilitySpan.id = \"gform_visibility_test_15\";            gformWrapperDiv.insertAdjacentElement( \"afterend\", visibilitySpan );        }        const visibilityTestDiv = document.getElementById( \"gform_visibility_test_15\" );        let postRenderFired = false;        function triggerPostRender() {            if ( postRenderFired ) {                return;            }            postRenderFired = true;            gform.core.triggerPostRenderEvents( 15, current_page );            if ( visibilityTestDiv ) {                visibilityTestDiv.parentNode.removeChild( visibilityTestDiv );            }        }        function debounce( func, wait, immediate ) {            var timeout;            return function() {                var context = this, args = arguments;                var later = function() {                    timeout = null;                    if ( !immediate ) func.apply( context, args );                };                var callNow = immediate && !timeout;                clearTimeout( timeout );                timeout = setTimeout( later, wait );                if ( callNow ) func.apply( context, args );            };        }        const debouncedTriggerPostRender = debounce( function() {            triggerPostRender();        }, 200 );        if ( visibilityTestDiv && visibilityTestDiv.offsetParent === null ) {            const observer = new MutationObserver( ( mutations ) => {                mutations.forEach( ( mutation ) => {                    if ( mutation.type === 'attributes' && visibilityTestDiv.offsetParent !== null ) {                        debouncedTriggerPostRender();                        observer.disconnect();                    }                });            });            observer.observe( document.body, {                attributes: true,                childList: false,                subtree: true,                attributeFilter: [ 'style', 'class' ],            });        } else {            triggerPostRender();        }    } );} ); \n\/* ]]> *\/\n<\/script>\n                <\/div>\n            <\/div>\n        \n\t<\/div>\n<\/section>\n","protected":false},"excerpt":{"rendered":"","protected":false},"featured_media":8257,"template":"","blog_cats":[924],"blog_tags":[1002,1598,1758,925,961,997],"blog_author":[541],"class_list":["post-31060","blog","type-blog","status-publish","has-post-thumbnail","hentry","blog_cats-transition-energetique","blog_tags-efficacite-energetique","blog_tags-infrastructure-de-recharge-irve","blog_tags-mobilite-durable","blog_tags-decarbonisation","blog_tags-flexibilite-energetique","blog_tags-electrification-directe","blog_author-sweco"],"acf":[],"_links":{"self":[{"href":"https:\/\/www.swecobelgium.be\/fr\/wp-json\/wp\/v2\/blog\/31060","targetHints":{"allow":["GET"]}}],"collection":[{"href":"https:\/\/www.swecobelgium.be\/fr\/wp-json\/wp\/v2\/blog"}],"about":[{"href":"https:\/\/www.swecobelgium.be\/fr\/wp-json\/wp\/v2\/types\/blog"}],"wp:featuredmedia":[{"embeddable":true,"href":"https:\/\/www.swecobelgium.be\/fr\/wp-json\/wp\/v2\/media\/8257"}],"wp:attachment":[{"href":"https:\/\/www.swecobelgium.be\/fr\/wp-json\/wp\/v2\/media?parent=31060"}],"wp:term":[{"taxonomy":"blog_cats","embeddable":true,"href":"https:\/\/www.swecobelgium.be\/fr\/wp-json\/wp\/v2\/blog_cats?post=31060"},{"taxonomy":"blog_tags","embeddable":true,"href":"https:\/\/www.swecobelgium.be\/fr\/wp-json\/wp\/v2\/blog_tags?post=31060"},{"taxonomy":"blog_author","embeddable":true,"href":"https:\/\/www.swecobelgium.be\/fr\/wp-json\/wp\/v2\/blog_author?post=31060"}],"curies":[{"name":"wp","href":"https:\/\/api.w.org\/{rel}","templated":true}]}}