{"id":31138,"date":"2024-06-20T05:00:00","date_gmt":"2024-06-20T03:00:00","guid":{"rendered":"https:\/\/www.swecobelgium.be\/blog\/un-jalon-important-lusine-dhydrogene-vert-se-prepare-au-lancement-de-la-construction\/"},"modified":"2025-03-14T09:14:09","modified_gmt":"2025-03-14T08:14:09","slug":"un-jalon-important-lusine-dhydrogene-vert-se-prepare-au-lancement-de-la-construction","status":"publish","type":"blog","link":"https:\/\/www.swecobelgium.be\/fr\/actualites\/un-jalon-important-lusine-dhydrogene-vert-se-prepare-au-lancement-de-la-construction\/","title":{"rendered":"Un jalon important : l&rsquo;usine d&rsquo;hydrog\u00e8ne vert se pr\u00e9pare au lancement de la construction"},"content":{"rendered":"<section class=\"block block-share block--white\" >\n\t<div class=\"block__inner\">\n\t\t<div class=\"col--12 col--wrapper col--center\">\n            <div class=\"col col--12 editor-content col--center\">\n                <div class=\"share\">\n                    <p class=\"share-text\">Share on: <\/p>\n                    <div class=\"ss-inline-share-wrapper ss-hover-animation-fade ss-with-counter-border ss-inline-total-counter-left\"><div class=\"ss-inline-share-content\"><\/div><\/div>                <\/div>\n            <\/div>\n\t\t<\/div>\n\t<\/div>\n<\/section>\n\n<section class=\"block cb block--white\" >\n\t<div class=\"block__inner cb__inner cb__inner--one\">\n\t<div class=\"col--12 col--center col--wrapper\">\n\t\t<div class=\"col col--6 editor-content\">\n\t\t\t<p><strong>La phase de construction de l&rsquo;une des premi\u00e8res usines d&rsquo;<a href=\"https:\/\/www.swecobelgium.be\/fr\/expertise\/solutions-energetiques\/\">hydrog\u00e8ne<\/a> vert est en pleine pr\u00e9paration, ce qui nous rapproche de nos objectifs de neutralit\u00e9 carbone d&rsquo;ici 2050. \u00c0 cette fin, le fournisseur d\u2019\u00e9nergie VoltH2 et Sweco, le bureau de conseil en <a href=\"https:\/\/www.swecobelgium.be\/fr\/swecoarchitects\/\">architecture<\/a> et ing\u00e9nierie, noueront une collaboration intensive. L&rsquo;installation de production sera construite \u00e0 Delfzijl, aux Pays-Bas. Ce projet, qui produira environ 5 000 tonnes d&rsquo;<a href=\"https:\/\/www.swecobelgium.be\/fr\/expertise\/solutions-energetiques\/\">hydrog\u00e8ne<\/a> vert \u00e0 partir du deuxi\u00e8me semestre 2027, est \u00e0 l\u2019\u00e9tude pour le moment.<\/strong><\/p>\n<div id=\"attachment_21579\" style=\"width: 2570px\" class=\"wp-caption alignnone\"><img loading=\"lazy\" decoding=\"async\" aria-describedby=\"caption-attachment-21579\" class=\"wp-image-21579 size-full\" src=\"https:\/\/www.swecobelgium.be\/wp-content\/uploads\/sites\/12\/2024\/06\/01-sweco-volth2-waterstof-delfzijl-electro_4k-scaled.jpg\" alt=\"Belangrijke mijlpaal: groene waterstoffabriek bereidt zich voor op bouwstart\" width=\"2560\" height=\"1440\" srcset=\"https:\/\/www.swecobelgium.be\/wp-content\/uploads\/sites\/12\/2024\/06\/01-sweco-volth2-waterstof-delfzijl-electro_4k-scaled.jpg 2560w, https:\/\/www.swecobelgium.be\/wp-content\/uploads\/sites\/12\/2024\/06\/01-sweco-volth2-waterstof-delfzijl-electro_4k-200x113.jpg 200w, https:\/\/www.swecobelgium.be\/wp-content\/uploads\/sites\/12\/2024\/06\/01-sweco-volth2-waterstof-delfzijl-electro_4k-768x432.jpg 768w, https:\/\/www.swecobelgium.be\/wp-content\/uploads\/sites\/12\/2024\/06\/01-sweco-volth2-waterstof-delfzijl-electro_4k-1536x864.jpg 1536w, https:\/\/www.swecobelgium.be\/wp-content\/uploads\/sites\/12\/2024\/06\/01-sweco-volth2-waterstof-delfzijl-electro_4k-2048x1152.jpg 2048w, https:\/\/www.swecobelgium.be\/wp-content\/uploads\/sites\/12\/2024\/06\/01-sweco-volth2-waterstof-delfzijl-electro_4k-520x293.jpg 520w, https:\/\/www.swecobelgium.be\/wp-content\/uploads\/sites\/12\/2024\/06\/01-sweco-volth2-waterstof-delfzijl-electro_4k-800x450.jpg 800w, https:\/\/www.swecobelgium.be\/wp-content\/uploads\/sites\/12\/2024\/06\/01-sweco-volth2-waterstof-delfzijl-electro_4k-533x300.jpg 533w, https:\/\/www.swecobelgium.be\/wp-content\/uploads\/sites\/12\/2024\/06\/01-sweco-volth2-waterstof-delfzijl-electro_4k-652x367.jpg 652w\" sizes=\"auto, (max-width: 2560px) 100vw, 2560px\" \/><p id=\"caption-attachment-21579\" class=\"wp-caption-text\">\u00a9 Sweco \/ VoltH2<\/p><\/div>\n<p>Apr\u00e8s avoir d\u00e9fini les contours de sa <a href=\"https:\/\/www.swecobelgium.be\/fr\/services\/analyse-des-risques-climatiques\/\">strat\u00e9gie climatique<\/a>, l&rsquo;Union europ\u00e9enne doit \u0153uvrer \u00e0 sa mise en pratique. Selon le service climatique europ\u00e9en Copernicus, le mois de mai dernier a \u00e9t\u00e9 le plus chaud jamais enregistr\u00e9 dans le monde. Il n&rsquo;y a donc pas de temps \u00e0 perdre. L&rsquo;<a href=\"https:\/\/www.swecobelgium.be\/fr\/expertise\/solutions-energetiques\/\">hydrog\u00e8ne<\/a> vert reste essentiel pour d\u00e9carboner les secteurs tr\u00e8s \u00e9nergivores tels que l\u2019industrie chimique. Il devient une source d&rsquo;\u00e9nergie importante lorsque des temp\u00e9ratures tr\u00e8s \u00e9lev\u00e9es sont n\u00e9cessaires, par exemple pour la production d&rsquo;acier et de ciment.<\/p>\n<p><iframe loading=\"lazy\" title=\"YouTube video player\" src=\"https:\/\/www.youtube.com\/embed\/bQfDpJw9h14?si=x6yQS9FZdsBDAReO&amp;rel=0\" width=\"560\" height=\"315\" frameborder=\"0\" allowfullscreen=\"allowfullscreen\"><\/iframe><br \/>\n<iframe loading=\"lazy\" title=\"YouTube video player\" src=\"https:\/\/www.youtube.com\/embed\/4Xv-dY3CTcI?si=mkyMLKGqHsH2tmW6&amp;rel=0\" width=\"560\" height=\"315\" frameborder=\"0\" allowfullscreen=\"allowfullscreen\"><\/iframe><\/p>\n<h2>Il n\u2019y a pas de temps \u00e0 perdre<\/h2>\n<p>VoltH2 progresse rapidement avec le d\u00e9veloppement de trois usines d&rsquo;<a href=\"https:\/\/www.swecobelgium.be\/fr\/expertise\/solutions-energetiques\/\">hydrog\u00e8ne<\/a> vert, dont deux pr\u00e8s de la fronti\u00e8re belge (Flessingue et Terneuzen) et une \u00e0 Delfzijl, puis trois autres en Allemagne (Wilhelmshaven, Essen et Gelsenkirchen). Apr\u00e8s avoir obtenu les autorisations pr\u00e9c\u00e9demment, le producteur d\u2019\u00e9lectricit\u00e9 a re\u00e7u, au cours des six derniers mois, un permis de b\u00e2tir et un <a href=\"https:\/\/www.swecobelgium.be\/fr\/services\/eia-et-permis-pour-infrastructures\/\">permis d\u2019environnement<\/a> ainsi qu&rsquo;une subvention substantielle pour l\u2019usine de Delfzijl. Et l&rsquo;expertise belge n\u2019y est pas \u00e9trang\u00e8re.<\/p>\n<p>Une \u00e9quipe sp\u00e9cialis\u00e9e dans l&rsquo;<a href=\"https:\/\/www.swecobelgium.be\/fr\/expertise\/solutions-energetiques\/\">hydrog\u00e8ne<\/a>, compos\u00e9e des meilleurs experts de Sweco, s&rsquo;occupera \u00e9galement de l&rsquo;ing\u00e9nierie de base de l&rsquo;usine d&rsquo;<a href=\"https:\/\/www.swecobelgium.be\/fr\/expertise\/solutions-energetiques\/\">hydrog\u00e8ne<\/a> dans les mois \u00e0 venir. Cette collaboration marque un jalon important dans le d\u00e9veloppement de l&rsquo;une des premi\u00e8res usines de production d&rsquo;<a href=\"https:\/\/www.swecobelgium.be\/fr\/expertise\/solutions-energetiques\/\">hydrog\u00e8ne<\/a> op\u00e9rationnelles aux Pays-Bas.<\/p>\n<div id=\"attachment_21588\" style=\"width: 2058px\" class=\"wp-caption alignnone\"><img loading=\"lazy\" decoding=\"async\" aria-describedby=\"caption-attachment-21588\" class=\"wp-image-21588 size-full\" src=\"https:\/\/www.swecobelgium.be\/wp-content\/uploads\/sites\/12\/2024\/06\/02-20240610-sweco-volth2-groene-waterstof-delfzijl-ondertekening-25.jpg\" alt=\"Belangrijke mijlpaal: groene waterstoffabriek bereidt zich voor op bouwstart\" width=\"2048\" height=\"1365\" srcset=\"https:\/\/www.swecobelgium.be\/wp-content\/uploads\/sites\/12\/2024\/06\/02-20240610-sweco-volth2-groene-waterstof-delfzijl-ondertekening-25.jpg 2048w, https:\/\/www.swecobelgium.be\/wp-content\/uploads\/sites\/12\/2024\/06\/02-20240610-sweco-volth2-groene-waterstof-delfzijl-ondertekening-25-200x133.jpg 200w, https:\/\/www.swecobelgium.be\/wp-content\/uploads\/sites\/12\/2024\/06\/02-20240610-sweco-volth2-groene-waterstof-delfzijl-ondertekening-25-768x512.jpg 768w, https:\/\/www.swecobelgium.be\/wp-content\/uploads\/sites\/12\/2024\/06\/02-20240610-sweco-volth2-groene-waterstof-delfzijl-ondertekening-25-1536x1024.jpg 1536w, https:\/\/www.swecobelgium.be\/wp-content\/uploads\/sites\/12\/2024\/06\/02-20240610-sweco-volth2-groene-waterstof-delfzijl-ondertekening-25-520x347.jpg 520w, https:\/\/www.swecobelgium.be\/wp-content\/uploads\/sites\/12\/2024\/06\/02-20240610-sweco-volth2-groene-waterstof-delfzijl-ondertekening-25-800x533.jpg 800w, https:\/\/www.swecobelgium.be\/wp-content\/uploads\/sites\/12\/2024\/06\/02-20240610-sweco-volth2-groene-waterstof-delfzijl-ondertekening-25-450x300.jpg 450w, https:\/\/www.swecobelgium.be\/wp-content\/uploads\/sites\/12\/2024\/06\/02-20240610-sweco-volth2-groene-waterstof-delfzijl-ondertekening-25-675x450.jpg 675w, https:\/\/www.swecobelgium.be\/wp-content\/uploads\/sites\/12\/2024\/06\/02-20240610-sweco-volth2-groene-waterstof-delfzijl-ondertekening-25-652x435.jpg 652w\" sizes=\"auto, (max-width: 2048px) 100vw, 2048px\" \/><p id=\"caption-attachment-21588\" class=\"wp-caption-text\">Andr\u00e9 Jurres signe le contrat en tant que CEO de VoltH2. De gauche \u00e0 droite : Filip Verheyen (Division Director Industry Sweco Belgium), Andr\u00e9 Jurres, \u00c5sa Bergman (President &amp; CEO Sweco), Tom Van Den Noortgaete (Division Director Energy &amp; Environment Sweco Belgium), Erwin Malcorps (Business Area President Sweco Belgium), Gerwin Hament (Director Operations VoltH2), Peter De Block (Director Construction VoltH2)<\/p><\/div>\n\t\t<\/div>\n\t<\/div>\n<\/div>\n<div class=\"block__inner cb__inner cb__inner--media-content media-content media-content--left\">\n\t<div class=\"col--10 col--wrapper media-content__wrapper\">\n\t\t\t\t\t<div class=\"col col--6 media-content__content editor-content\">\n\t\t\t\t<blockquote><p><\/p>\n<figure><i class='icon icon-quote'><\/i><\/figure>\n<p>Andr\u00e9 Jurres, CEO de VoltH2 : \u00ab Sweco et VoltH2 ont d\u00e9lib\u00e9r\u00e9ment choisi d&rsquo;agir maintenant, en d\u00e9veloppant plusieurs projets d\u2019installations d&rsquo;une capacit\u00e9 relativement faible, de telle sorte que l&rsquo;<a href=\"https:\/\/www.swecobelgium.be\/fr\/expertise\/solutions-energetiques\/\">hydrog\u00e8ne<\/a> vert soit disponible pour notre industrie et nos ports \u00e0 court terme. Au contraire des grandes installations de 100 MW ou plus qui ne seront pr\u00eates que plus tard. \u00c0 Delfzijl, nous pr\u00e9voyons une usine d&rsquo;<a href=\"https:\/\/www.swecobelgium.be\/fr\/expertise\/solutions-energetiques\/\">hydrog\u00e8ne<\/a> de 60 MW durant le second semestre de 2027. Cela correspond \u00e0 une production d&rsquo;environ 5.000 tonnes par an. \u00bb<\/p><\/blockquote>\n\t\t\t<\/div>\n\t\t\t\t<div class=\"col col--6 media-content__media media-content__media--image\">\n\t\t\t<img loading=\"lazy\" decoding=\"async\" width=\"780\" height=\"460\" src=\"https:\/\/www.swecobelgium.be\/wp-content\/uploads\/sites\/12\/2024\/06\/Andre-Jurres-clean-1200x750-2-780x460.jpg\" class=\"attachment-media-content size-media-content\" alt=\"\" full-size-url=\"https:\/\/www.swecobelgium.be\/wp-content\/uploads\/sites\/12\/2024\/06\/Andre-Jurres-clean-1200x750-2.jpg\" srcset=\"https:\/\/www.swecobelgium.be\/wp-content\/uploads\/sites\/12\/2024\/06\/Andre-Jurres-clean-1200x750-2-780x460.jpg 780w, https:\/\/www.swecobelgium.be\/wp-content\/uploads\/sites\/12\/2024\/06\/Andre-Jurres-clean-1200x750-2-200x117.jpg 200w\" sizes=\"auto, (max-width: 780px) 100vw, 780px\" \/>\n\t\t\t\n\t\t<\/div>\n\t<\/div>\n<\/div><div class=\"block__inner cb__inner cb__inner--media-content media-content media-content--right\">\n\t<div class=\"col--10 col--wrapper media-content__wrapper\">\n\t\t\t\t\t<div class=\"col col--6 media-content__content editor-content\">\n\t\t\t\t<blockquote><p><\/p>\n<figure><i class='icon icon-quote'><\/i><\/figure>\n<p>Erwin Malcorps, Business Area President de Sweco Belgium poursuit : \u00ab Chez Sweco, nous avons d\u00e9lib\u00e9r\u00e9ment opt\u00e9 pour un r\u00f4le de pionnier, comme on est en droit de l\u2019attendre de l\u2019\u00e9minent bureau d&rsquo;architecture et d&rsquo;ing\u00e9nierie en Europe. Si nous voulons progresser dans la <a href=\"https:\/\/www.swecobelgium.be\/fr\/expertise\/solutions-energetiques\/\">transition \u00e9nerg\u00e9tique<\/a>, nous devons agir rapidement. En intervenant dans le projet d\u00e8s le stade du dossier n\u00e9cessaire pour la recherche d&rsquo;investissements et la d\u00e9livrance des permis, nous fournissons d\u2019embl\u00e9e un avant-projet d\u00e9taill\u00e9. Une fois le permis octroy\u00e9, nous poursuivons l\u2019\u00e9laboration de l&rsquo;ing\u00e9nierie de base. Pendant la construction de l\u2019installation, nous resterons \u00e9galement disponibles pour apporter \u00e0 VoltH2 des conseils techniques. \u00bb<\/p><\/blockquote>\n\t\t\t<\/div>\n\t\t\t\t<div class=\"col col--6 media-content__media media-content__media--image\">\n\t\t\t<img loading=\"lazy\" decoding=\"async\" width=\"780\" height=\"460\" src=\"https:\/\/www.swecobelgium.be\/wp-content\/uploads\/sites\/12\/2024\/06\/Business-Area-President-Malcorps-Erwin-1200x700-1-780x460.jpg\" class=\"attachment-media-content size-media-content\" alt=\"Erwin Malcorps, Business Area President van Sweco Belgium\" full-size-url=\"https:\/\/www.swecobelgium.be\/wp-content\/uploads\/sites\/12\/2024\/06\/Business-Area-President-Malcorps-Erwin-1200x700-1.jpg\" srcset=\"https:\/\/www.swecobelgium.be\/wp-content\/uploads\/sites\/12\/2024\/06\/Business-Area-President-Malcorps-Erwin-1200x700-1-780x460.jpg 780w, https:\/\/www.swecobelgium.be\/wp-content\/uploads\/sites\/12\/2024\/06\/Business-Area-President-Malcorps-Erwin-1200x700-1-200x117.jpg 200w\" sizes=\"auto, (max-width: 780px) 100vw, 780px\" \/>\n\t\t\t\n\t\t<\/div>\n\t<\/div>\n<\/div><div class=\"block__inner cb__inner cb__inner--one\">\n\t<div class=\"col--12 col--center col--wrapper\">\n\t\t<div class=\"col col--6 editor-content\">\n\t\t\t<p>La collaboration entre VoltH2 et Sweco remonte \u00e0 2021. Andr\u00e9 Jurres explique comment elle a vu le jour : \u00ab \u00c0 l&rsquo;\u00e9poque, nous avons opt\u00e9 pour un partenaire local qui, tout en \u00e9tant proche de nous, poss\u00e9dait aussi un rayonnement international. Sweco est d&rsquo;origine scandinave, mais op\u00e8re au Benelux et en Allemagne, comme par hasard les r\u00e9gions vers lesquelles VoltH2 se tourne \u00e9galement. Gr\u00e2ce \u00e0 sa connaissance approfondie de la l\u00e9gislation locale, l&rsquo;\u00e9quipe <a href=\"https:\/\/www.swecobelgium.be\/fr\/expertise\/solutions-energetiques\/\">hydrog\u00e8ne<\/a> de Sweco est bien plac\u00e9e pour nos trajets d\u2019obtention de permis. En outre, elle affiche le know-how technique n\u00e9cessaire gr\u00e2ce \u00e0 ses experts de premier plan et aux quelques projets d\u2019envergure li\u00e9s \u00e0 l\u2019<a href=\"https:\/\/www.swecobelgium.be\/fr\/expertise\/solutions-energetiques\/\">hydrog\u00e8ne<\/a> qu\u2019elle compte \u00e0 son actif. \u00bb<\/p>\n<p>La construction de l&rsquo;installation d&rsquo;<a href=\"https:\/\/www.swecobelgium.be\/fr\/expertise\/solutions-energetiques\/\">hydrog\u00e8ne<\/a> vert \u00e0 Delfzijl repr\u00e9sente une \u00e9tape concr\u00e8te vers un avenir plus durable. Par leur vision audacieuse et leurs actions concr\u00e8tes, VoltH2 et Sweco prouvent que la <a href=\"https:\/\/www.swecobelgium.be\/fr\/expertise\/solutions-energetiques\/\">transition \u00e9nerg\u00e9tique<\/a> est non seulement n\u00e9cessaire, mais aussi r\u00e9alisable. Et ce d\u00e8s aujourd&rsquo;hui.<\/p>\n<img class='wp-image-21628 size-full' src='https:\/\/www.swecobelgium.be\/wp-content\/uploads\/sites\/12\/2024\/06\/04-sweco-volth2-waterstof-delfzijl-electro-4k-scaled.jpg' alt='Belangrijke mijlpaal: groene waterstoffabriek bereidt zich voor op bouwstart' width='2560' height='1440' \/>\n\t\t<\/div>\n\t<\/div>\n<\/div>\n<\/section>\n\n\n<section class=\"block block--white latest-insights\" >\n\t<div class=\"block__inner latest-insights__inner\">\n\t\t<div class=\"col--11 col--wrapper\">\n\t\t\t\t\t\t\t<div class=\"col col--12 editor-content latest-insights__title\">\n\t\t\t\t\t<h2 class=\"h2 hyphenate\">Autres actualit\u00e9s<\/h2>\t\t\t\t<\/div>\n\t\t\t\n\t\t\t\t\t\t\t\t<div class=\"col col--4 insight\" data-clickable=\"true\">\n\t\t\t\t\t\t<img loading=\"lazy\" decoding=\"async\" width=\"520\" height=\"296\" src=\"https:\/\/www.swecobelgium.be\/wp-content\/uploads\/sites\/12\/2026\/04\/\u00a9sachacnockaert-office-antwerp-berchem-2019-2-1-520x296.jpg\" class=\"attachment-insights-featured size-insights-featured wp-post-image\" alt=\"Sweco en Lantis versterken hun samenwerking rond mobiliteitsmanagement\" \/>\t\t\t\t\t\t<div class=\"insight__content editor-content\">\n\t\t\t\t\t\t\t<em class=\"cats\">Transports durables et mobilit\u00e9<span class=\"cats__sep\"><\/span>30\/04\/2026<\/em>\t\t\t\t\t\t\t<h3><a href=\"https:\/\/www.swecobelgium.be\/fr\/actualites\/sweco-et-lantis-renforcent-leur-collaboration-en-matiere-de-gestion-de-la-mobilite\/\">Sweco et Lantis renforcent leur collaboration en mati\u00e8re de gestion de la mobilit\u00e9<\/a><\/h3>\n\t\t\t\t\t\t\t<p> <span class=\"readmore\">En savoir plus<\/span><\/p>\n\t\t\t\t\t\t<\/div>\n\t\t\t\t\t<\/div>\n\t\t\t\t\t\t\t\t\t<div class=\"col col--4 insight\" data-clickable=\"true\">\n\t\t\t\t\t\t<img loading=\"lazy\" decoding=\"async\" width=\"520\" height=\"296\" src=\"https:\/\/www.swecobelgium.be\/wp-content\/uploads\/sites\/12\/2026\/04\/\u00a9Tom-DhaenensENGIE-Belgium-FrieslandCampina-e-boiler-2025-01-8-520x296.jpg\" class=\"attachment-insights-featured size-insights-featured wp-post-image\" alt=\"\" \/>\t\t\t\t\t\t<div class=\"insight__content editor-content\">\n\t\t\t\t\t\t\t<em class=\"cats\">Industrietransitie, Transition industrielle<span class=\"cats__sep\"><\/span>30\/04\/2026<\/em>\t\t\t\t\t\t\t<h3><a href=\"https:\/\/www.swecobelgium.be\/fr\/actualites\/de-risking-des-projets-industriels-pourquoi-des-choix-solides-commencent-avant-la-premiere-phase-dingenierie\/\">D\u00e9-risking des projets industriels : pourquoi des choix solides commencent avant la premi\u00e8re phase d\u2019ing\u00e9nierie<\/a><\/h3>\n\t\t\t\t\t\t\t<p> <span class=\"readmore\">En savoir plus<\/span><\/p>\n\t\t\t\t\t\t<\/div>\n\t\t\t\t\t<\/div>\n\t\t\t\t\t\t\t\t\t<div class=\"col col--4 insight\" data-clickable=\"true\">\n\t\t\t\t\t\t<img loading=\"lazy\" decoding=\"async\" width=\"520\" height=\"296\" src=\"https:\/\/www.swecobelgium.be\/wp-content\/uploads\/sites\/12\/2026\/04\/Say-Cheese_23042026_AquafinAwards-projectteam-Brugge-Oostende-520x296.jpg\" class=\"attachment-insights-featured size-insights-featured wp-post-image\" alt=\"Projectteams bekroond met speciale prijs op Aquafin Awards\" \/>\t\t\t\t\t\t<div class=\"insight__content editor-content\">\n\t\t\t\t\t\t\t<em class=\"cats\">Eau<span class=\"cats__sep\"><\/span>24\/04\/2026<\/em>\t\t\t\t\t\t\t<h3><a href=\"https:\/\/www.swecobelgium.be\/fr\/actualites\/des-equipes-de-projet-recompensees-par-un-prix-special-lors-des-aquafin-awards\/\">Des \u00e9quipes de projet r\u00e9compens\u00e9es par un prix sp\u00e9cial lors des Aquafin Awards<\/a><\/h3>\n\t\t\t\t\t\t\t<p> <span class=\"readmore\">En savoir plus<\/span><\/p>\n\t\t\t\t\t\t<\/div>\n\t\t\t\t\t<\/div>\n\t\t\t\t\n\t\t\t\t\t<\/div>\n\t<\/div>\n<\/section>\n\n<section class=\"block form-block block--lightgray\" >\n\t<div class=\"block__inner form-block__inner \">\n\n                    <div class=\"col--11 col--wrapper\">\n                                    <div class=\"col col--4 editor-content form-block__title\">\n                        <h2 class=\"h2 hyphenate\">Inscrivez-vous \u00e0 notre newsletter<\/h2>                    <\/div>\n                    <div class=\"col--12 col\"><\/div>\n                \n                <div class=\"col col--4 editor-content\">\n                    Recevez des mises \u00e0 jour sur des projets innovants, des <a href=\"https:\/\/www.swecobelgium.be\/fr\/durabilite\/\">solutions durables<\/a> et des analyses exclusives de Sweco. Abonnez-vous d\u00e8s maintenant et participez \u00e0 la transformation de demain.\r\n\r\n\r\n\r\n\r\n\r\n\r\n\r\n                <\/div>\n\n                <div class=\"col col--7\">\n                    <script type=\"text\/javascript\">\n\/* <![CDATA[ *\/\nvar gform;gform||(document.addEventListener(\"gform_main_scripts_loaded\",function(){gform.scriptsLoaded=!0}),document.addEventListener(\"gform\/theme\/scripts_loaded\",function(){gform.themeScriptsLoaded=!0}),window.addEventListener(\"DOMContentLoaded\",function(){gform.domLoaded=!0}),gform={domLoaded:!1,scriptsLoaded:!1,themeScriptsLoaded:!1,isFormEditor:()=>\"function\"==typeof InitializeEditor,callIfLoaded:function(o){return!(!gform.domLoaded||!gform.scriptsLoaded||!gform.themeScriptsLoaded&&!gform.isFormEditor()||(gform.isFormEditor()&&console.warn(\"The use of gform.initializeOnLoaded() is deprecated in the form editor context and will be removed in Gravity Forms 3.1.\"),o(),0))},initializeOnLoaded:function(o){gform.callIfLoaded(o)||(document.addEventListener(\"gform_main_scripts_loaded\",()=>{gform.scriptsLoaded=!0,gform.callIfLoaded(o)}),document.addEventListener(\"gform\/theme\/scripts_loaded\",()=>{gform.themeScriptsLoaded=!0,gform.callIfLoaded(o)}),window.addEventListener(\"DOMContentLoaded\",()=>{gform.domLoaded=!0,gform.callIfLoaded(o)}))},hooks:{action:{},filter:{}},addAction:function(o,r,e,t){gform.addHook(\"action\",o,r,e,t)},addFilter:function(o,r,e,t){gform.addHook(\"filter\",o,r,e,t)},doAction:function(o){gform.doHook(\"action\",o,arguments)},applyFilters:function(o){return gform.doHook(\"filter\",o,arguments)},removeAction:function(o,r){gform.removeHook(\"action\",o,r)},removeFilter:function(o,r,e){gform.removeHook(\"filter\",o,r,e)},addHook:function(o,r,e,t,n){null==gform.hooks[o][r]&&(gform.hooks[o][r]=[]);var d=gform.hooks[o][r];null==n&&(n=r+\"_\"+d.length),gform.hooks[o][r].push({tag:n,callable:e,priority:t=null==t?10:t})},doHook:function(r,o,e){var t;if(e=Array.prototype.slice.call(e,1),null!=gform.hooks[r][o]&&((o=gform.hooks[r][o]).sort(function(o,r){return o.priority-r.priority}),o.forEach(function(o){\"function\"!=typeof(t=o.callable)&&(t=window[t]),\"action\"==r?t.apply(null,e):e[0]=t.apply(null,e)})),\"filter\"==r)return e[0]},removeHook:function(o,r,t,n){var e;null!=gform.hooks[o][r]&&(e=(e=gform.hooks[o][r]).filter(function(o,r,e){return!!(null!=n&&n!=o.tag||null!=t&&t!=o.priority)}),gform.hooks[o][r]=e)}});\n\/* ]]> *\/\n<\/script>\n\n                <div class='gf_browser_gecko gform_wrapper gform_legacy_markup_wrapper gform-theme--no-framework' data-form-theme='legacy' data-form-index='0' id='gform_wrapper_15' ><form class=\"gform_analytics_tracking\" method='post' enctype='multipart\/form-data' target='gform_ajax_frame_15' id='gform_15'  action='\/fr\/wp-json\/wp\/v2\/blog\/31138' data-formid='15' novalidate autocomplete=\"off\">\n                        <div class='gform-body gform_body'><ul id='gform_fields_15' class='gform_fields top_label form_sublabel_below description_below validation_below'><li id=\"field_15_13\" class=\"gfield gfield--type-honeypot gform_validation_container field_sublabel_below gfield--has-description field_description_below field_validation_below gfield_visibility_visible gform_honeypot\"  data-field-class=\"gform_honeypot\" ><label class='gfield_label gform-field-label' for='input_15_13'>Name<\/label><div class='ginput_container'><input autocomplete=\"off\"  name='input_13' id='input_15_13' type='text' value='' autocomplete='new-password'\/><\/div><div class='gfield_description' id='gfield_description_15_13'>Ce champ n\u2019est utilis\u00e9 qu\u2019\u00e0 des fins de validation et devrait rester inchang\u00e9.<\/div><\/li><li id=\"field_15_5\" class=\"gfield gfield--type-email gfield--input-type-email gfield--width-full gfield_contains_required field_sublabel_below gfield--no-description field_description_below field_validation_below gfield_visibility_visible gform_email\"  data-field-class=\"gform_email\" ><label class='gfield_label gform-field-label' for='input_15_5'>E-mail<span class=\"gfield_required\"><span class=\"gfield_required gfield_required_asterisk\">*<\/span><\/span><\/label><div class='ginput_container ginput_container_email'>\n                            <input autocomplete=\"off\"  name='input_5' id='input_15_5' type='email' value='' class='large'    aria-required=\"true\" aria-invalid=\"false\"  \/>\n                        <\/div><\/li><li id=\"field_15_7\" class=\"gfield gfield--type-text gfield--input-type-text gfield--width-full gfield_contains_required field_sublabel_below gfield--no-description field_description_below field_validation_below gfield_visibility_visible gform_text\"  data-field-class=\"gform_text\" ><label class='gfield_label gform-field-label' for='input_15_7'>Pr\u00e9nom<span class=\"gfield_required\"><span class=\"gfield_required gfield_required_asterisk\">*<\/span><\/span><\/label><div class='ginput_container ginput_container_text'><input autocomplete=\"off\"  name='input_7' id='input_15_7' type='text' value='' class='large'     aria-required=\"true\" aria-invalid=\"false\"   \/><\/div><\/li><li id=\"field_15_8\" class=\"gfield gfield--type-text gfield--input-type-text gfield--width-full gfield_contains_required field_sublabel_below gfield--no-description field_description_below field_validation_below gfield_visibility_visible gform_text\"  data-field-class=\"gform_text\" ><label class='gfield_label gform-field-label' for='input_15_8'>Nom de famille<span class=\"gfield_required\"><span class=\"gfield_required gfield_required_asterisk\">*<\/span><\/span><\/label><div class='ginput_container ginput_container_text'><input autocomplete=\"off\"  name='input_8' id='input_15_8' type='text' value='' class='large'     aria-required=\"true\" aria-invalid=\"false\"   \/><\/div><\/li><li id=\"field_15_10\" class=\"gfield gfield--type-text gfield--input-type-text gfield--width-full field_sublabel_below gfield--no-description field_description_below field_validation_below gfield_visibility_visible gform_text\"  data-field-class=\"gform_text\" ><label class='gfield_label gform-field-label' for='input_15_10'>Entreprise (facultatif)<\/label><div class='ginput_container ginput_container_text'><input autocomplete=\"off\"  name='input_10' id='input_15_10' type='text' value='' class='large'      aria-invalid=\"false\"   \/><\/div><\/li><li id=\"field_15_11\" class=\"gfield gfield--type-radio gfield--type-choice gfield--input-type-radio gfield--width-full gfield_contains_required field_sublabel_below gfield--no-description field_description_below field_validation_below gfield_visibility_visible gform_radio\"  data-field-class=\"gform_radio\" ><label class='gfield_label gform-field-label' >Je souhaite recevoir la lettre d\u2019information en<span class=\"gfield_required\"><span class=\"gfield_required gfield_required_asterisk\">*<\/span><\/span><\/label><div class='ginput_container ginput_container_radio'><ul class='gfield_radio' id='input_15_11'>\n\t\t\t<li class='gchoice gchoice_15_11_0'>\n\t\t\t\t<input autocomplete=\"off\"  name='input_11' type='radio' value='n\u00e9erlandais'  id='choice_15_11_0'    \/>\n\t\t\t\t<label for='choice_15_11_0' id='label_15_11_0' class='gform-field-label gform-field-label--type-inline'>n\u00e9erlandais<\/label>\n\t\t\t<\/li>\n\t\t\t<li class='gchoice gchoice_15_11_1'>\n\t\t\t\t<input autocomplete=\"off\"  name='input_11' type='radio' value='fran\u00e7ais'  id='choice_15_11_1'    \/>\n\t\t\t\t<label for='choice_15_11_1' id='label_15_11_1' class='gform-field-label gform-field-label--type-inline'>fran\u00e7ais<\/label>\n\t\t\t<\/li>\n\t\t\t<li class='gchoice gchoice_15_11_2'>\n\t\t\t\t<input autocomplete=\"off\"  name='input_11' type='radio' value='anglais'  id='choice_15_11_2'    \/>\n\t\t\t\t<label for='choice_15_11_2' id='label_15_11_2' class='gform-field-label gform-field-label--type-inline'>anglais<\/label>\n\t\t\t<\/li><\/ul><\/div><\/li><li id=\"field_15_9\" class=\"gfield gfield--type-consent gfield--type-choice gfield--input-type-consent gfield--width-full gfield_contains_required field_sublabel_below gfield--no-description field_description_below field_validation_below gfield_visibility_visible gform_consent\"  data-field-class=\"gform_consent\" ><label class='gfield_label gform-field-label screen-reader-text gfield_label_before_complex' ><span class=\"gfield_required\"><span class=\"gfield_required gfield_required_asterisk\">*<\/span><\/span><\/label><div class='ginput_container ginput_container_consent'><input autocomplete=\"off\"  name='input_9.1' id='input_15_9_1' type='checkbox' value='1'   aria-required=\"true\" aria-invalid=\"false\"   \/> <label class=\"gform-field-label gform-field-label--type-inline gfield_consent_label\" for='input_15_9_1' >En envoyant vos informations, vous marquez votre accord avec la politique en mati\u00e8re de protection de la vie priv\u00e9e de Sweco. <a href=\"https:\/\/www.swecobelgium.be\/fr\/privacy-notice\/\">Cliquez ici<\/a> pour en savoir plus sur la mani\u00e8re dont nous sauvegardons vos donn\u00e9es.<\/label><input autocomplete=\"off\"  type='hidden' name='input_9.2' value='En envoyant vos informations, vous marquez votre accord avec la politique en mati\u00e8re de protection de la vie priv\u00e9e de Sweco. &lt;a href=&quot;https:\/\/www.swecobelgium.be\/fr\/privacy-notice\/&quot;&gt;Cliquez ici&lt;\/a&gt; pour en savoir plus sur la mani\u00e8re dont nous sauvegardons vos donn\u00e9es.' class='gform_hidden' \/><input autocomplete=\"off\"  type='hidden' name='input_9.3' value='13' class='gform_hidden' \/><\/div><\/li><li id=\"field_15_12\" class=\"gfield gfield--type-checkbox gfield--type-choice gfield--input-type-checkbox field_sublabel_below gfield--has-description field_description_below field_validation_below gfield_visibility_visible gform_checkbox\"  data-field-class=\"gform_checkbox\" ><label class='gfield_label gform-field-label gfield_label_before_complex' >Communications par e-mail<\/label><div class='ginput_container ginput_container_checkbox'><ul class='gfield_checkbox' id='input_15_12'><li class='gchoice gchoice_15_12_1'>\n\t\t\t\t\t\t\t\t<input autocomplete=\"off\"  class='gfield-choice-input' name='input_12.1' type='checkbox'  value='J\u2019autorise l\u2019envoi de communications par e-mail concernant des mises \u00e0 jour, services ou \u00e9v\u00e9nements pertinents.'  id='choice_15_12_1'   aria-describedby=\"gfield_description_15_12\"\/>\n\t\t\t\t\t\t\t\t<label for='choice_15_12_1' id='label_15_12_1' class='gform-field-label gform-field-label--type-inline'>J\u2019autorise l\u2019envoi de communications par e-mail concernant des mises \u00e0 jour, services ou \u00e9v\u00e9nements pertinents.<\/label>\n\t\t\t\t\t\t\t<\/li><\/ul><\/div><div class='gfield_description' id='gfield_description_15_12'>Vous pouvez retirer votre consentement \u00e0 tout moment via le lien de d\u00e9sinscription dans nos e-mails.<\/div><\/li><\/ul><\/div>\n        <div class='gform-footer gform_footer top_label'> <button class='btn btn__primary' id='gform_submit_button_15'><span>Tenez-moi au courant !<\/span><\/button> <input type='hidden' name='gform_ajax' value='form_id=15&amp;title=&amp;description=&amp;tabindex=0&amp;theme=legacy&amp;hash=b35c59816435acd5e43b3f8942c6b7b1' \/>\n            <input type='hidden' class='gform_hidden' name='gform_submission_method' data-js='gform_submission_method_15' value='iframe' \/>\n            <input type='hidden' class='gform_hidden' name='gform_theme' data-js='gform_theme_15' id='gform_theme_15' value='legacy' \/>\n            <input type='hidden' class='gform_hidden' name='gform_style_settings' data-js='gform_style_settings_15' id='gform_style_settings_15' value='' \/>\n            <input type='hidden' class='gform_hidden' name='is_submit_15' value='1' \/>\n            <input type='hidden' class='gform_hidden' name='gform_submit' value='15' \/>\n            \n            <input type='hidden' class='gform_hidden' name='gform_unique_id' value='' \/>\n            <input type='hidden' class='gform_hidden' name='state_15' value='WyJ7XCIxMVwiOltcImYwMDQxZjQ0ZmNjYjhjMzkxNzhjYWRkZDJjODQ1MmUxXCIsXCIzYjA4YTg3ZmE1ZWZlMmFiZjUxZDcwMmI3ZGFlZTQ5NlwiLFwiYzlhZGM0YzI0MzljMTNhNjJiZmNmNjRkZjI4ZTA3OWRcIl0sXCI5LjFcIjpcIjVhYWVlZmI3NTc0MTU1YjA1ZTkwNjQxMWI2MWVlNGZiXCIsXCI5LjJcIjpcIjkwYTM0ZGVjYjM0ZmJlNjIzNmNjNmZmYmRiMjNjMmJhXCIsXCI5LjNcIjpcImQzYjBjMjE4N2ZmNGY4MGYxZDkxNTk0ZWIyM2RiYWNjXCIsXCIxMi4xXCI6XCJlNDA1ZWNkY2NhMjVkMWE5ODNiMjc4MWY5ZDMwMzJmYlwifSIsImU3MThjYzUwNzU5ZWZmNmQ0MmNhN2EwYTUwMzkxYzFhIl0=' \/>\n            <input type='hidden' autocomplete='off' class='gform_hidden' name='gform_target_page_number_15' id='gform_target_page_number_15' value='0' \/>\n            <input type='hidden' autocomplete='off' class='gform_hidden' name='gform_source_page_number_15' id='gform_source_page_number_15' value='1' \/>\n            <input type='hidden' name='gform_field_values' value='' \/>\n            \n        <\/div>\n                        <\/form>\n                        <\/div>\n\t\t                <iframe style='display:none;width:0px;height:0px;' src='about:blank' name='gform_ajax_frame_15' id='gform_ajax_frame_15' title='Cette iframe contient la logique n\u00e9cessaire pour manipuler Gravity Forms avec Ajax.'><\/iframe>\n\t\t                <script type=\"text\/javascript\">\n\/* <![CDATA[ *\/\n gform.initializeOnLoaded( function() {gformInitSpinner( 15, 'https:\/\/www.swecobelgium.be\/wp-content\/themes\/sweco\/assets\/dist\/oval.svg', true );jQuery('#gform_ajax_frame_15').on('load',function(){var contents = jQuery(this).contents().find('*').html();var is_postback = contents.indexOf('GF_AJAX_POSTBACK') >= 0;if(!is_postback){return;}var form_content = jQuery(this).contents().find('#gform_wrapper_15');var is_confirmation = jQuery(this).contents().find('#gform_confirmation_wrapper_15').length > 0;var is_redirect = contents.indexOf('gformRedirect(){') >= 0;var is_form = form_content.length > 0 && ! is_redirect && ! is_confirmation;var mt = parseInt(jQuery('html').css('margin-top'), 10) + parseInt(jQuery('body').css('margin-top'), 10) + 100;if(is_form){jQuery('#gform_wrapper_15').html(form_content.html());if(form_content.hasClass('gform_validation_error')){jQuery('#gform_wrapper_15').addClass('gform_validation_error');} else {jQuery('#gform_wrapper_15').removeClass('gform_validation_error');}setTimeout( function() { \/* delay the scroll by 50 milliseconds to fix a bug in chrome *\/  }, 50 );if(window['gformInitDatepicker']) {gformInitDatepicker();}if(window['gformInitPriceFields']) {gformInitPriceFields();}var current_page = jQuery('#gform_source_page_number_15').val();gformInitSpinner( 15, 'https:\/\/www.swecobelgium.be\/wp-content\/themes\/sweco\/assets\/dist\/oval.svg', true );jQuery(document).trigger('gform_page_loaded', [15, current_page]);window['gf_submitting_15'] = false;}else if(!is_redirect){var confirmation_content = jQuery(this).contents().find('.GF_AJAX_POSTBACK').html();if(!confirmation_content){confirmation_content = contents;}jQuery('#gform_wrapper_15').replaceWith(confirmation_content);jQuery(document).trigger('gform_confirmation_loaded', [15]);window['gf_submitting_15'] = false;wp.a11y.speak(jQuery('#gform_confirmation_message_15').text());}else{jQuery('#gform_15').append(contents);if(window['gformRedirect']) {gformRedirect();}}jQuery(document).trigger(\"gform_pre_post_render\", [{ formId: \"15\", currentPage: \"current_page\", abort: function() { this.preventDefault(); } }]);        if (event && event.defaultPrevented) {                return;        }        const gformWrapperDiv = document.getElementById( \"gform_wrapper_15\" );        if ( gformWrapperDiv ) {            const visibilitySpan = document.createElement( \"span\" );            visibilitySpan.id = \"gform_visibility_test_15\";            gformWrapperDiv.insertAdjacentElement( \"afterend\", visibilitySpan );        }        const visibilityTestDiv = document.getElementById( \"gform_visibility_test_15\" );        let postRenderFired = false;        function triggerPostRender() {            if ( postRenderFired ) {                return;            }            postRenderFired = true;            gform.core.triggerPostRenderEvents( 15, current_page );            if ( visibilityTestDiv ) {                visibilityTestDiv.parentNode.removeChild( visibilityTestDiv );            }        }        function debounce( func, wait, immediate ) {            var timeout;            return function() {                var context = this, args = arguments;                var later = function() {                    timeout = null;                    if ( !immediate ) func.apply( context, args );                };                var callNow = immediate && !timeout;                clearTimeout( timeout );                timeout = setTimeout( later, wait );                if ( callNow ) func.apply( context, args );            };        }        const debouncedTriggerPostRender = debounce( function() {            triggerPostRender();        }, 200 );        if ( visibilityTestDiv && visibilityTestDiv.offsetParent === null ) {            const observer = new MutationObserver( ( mutations ) => {                mutations.forEach( ( mutation ) => {                    if ( mutation.type === 'attributes' && visibilityTestDiv.offsetParent !== null ) {                        debouncedTriggerPostRender();                        observer.disconnect();                    }                });            });            observer.observe( document.body, {                attributes: true,                childList: false,                subtree: true,                attributeFilter: [ 'style', 'class' ],            });        } else {            triggerPostRender();        }    } );} ); \n\/* ]]> *\/\n<\/script>\n                <\/div>\n            <\/div>\n        \n\t<\/div>\n<\/section>\n","protected":false},"excerpt":{"rendered":"","protected":false},"featured_media":21581,"template":"","blog_cats":[745,924,1025],"blog_tags":[927,982,1612,3345],"blog_author":[541],"class_list":["post-31138","blog","type-blog","status-publish","has-post-thumbnail","hentry","blog_cats-project-news","blog_cats-transition-energetique","blog_cats-zero-carbone","blog_tags-hydrogene","blog_tags-energies-renouvelables","blog_tags-permis-environnementaux","blog_tags-zero-emissions-nettes","blog_author-sweco"],"acf":[],"_links":{"self":[{"href":"https:\/\/www.swecobelgium.be\/fr\/wp-json\/wp\/v2\/blog\/31138","targetHints":{"allow":["GET"]}}],"collection":[{"href":"https:\/\/www.swecobelgium.be\/fr\/wp-json\/wp\/v2\/blog"}],"about":[{"href":"https:\/\/www.swecobelgium.be\/fr\/wp-json\/wp\/v2\/types\/blog"}],"wp:featuredmedia":[{"embeddable":true,"href":"https:\/\/www.swecobelgium.be\/fr\/wp-json\/wp\/v2\/media\/21581"}],"wp:attachment":[{"href":"https:\/\/www.swecobelgium.be\/fr\/wp-json\/wp\/v2\/media?parent=31138"}],"wp:term":[{"taxonomy":"blog_cats","embeddable":true,"href":"https:\/\/www.swecobelgium.be\/fr\/wp-json\/wp\/v2\/blog_cats?post=31138"},{"taxonomy":"blog_tags","embeddable":true,"href":"https:\/\/www.swecobelgium.be\/fr\/wp-json\/wp\/v2\/blog_tags?post=31138"},{"taxonomy":"blog_author","embeddable":true,"href":"https:\/\/www.swecobelgium.be\/fr\/wp-json\/wp\/v2\/blog_author?post=31138"}],"curies":[{"name":"wp","href":"https:\/\/api.w.org\/{rel}","templated":true}]}}