{"id":31150,"date":"2024-08-07T16:47:54","date_gmt":"2024-08-07T14:47:54","guid":{"rendered":"https:\/\/www.swecobelgium.be\/blog\/renouvellement-du-pont-stimule-la-mobilite-a-velo-et-le-cadre-de-vie\/"},"modified":"2025-03-14T09:05:20","modified_gmt":"2025-03-14T08:05:20","slug":"renouvellement-du-pont-stimule-la-mobilite-a-velo-et-le-cadre-de-vie","status":"publish","type":"blog","link":"https:\/\/www.swecobelgium.be\/fr\/actualites\/renouvellement-du-pont-stimule-la-mobilite-a-velo-et-le-cadre-de-vie\/","title":{"rendered":"Renouvellement du pont stimule la mobilit\u00e9 \u00e0 v\u00e9lo et le cadre de vie"},"content":{"rendered":"<section class=\"block block-share block--white\" >\n\t<div class=\"block__inner\">\n\t\t<div class=\"col--12 col--wrapper col--center\">\n            <div class=\"col col--12 editor-content col--center\">\n                <div class=\"share\">\n                    <p class=\"share-text\">Share on: <\/p>\n                    <div class=\"ss-inline-share-wrapper ss-hover-animation-fade ss-with-counter-border ss-inline-total-counter-left\"><div class=\"ss-inline-share-content\"><\/div><\/div>                <\/div>\n            <\/div>\n\t\t<\/div>\n\t<\/div>\n<\/section>\n\n<section class=\"block cb block--white\" >\n\t<div class=\"block__inner cb__inner cb__inner--one\">\n\t<div class=\"col--12 col--center col--wrapper\">\n\t\t<div class=\"col col--6 editor-content\">\n\t\t\t<p><strong>De Vlaamse Waterweg nv a re\u00e7u le feu vert pour la construction de nouvelles rampes d&rsquo;acc\u00e8s au pont \u00e0 c\u00e2bles de Lanklaar (Dilsen-Stokkem). Cette am\u00e9lioration rendra le pont plus attrayant pour les usagers actifs de la route, b\u00e9n\u00e9ficiant ainsi \u00e0 la mobilit\u00e9 et \u00e0 l&rsquo;accessibilit\u00e9 dans la r\u00e9gion. Sweco est responsable de la conception des travaux de g\u00e9nie civil, des \u00e9tudes d&rsquo;infrastructures et de la gestion technique, tandis que ZJA est charg\u00e9 de la conception architecturale.<\/strong><\/p>\n<p><img class='alignnone size-full wp-image-22908' src='https:\/\/www.swecobelgium.be\/wp-content\/uploads\/sites\/12\/2024\/08\/01-fietsbrug-Lanklaar-vogelvlucht-scaled.jpg' alt='A digital illustration of a bridge spanning a river, showcasing its architectural design against a serene water backdrop.' width='2560' height='1597' \/><\/p>\n<p>Le projet est divis\u00e9 en deux parties : les travaux sur la rive gauche et sur la rive droite. Avec les autorisations pour les deux rives en main, De Vlaamse Waterweg nv peut commencer la construction des nouvelles rampes d&rsquo;acc\u00e8s. Le pont sur le Zuid-Willemsvaart, construit en 2008, est actuellement accessible uniquement par des escaliers avec une rigole pour v\u00e9los.<\/p>\n<blockquote><p><\/p>\n<figure><i class='icon icon-quote'><\/i><\/figure>\n<p>Glenn Talloen, Project Manager Infrastructure chez Sweco : \u00ab Avec les nouvelles rampes, les cyclistes n&rsquo;ont plus besoin de descendre de leur v\u00e9lo. Les pentes douces de 4 \u00e0 4,5 % franchiront confortablement la diff\u00e9rence de hauteur de 7 m\u00e8tres et rendront la connexion beaucoup plus accessible pour les cyclistes, les personnes avec des poussettes et les utilisateurs de fauteuils roulants. \u00bb<\/p><\/blockquote>\n\t\t<\/div>\n\t<\/div>\n<\/div>\n<div class=\"block__inner cb__inner cb__inner--media-content media-content media-content--left\">\n\t<div class=\"col--10 col--wrapper media-content__wrapper\">\n\t\t\t\t\t<div class=\"col col--6 media-content__content editor-content\">\n\t\t\t\t<h2>Pr\u00e9paration d&rsquo;un d\u00e9marrage en douceur<\/h2>\n<p>Sweco a d\u00e9j\u00e0 r\u00e9alis\u00e9 diverses analyses, notamment une \u00e9tude de stabilit\u00e9 de la phase de conception pr\u00e9liminaire et une \u00e9tude d&rsquo;interaction avec les structures existantes pour v\u00e9rifier la faisabilit\u00e9. De plus, l&rsquo;estimation des co\u00fbts, les sp\u00e9cifications d&rsquo;appel d&rsquo;offres et le contr\u00f4le de l&rsquo;\u00e9tude finale font partie des responsabilit\u00e9s de Sweco.<\/p>\n<p>La p\u00e9riode d&rsquo;\u00e9tude commencera en ao\u00fbt 2024, les travaux r\u00e9els d\u00e9buteront cet automne et dureront au moins un an, en fonction des conditions m\u00e9t\u00e9orologiques. Les nouvelles rampes devraient \u00eatre op\u00e9rationnelles au printemps 2026, restaurant la connexion r\u00e9nov\u00e9e sur le canal.<\/p>\n\t\t\t<\/div>\n\t\t\t\t<div class=\"col col--6 media-content__media media-content__media--image\">\n\t\t\t<img loading=\"lazy\" decoding=\"async\" width=\"780\" height=\"460\" src=\"https:\/\/www.swecobelgium.be\/wp-content\/uploads\/sites\/12\/2024\/08\/02-fietsbrug-Lanklaar-jaagpad-richtingzuid-780x460.jpg\" class=\"attachment-media-content size-media-content\" alt=\"Conceptual illustration of a future bridge, highlighting advanced design elements and structural features.\" full-size-url=\"https:\/\/www.swecobelgium.be\/wp-content\/uploads\/sites\/12\/2024\/08\/02-fietsbrug-Lanklaar-jaagpad-richtingzuid-scaled.jpg\" \/>\t\t\t\t\t<div class=\"media-content__media--copyright editor-content\">\n\t\t\t\t\t\t<p class=\"copyright\">Cr\u00e9dit photo :\n\n Jaagpad Richting Zuid | \u00a9 ZJA<\/p>\n\t\t\t\t\t<\/div>\n\t\t\t\t\n\t\t\t\n\t\t<\/div>\n\t<\/div>\n<\/div><div class=\"block__inner cb__inner cb__inner--one\">\n\t<div class=\"col--12 col--center col--wrapper\">\n\t\t<div class=\"col col--6 editor-content\">\n\t\t\t<h2>La rive gauche se dote d&rsquo;un espace vert<\/h2>\n<p>Sur la rive gauche, la rampe sera int\u00e9gr\u00e9e entre le Zuid-Willemsvaart et la Bekaertlaan, serpentant \u00e0 travers la zone. Elle sera en partie situ\u00e9e sur un remblai et en partie sur une structure en b\u00e9ton, permettant une zone perm\u00e9able et l&rsquo;opportunit\u00e9 de transformer la zone en un espace r\u00e9cr\u00e9atif avec une v\u00e9g\u00e9tation adapt\u00e9e.<\/p>\n<h2>Une valeur naturelle plus \u00e9lev\u00e9e pour la rive droite<\/h2>\n<p>Sur la rive droite, la rampe sera principalement situ\u00e9e sur l&rsquo;eau, reposant sur une structure en b\u00e9ton support\u00e9e par des piliers pour maintenir la connexion entre la piste cyclable et le canal.<\/p>\n<blockquote><p><\/p>\n<figure><i class='icon icon-quote'><\/i><\/figure>\n<p>Ricardo Ponce Guillen, ing\u00e9nieur en stabilit\u00e9 chez Sweco : \u00ab Des travaux suppl\u00e9mentaires seront r\u00e9alis\u00e9s ici, tels que le comblement du canal avec un nouveau syst\u00e8me de protection des berges et le renforcement du sol pour les fondations. Cela rend ce projet tr\u00e8s diversifi\u00e9 et attrayant d&rsquo;un point de vue technique. Nous cr\u00e9ons en r\u00e9alit\u00e9 un nouveau morceau de terre. \u00bb<\/p><\/blockquote>\n<p><\/p>\n<blockquote><p><img class='alignnone size-full wp-image-22920' src='https:\/\/www.swecobelgium.be\/wp-content\/uploads\/sites\/12\/2024\/08\/design-fietsbrug-Lanklaar.jpg' alt='A detailed plan featuring a river and a bridge, showcasing green spaces and pathways for visitors to enjoy nature.' width='1420' height='428' \/><\/p><\/blockquote>\n<p>Pour am\u00e9liorer la valeur naturelle du c\u00f4t\u00e9 terrestre, une zone de drainage en herbe sera cr\u00e9\u00e9e. La rang\u00e9e d&rsquo;arbres existante sera pr\u00e9serv\u00e9e et compl\u00e9t\u00e9e par de nouveaux arbres. Une partie du canal sera combl\u00e9e, cr\u00e9ant une zone ouverte qui sera am\u00e9nag\u00e9e en tant que zone de frai pour les poissons, avec une entr\u00e9e et une sortie d&rsquo;eau fra\u00eeche. Ce sera un attrait suppl\u00e9mentaire pour les r\u00e9sidents qui surplombent la r\u00e9gion.<\/p>\n\t\t<\/div>\n\t<\/div>\n<\/div>\n<div class=\"block__inner cb__inner cb__inner--media-content media-content media-content--right\">\n\t<div class=\"col--10 col--wrapper media-content__wrapper\">\n\t\t\t\t\t<div class=\"col col--6 media-content__content editor-content\">\n\t\t\t\t<h2>Renforcement du tourisme \u00e0 v\u00e9lo<\/h2>\n<p>L&rsquo;accessibilit\u00e9 pour les pi\u00e9tons sera assur\u00e9e gr\u00e2ce \u00e0 l&rsquo;int\u00e9gration de nouvelles constructions d&rsquo;escaliers sur les deux rives du canal. Les escaliers seront int\u00e9gr\u00e9s \u00e0 c\u00f4t\u00e9 des piliers en forme de V pour limiter l&rsquo;impact spatial.<\/p>\n<p>Le pont est \u00e9galement un maillon important pour le tourisme \u00e0 v\u00e9lo, car il permet un acc\u00e8s facile au Terhills Resort et au site historique de Tivoli. Les visiteurs peuvent facilement rejoindre le centre d&rsquo;accueil De Wissen, l&rsquo;une des attractions de la r\u00e9gion, via le pont.<\/p>\n\t\t\t<\/div>\n\t\t\t\t<div class=\"col col--6 media-content__media media-content__media--image\">\n\t\t\t<img loading=\"lazy\" decoding=\"async\" width=\"780\" height=\"460\" src=\"https:\/\/www.swecobelgium.be\/wp-content\/uploads\/sites\/12\/2024\/08\/doorzicht-fietsbrug-Lanklaar-780x460.jpg\" class=\"attachment-media-content size-media-content\" alt=\"A detailed rendering of a large bridge spanning across a river, showcasing its impressive structure and design.\" full-size-url=\"https:\/\/www.swecobelgium.be\/wp-content\/uploads\/sites\/12\/2024\/08\/doorzicht-fietsbrug-Lanklaar.jpg\" \/>\n\t\t\t\n\t\t<\/div>\n\t<\/div>\n<\/div><div class=\"block__inner cb__inner cb__inner--one\">\n\t<div class=\"col--12 col--center col--wrapper\">\n\t\t<div class=\"col col--6 editor-content\">\n\t\t\t<h2>Vie priv\u00e9e, s\u00e9curit\u00e9 et environnement vont de pair<\/h2>\n<p>Un \u00e9cran semi-ouvert sera int\u00e9gr\u00e9 dans la balustrade du pont sur la rive orientale du canal anim\u00e9, con\u00e7u pour prot\u00e9ger la vie priv\u00e9e du quartier r\u00e9sidentiel voisin. Cet \u00e9cran, mis en \u0153uvre uniquement du c\u00f4t\u00e9 droit du remblai, garantit que les cyclistes et les pi\u00e9tons n&rsquo;ont pas de vue directe sur les maisons \u00e0 c\u00f4t\u00e9 de la rampe pour v\u00e9los.<\/p>\n<p>En termes de s\u00e9curit\u00e9, un \u00e9clairage continu sera int\u00e9gr\u00e9 dans la main courante, am\u00e9liorant la s\u00e9curit\u00e9 sociale. Cette solution d&rsquo;\u00e9clairage innovante est \u00e0 la fois respectueuse de l&rsquo;environnement et limite la pollution lumineuse, garantissant qu&rsquo;elle ne perturbe pas la faune et la flore locales.<\/p>\n<img class='wp-image-22932 size-full' src='https:\/\/www.swecobelgium.be\/wp-content\/uploads\/sites\/12\/2024\/08\/03-fietsbrug-Lanklaar-zicht-vanaf-kavels-scaled.jpg' alt='A digital illustration of a bridge spanning a river, surrounded by lush green trees on both banks.' width='2560' height='1597' \/>\n\t\t<\/div>\n\t<\/div>\n<\/div>\n<div class=\"block__inner cb__inner cb__inner--media-content media-content media-content--left\">\n\t<div class=\"col--10 col--wrapper media-content__wrapper\">\n\t\t\t\t\t<div class=\"col col--6 media-content__content editor-content\">\n\t\t\t\t<h2>Sp\u00e9cifications techniques<\/h2>\n<p>Le pont et les rampes cyclables ont \u00e9t\u00e9 con\u00e7us avec attention aux d\u00e9tails et \u00e0 la <a href=\"https:\/\/www.swecobelgium.be\/fr\/durabilite\/\">durabilit\u00e9<\/a>. Voici quelques faits et chiffres importants :<\/p>\n<ul> <\/p>\n<li>Port\u00e9e maximale entre les colonnes : 20 m.<\/li>\n<p> <\/p>\n<li>Liaison avec le pont existant par une console de 7,20 m.<\/li>\n<p> <\/p>\n<li>Largeur totale de la piste cyclable : 5,80 m.<\/li>\n<p> <\/p>\n<li>Structure en b\u00e9ton arm\u00e9 coul\u00e9e sur place.<\/li>\n<p> <\/p>\n<li>Colonne en forme de V d&rsquo;une largeur de 20 m et un escalier en acier pour les pi\u00e9tons.<\/li>\n<p> <\/p>\n<li>Fondation en acier en raison de la capacit\u00e9 de charge \u00e9lev\u00e9e du sol.<\/li>\n<p> <\/p>\n<li>Garde-corps avec un \u00e9cran pour prot\u00e9ger la vie priv\u00e9e des riverains.<\/li>\n<p><\/ul>\n\t\t\t<\/div>\n\t\t\t\t<div class=\"col col--6 media-content__media media-content__media--image\">\n\t\t\t<img loading=\"lazy\" decoding=\"async\" width=\"780\" height=\"457\" src=\"https:\/\/www.swecobelgium.be\/wp-content\/uploads\/sites\/12\/2024\/08\/doorsnede-fietsbrug-Lanklaar-780x457.png\" class=\"attachment-media-content size-media-content\" alt=\"A detailed drawing illustrating the dimensions of a bridge, showcasing its length, width, and height measurements clearly.\" full-size-url=\"https:\/\/www.swecobelgium.be\/wp-content\/uploads\/sites\/12\/2024\/08\/doorsnede-fietsbrug-Lanklaar.png\" \/>\n\t\t\t\n\t\t<\/div>\n\t<\/div>\n<\/div><\/section>\n\n\n<section class=\"block block--white latest-insights\" >\n\t<div class=\"block__inner latest-insights__inner\">\n\t\t<div class=\"col--11 col--wrapper\">\n\t\t\t\t\t\t\t<div class=\"col col--12 editor-content latest-insights__title\">\n\t\t\t\t\t<h2 class=\"h2 hyphenate\">Autres actualit\u00e9s<\/h2>\t\t\t\t<\/div>\n\t\t\t\n\t\t\t\t\t\t\t\t<div class=\"col col--4 insight\" data-clickable=\"true\">\n\t\t\t\t\t\t<img loading=\"lazy\" decoding=\"async\" width=\"520\" height=\"296\" src=\"https:\/\/www.swecobelgium.be\/wp-content\/uploads\/sites\/12\/2026\/04\/\u00a9sachacnockaert-office-antwerp-berchem-2019-2-1-520x296.jpg\" class=\"attachment-insights-featured size-insights-featured wp-post-image\" alt=\"Sweco en Lantis versterken hun samenwerking rond mobiliteitsmanagement\" \/>\t\t\t\t\t\t<div class=\"insight__content editor-content\">\n\t\t\t\t\t\t\t<em class=\"cats\">Transports durables et mobilit\u00e9<span class=\"cats__sep\"><\/span>30\/04\/2026<\/em>\t\t\t\t\t\t\t<h3><a href=\"https:\/\/www.swecobelgium.be\/fr\/actualites\/sweco-et-lantis-renforcent-leur-collaboration-en-matiere-de-gestion-de-la-mobilite\/\">Sweco et Lantis renforcent leur collaboration en mati\u00e8re de gestion de la mobilit\u00e9<\/a><\/h3>\n\t\t\t\t\t\t\t<p> <span class=\"readmore\">En savoir plus<\/span><\/p>\n\t\t\t\t\t\t<\/div>\n\t\t\t\t\t<\/div>\n\t\t\t\t\t\t\t\t\t<div class=\"col col--4 insight\" data-clickable=\"true\">\n\t\t\t\t\t\t<img loading=\"lazy\" decoding=\"async\" width=\"520\" height=\"296\" src=\"https:\/\/www.swecobelgium.be\/wp-content\/uploads\/sites\/12\/2026\/04\/\u00a9Tom-DhaenensENGIE-Belgium-FrieslandCampina-e-boiler-2025-01-8-520x296.jpg\" class=\"attachment-insights-featured size-insights-featured wp-post-image\" alt=\"\" \/>\t\t\t\t\t\t<div class=\"insight__content editor-content\">\n\t\t\t\t\t\t\t<em class=\"cats\">Industrietransitie, Transition industrielle<span class=\"cats__sep\"><\/span>30\/04\/2026<\/em>\t\t\t\t\t\t\t<h3><a href=\"https:\/\/www.swecobelgium.be\/fr\/actualites\/de-risking-des-projets-industriels-pourquoi-des-choix-solides-commencent-avant-la-premiere-phase-dingenierie\/\">D\u00e9-risking des projets industriels : pourquoi des choix solides commencent avant la premi\u00e8re phase d\u2019ing\u00e9nierie<\/a><\/h3>\n\t\t\t\t\t\t\t<p> <span class=\"readmore\">En savoir plus<\/span><\/p>\n\t\t\t\t\t\t<\/div>\n\t\t\t\t\t<\/div>\n\t\t\t\t\t\t\t\t\t<div class=\"col col--4 insight\" data-clickable=\"true\">\n\t\t\t\t\t\t<img loading=\"lazy\" decoding=\"async\" width=\"520\" height=\"296\" src=\"https:\/\/www.swecobelgium.be\/wp-content\/uploads\/sites\/12\/2026\/04\/Say-Cheese_23042026_AquafinAwards-projectteam-Brugge-Oostende-520x296.jpg\" class=\"attachment-insights-featured size-insights-featured wp-post-image\" alt=\"Projectteams bekroond met speciale prijs op Aquafin Awards\" \/>\t\t\t\t\t\t<div class=\"insight__content editor-content\">\n\t\t\t\t\t\t\t<em class=\"cats\">Eau<span class=\"cats__sep\"><\/span>24\/04\/2026<\/em>\t\t\t\t\t\t\t<h3><a href=\"https:\/\/www.swecobelgium.be\/fr\/actualites\/des-equipes-de-projet-recompensees-par-un-prix-special-lors-des-aquafin-awards\/\">Des \u00e9quipes de projet r\u00e9compens\u00e9es par un prix sp\u00e9cial lors des Aquafin Awards<\/a><\/h3>\n\t\t\t\t\t\t\t<p> <span class=\"readmore\">En savoir plus<\/span><\/p>\n\t\t\t\t\t\t<\/div>\n\t\t\t\t\t<\/div>\n\t\t\t\t\n\t\t\t\t\t<\/div>\n\t<\/div>\n<\/section>\n\n<section class=\"block form-block block--lightgray\" >\n\t<div class=\"block__inner form-block__inner \">\n\n                    <div class=\"col--11 col--wrapper\">\n                                    <div class=\"col col--4 editor-content form-block__title\">\n                        <h2 class=\"h2 hyphenate\">Inscrivez-vous \u00e0 notre newsletter<\/h2>                    <\/div>\n                    <div class=\"col--12 col\"><\/div>\n                \n                <div class=\"col col--4 editor-content\">\n                    Recevez des mises \u00e0 jour sur des projets innovants, des <a href=\"https:\/\/www.swecobelgium.be\/fr\/durabilite\/\">solutions durables<\/a> et des analyses exclusives de Sweco. Abonnez-vous d\u00e8s maintenant et participez \u00e0 la transformation de demain.\r\n\r\n\r\n\r\n\r\n\r\n\r\n\r\n                <\/div>\n\n                <div class=\"col col--7\">\n                    <script type=\"text\/javascript\">\n\/* <![CDATA[ *\/\nvar gform;gform||(document.addEventListener(\"gform_main_scripts_loaded\",function(){gform.scriptsLoaded=!0}),document.addEventListener(\"gform\/theme\/scripts_loaded\",function(){gform.themeScriptsLoaded=!0}),window.addEventListener(\"DOMContentLoaded\",function(){gform.domLoaded=!0}),gform={domLoaded:!1,scriptsLoaded:!1,themeScriptsLoaded:!1,isFormEditor:()=>\"function\"==typeof InitializeEditor,callIfLoaded:function(o){return!(!gform.domLoaded||!gform.scriptsLoaded||!gform.themeScriptsLoaded&&!gform.isFormEditor()||(gform.isFormEditor()&&console.warn(\"The use of gform.initializeOnLoaded() is deprecated in the form editor context and will be removed in Gravity Forms 3.1.\"),o(),0))},initializeOnLoaded:function(o){gform.callIfLoaded(o)||(document.addEventListener(\"gform_main_scripts_loaded\",()=>{gform.scriptsLoaded=!0,gform.callIfLoaded(o)}),document.addEventListener(\"gform\/theme\/scripts_loaded\",()=>{gform.themeScriptsLoaded=!0,gform.callIfLoaded(o)}),window.addEventListener(\"DOMContentLoaded\",()=>{gform.domLoaded=!0,gform.callIfLoaded(o)}))},hooks:{action:{},filter:{}},addAction:function(o,r,e,t){gform.addHook(\"action\",o,r,e,t)},addFilter:function(o,r,e,t){gform.addHook(\"filter\",o,r,e,t)},doAction:function(o){gform.doHook(\"action\",o,arguments)},applyFilters:function(o){return gform.doHook(\"filter\",o,arguments)},removeAction:function(o,r){gform.removeHook(\"action\",o,r)},removeFilter:function(o,r,e){gform.removeHook(\"filter\",o,r,e)},addHook:function(o,r,e,t,n){null==gform.hooks[o][r]&&(gform.hooks[o][r]=[]);var d=gform.hooks[o][r];null==n&&(n=r+\"_\"+d.length),gform.hooks[o][r].push({tag:n,callable:e,priority:t=null==t?10:t})},doHook:function(r,o,e){var t;if(e=Array.prototype.slice.call(e,1),null!=gform.hooks[r][o]&&((o=gform.hooks[r][o]).sort(function(o,r){return o.priority-r.priority}),o.forEach(function(o){\"function\"!=typeof(t=o.callable)&&(t=window[t]),\"action\"==r?t.apply(null,e):e[0]=t.apply(null,e)})),\"filter\"==r)return e[0]},removeHook:function(o,r,t,n){var e;null!=gform.hooks[o][r]&&(e=(e=gform.hooks[o][r]).filter(function(o,r,e){return!!(null!=n&&n!=o.tag||null!=t&&t!=o.priority)}),gform.hooks[o][r]=e)}});\n\/* ]]> *\/\n<\/script>\n\n                <div class='gf_browser_gecko gform_wrapper gform_legacy_markup_wrapper gform-theme--no-framework' data-form-theme='legacy' data-form-index='0' id='gform_wrapper_15' ><form class=\"gform_analytics_tracking\" method='post' enctype='multipart\/form-data' target='gform_ajax_frame_15' id='gform_15'  action='\/fr\/wp-json\/wp\/v2\/blog\/31150' data-formid='15' novalidate autocomplete=\"off\">\n                        <div class='gform-body gform_body'><ul id='gform_fields_15' class='gform_fields top_label form_sublabel_below description_below validation_below'><li id=\"field_15_13\" class=\"gfield gfield--type-honeypot gform_validation_container field_sublabel_below gfield--has-description field_description_below field_validation_below gfield_visibility_visible gform_honeypot\"  data-field-class=\"gform_honeypot\" ><label class='gfield_label gform-field-label' for='input_15_13'>URL<\/label><div class='ginput_container'><input autocomplete=\"off\"  name='input_13' id='input_15_13' type='text' value='' autocomplete='new-password'\/><\/div><div class='gfield_description' id='gfield_description_15_13'>Ce champ n\u2019est utilis\u00e9 qu\u2019\u00e0 des fins de validation et devrait rester inchang\u00e9.<\/div><\/li><li id=\"field_15_5\" class=\"gfield gfield--type-email gfield--input-type-email gfield--width-full gfield_contains_required field_sublabel_below gfield--no-description field_description_below field_validation_below gfield_visibility_visible gform_email\"  data-field-class=\"gform_email\" ><label class='gfield_label gform-field-label' for='input_15_5'>E-mail<span class=\"gfield_required\"><span class=\"gfield_required gfield_required_asterisk\">*<\/span><\/span><\/label><div class='ginput_container ginput_container_email'>\n                            <input autocomplete=\"off\"  name='input_5' id='input_15_5' type='email' value='' class='large'    aria-required=\"true\" aria-invalid=\"false\"  \/>\n                        <\/div><\/li><li id=\"field_15_7\" class=\"gfield gfield--type-text gfield--input-type-text gfield--width-full gfield_contains_required field_sublabel_below gfield--no-description field_description_below field_validation_below gfield_visibility_visible gform_text\"  data-field-class=\"gform_text\" ><label class='gfield_label gform-field-label' for='input_15_7'>Pr\u00e9nom<span class=\"gfield_required\"><span class=\"gfield_required gfield_required_asterisk\">*<\/span><\/span><\/label><div class='ginput_container ginput_container_text'><input autocomplete=\"off\"  name='input_7' id='input_15_7' type='text' value='' class='large'     aria-required=\"true\" aria-invalid=\"false\"   \/><\/div><\/li><li id=\"field_15_8\" class=\"gfield gfield--type-text gfield--input-type-text gfield--width-full gfield_contains_required field_sublabel_below gfield--no-description field_description_below field_validation_below gfield_visibility_visible gform_text\"  data-field-class=\"gform_text\" ><label class='gfield_label gform-field-label' for='input_15_8'>Nom de famille<span class=\"gfield_required\"><span class=\"gfield_required gfield_required_asterisk\">*<\/span><\/span><\/label><div class='ginput_container ginput_container_text'><input autocomplete=\"off\"  name='input_8' id='input_15_8' type='text' value='' class='large'     aria-required=\"true\" aria-invalid=\"false\"   \/><\/div><\/li><li id=\"field_15_10\" class=\"gfield gfield--type-text gfield--input-type-text gfield--width-full field_sublabel_below gfield--no-description field_description_below field_validation_below gfield_visibility_visible gform_text\"  data-field-class=\"gform_text\" ><label class='gfield_label gform-field-label' for='input_15_10'>Entreprise (facultatif)<\/label><div class='ginput_container ginput_container_text'><input autocomplete=\"off\"  name='input_10' id='input_15_10' type='text' value='' class='large'      aria-invalid=\"false\"   \/><\/div><\/li><li id=\"field_15_11\" class=\"gfield gfield--type-radio gfield--type-choice gfield--input-type-radio gfield--width-full gfield_contains_required field_sublabel_below gfield--no-description field_description_below field_validation_below gfield_visibility_visible gform_radio\"  data-field-class=\"gform_radio\" ><label class='gfield_label gform-field-label' >Je souhaite recevoir la lettre d\u2019information en<span class=\"gfield_required\"><span class=\"gfield_required gfield_required_asterisk\">*<\/span><\/span><\/label><div class='ginput_container ginput_container_radio'><ul class='gfield_radio' id='input_15_11'>\n\t\t\t<li class='gchoice gchoice_15_11_0'>\n\t\t\t\t<input autocomplete=\"off\"  name='input_11' type='radio' value='n\u00e9erlandais'  id='choice_15_11_0'    \/>\n\t\t\t\t<label for='choice_15_11_0' id='label_15_11_0' class='gform-field-label gform-field-label--type-inline'>n\u00e9erlandais<\/label>\n\t\t\t<\/li>\n\t\t\t<li class='gchoice gchoice_15_11_1'>\n\t\t\t\t<input autocomplete=\"off\"  name='input_11' type='radio' value='fran\u00e7ais'  id='choice_15_11_1'    \/>\n\t\t\t\t<label for='choice_15_11_1' id='label_15_11_1' class='gform-field-label gform-field-label--type-inline'>fran\u00e7ais<\/label>\n\t\t\t<\/li>\n\t\t\t<li class='gchoice gchoice_15_11_2'>\n\t\t\t\t<input autocomplete=\"off\"  name='input_11' type='radio' value='anglais'  id='choice_15_11_2'    \/>\n\t\t\t\t<label for='choice_15_11_2' id='label_15_11_2' class='gform-field-label gform-field-label--type-inline'>anglais<\/label>\n\t\t\t<\/li><\/ul><\/div><\/li><li id=\"field_15_9\" class=\"gfield gfield--type-consent gfield--type-choice gfield--input-type-consent gfield--width-full gfield_contains_required field_sublabel_below gfield--no-description field_description_below field_validation_below gfield_visibility_visible gform_consent\"  data-field-class=\"gform_consent\" ><label class='gfield_label gform-field-label screen-reader-text gfield_label_before_complex' ><span class=\"gfield_required\"><span class=\"gfield_required gfield_required_asterisk\">*<\/span><\/span><\/label><div class='ginput_container ginput_container_consent'><input autocomplete=\"off\"  name='input_9.1' id='input_15_9_1' type='checkbox' value='1'   aria-required=\"true\" aria-invalid=\"false\"   \/> <label class=\"gform-field-label gform-field-label--type-inline gfield_consent_label\" for='input_15_9_1' >En envoyant vos informations, vous marquez votre accord avec la politique en mati\u00e8re de protection de la vie priv\u00e9e de Sweco. <a href=\"https:\/\/www.swecobelgium.be\/fr\/privacy-notice\/\">Cliquez ici<\/a> pour en savoir plus sur la mani\u00e8re dont nous sauvegardons vos donn\u00e9es.<\/label><input autocomplete=\"off\"  type='hidden' name='input_9.2' value='En envoyant vos informations, vous marquez votre accord avec la politique en mati\u00e8re de protection de la vie priv\u00e9e de Sweco. &lt;a href=&quot;https:\/\/www.swecobelgium.be\/fr\/privacy-notice\/&quot;&gt;Cliquez ici&lt;\/a&gt; pour en savoir plus sur la mani\u00e8re dont nous sauvegardons vos donn\u00e9es.' class='gform_hidden' \/><input autocomplete=\"off\"  type='hidden' name='input_9.3' value='13' class='gform_hidden' \/><\/div><\/li><li id=\"field_15_12\" class=\"gfield gfield--type-checkbox gfield--type-choice gfield--input-type-checkbox field_sublabel_below gfield--has-description field_description_below field_validation_below gfield_visibility_visible gform_checkbox\"  data-field-class=\"gform_checkbox\" ><label class='gfield_label gform-field-label gfield_label_before_complex' >Communications par e-mail<\/label><div class='ginput_container ginput_container_checkbox'><ul class='gfield_checkbox' id='input_15_12'><li class='gchoice gchoice_15_12_1'>\n\t\t\t\t\t\t\t\t<input autocomplete=\"off\"  class='gfield-choice-input' name='input_12.1' type='checkbox'  value='J\u2019autorise l\u2019envoi de communications par e-mail concernant des mises \u00e0 jour, services ou \u00e9v\u00e9nements pertinents.'  id='choice_15_12_1'   aria-describedby=\"gfield_description_15_12\"\/>\n\t\t\t\t\t\t\t\t<label for='choice_15_12_1' id='label_15_12_1' class='gform-field-label gform-field-label--type-inline'>J\u2019autorise l\u2019envoi de communications par e-mail concernant des mises \u00e0 jour, services ou \u00e9v\u00e9nements pertinents.<\/label>\n\t\t\t\t\t\t\t<\/li><\/ul><\/div><div class='gfield_description' id='gfield_description_15_12'>Vous pouvez retirer votre consentement \u00e0 tout moment via le lien de d\u00e9sinscription dans nos e-mails.<\/div><\/li><\/ul><\/div>\n        <div class='gform-footer gform_footer top_label'> <button class='btn btn__primary' id='gform_submit_button_15'><span>Tenez-moi au courant !<\/span><\/button> <input type='hidden' name='gform_ajax' value='form_id=15&amp;title=&amp;description=&amp;tabindex=0&amp;theme=legacy&amp;hash=b35c59816435acd5e43b3f8942c6b7b1' \/>\n            <input type='hidden' class='gform_hidden' name='gform_submission_method' data-js='gform_submission_method_15' value='iframe' \/>\n            <input type='hidden' class='gform_hidden' name='gform_theme' data-js='gform_theme_15' id='gform_theme_15' value='legacy' \/>\n            <input type='hidden' class='gform_hidden' name='gform_style_settings' data-js='gform_style_settings_15' id='gform_style_settings_15' value='' \/>\n            <input type='hidden' class='gform_hidden' name='is_submit_15' value='1' \/>\n            <input type='hidden' class='gform_hidden' name='gform_submit' value='15' \/>\n            \n            <input type='hidden' class='gform_hidden' name='gform_unique_id' value='' \/>\n            <input type='hidden' class='gform_hidden' name='state_15' value='WyJ7XCIxMVwiOltcImYwMDQxZjQ0ZmNjYjhjMzkxNzhjYWRkZDJjODQ1MmUxXCIsXCIzYjA4YTg3ZmE1ZWZlMmFiZjUxZDcwMmI3ZGFlZTQ5NlwiLFwiYzlhZGM0YzI0MzljMTNhNjJiZmNmNjRkZjI4ZTA3OWRcIl0sXCI5LjFcIjpcIjVhYWVlZmI3NTc0MTU1YjA1ZTkwNjQxMWI2MWVlNGZiXCIsXCI5LjJcIjpcIjkwYTM0ZGVjYjM0ZmJlNjIzNmNjNmZmYmRiMjNjMmJhXCIsXCI5LjNcIjpcImQzYjBjMjE4N2ZmNGY4MGYxZDkxNTk0ZWIyM2RiYWNjXCIsXCIxMi4xXCI6XCJlNDA1ZWNkY2NhMjVkMWE5ODNiMjc4MWY5ZDMwMzJmYlwifSIsImU3MThjYzUwNzU5ZWZmNmQ0MmNhN2EwYTUwMzkxYzFhIl0=' \/>\n            <input type='hidden' autocomplete='off' class='gform_hidden' name='gform_target_page_number_15' id='gform_target_page_number_15' value='0' \/>\n            <input type='hidden' autocomplete='off' class='gform_hidden' name='gform_source_page_number_15' id='gform_source_page_number_15' value='1' \/>\n            <input type='hidden' name='gform_field_values' value='' \/>\n            \n        <\/div>\n                        <\/form>\n                        <\/div>\n\t\t                <iframe style='display:none;width:0px;height:0px;' src='about:blank' name='gform_ajax_frame_15' id='gform_ajax_frame_15' title='Cette iframe contient la logique n\u00e9cessaire pour manipuler Gravity Forms avec Ajax.'><\/iframe>\n\t\t                <script type=\"text\/javascript\">\n\/* <![CDATA[ *\/\n gform.initializeOnLoaded( function() {gformInitSpinner( 15, 'https:\/\/www.swecobelgium.be\/wp-content\/themes\/sweco\/assets\/dist\/oval.svg', true );jQuery('#gform_ajax_frame_15').on('load',function(){var contents = jQuery(this).contents().find('*').html();var is_postback = contents.indexOf('GF_AJAX_POSTBACK') >= 0;if(!is_postback){return;}var form_content = jQuery(this).contents().find('#gform_wrapper_15');var is_confirmation = jQuery(this).contents().find('#gform_confirmation_wrapper_15').length > 0;var is_redirect = contents.indexOf('gformRedirect(){') >= 0;var is_form = form_content.length > 0 && ! is_redirect && ! is_confirmation;var mt = parseInt(jQuery('html').css('margin-top'), 10) + parseInt(jQuery('body').css('margin-top'), 10) + 100;if(is_form){jQuery('#gform_wrapper_15').html(form_content.html());if(form_content.hasClass('gform_validation_error')){jQuery('#gform_wrapper_15').addClass('gform_validation_error');} else {jQuery('#gform_wrapper_15').removeClass('gform_validation_error');}setTimeout( function() { \/* delay the scroll by 50 milliseconds to fix a bug in chrome *\/  }, 50 );if(window['gformInitDatepicker']) {gformInitDatepicker();}if(window['gformInitPriceFields']) {gformInitPriceFields();}var current_page = jQuery('#gform_source_page_number_15').val();gformInitSpinner( 15, 'https:\/\/www.swecobelgium.be\/wp-content\/themes\/sweco\/assets\/dist\/oval.svg', true );jQuery(document).trigger('gform_page_loaded', [15, current_page]);window['gf_submitting_15'] = false;}else if(!is_redirect){var confirmation_content = jQuery(this).contents().find('.GF_AJAX_POSTBACK').html();if(!confirmation_content){confirmation_content = contents;}jQuery('#gform_wrapper_15').replaceWith(confirmation_content);jQuery(document).trigger('gform_confirmation_loaded', [15]);window['gf_submitting_15'] = false;wp.a11y.speak(jQuery('#gform_confirmation_message_15').text());}else{jQuery('#gform_15').append(contents);if(window['gformRedirect']) {gformRedirect();}}jQuery(document).trigger(\"gform_pre_post_render\", [{ formId: \"15\", currentPage: \"current_page\", abort: function() { this.preventDefault(); } }]);        if (event && event.defaultPrevented) {                return;        }        const gformWrapperDiv = document.getElementById( \"gform_wrapper_15\" );        if ( gformWrapperDiv ) {            const visibilitySpan = document.createElement( \"span\" );            visibilitySpan.id = \"gform_visibility_test_15\";            gformWrapperDiv.insertAdjacentElement( \"afterend\", visibilitySpan );        }        const visibilityTestDiv = document.getElementById( \"gform_visibility_test_15\" );        let postRenderFired = false;        function triggerPostRender() {            if ( postRenderFired ) {                return;            }            postRenderFired = true;            gform.core.triggerPostRenderEvents( 15, current_page );            if ( visibilityTestDiv ) {                visibilityTestDiv.parentNode.removeChild( visibilityTestDiv );            }        }        function debounce( func, wait, immediate ) {            var timeout;            return function() {                var context = this, args = arguments;                var later = function() {                    timeout = null;                    if ( !immediate ) func.apply( context, args );                };                var callNow = immediate && !timeout;                clearTimeout( timeout );                timeout = setTimeout( later, wait );                if ( callNow ) func.apply( context, args );            };        }        const debouncedTriggerPostRender = debounce( function() {            triggerPostRender();        }, 200 );        if ( visibilityTestDiv && visibilityTestDiv.offsetParent === null ) {            const observer = new MutationObserver( ( mutations ) => {                mutations.forEach( ( mutation ) => {                    if ( mutation.type === 'attributes' && visibilityTestDiv.offsetParent !== null ) {                        debouncedTriggerPostRender();                        observer.disconnect();                    }                });            });            observer.observe( document.body, {                attributes: true,                childList: false,                subtree: true,                attributeFilter: [ 'style', 'class' ],            });        } else {            triggerPostRender();        }    } );} ); \n\/* ]]> *\/\n<\/script>\n                <\/div>\n            <\/div>\n        \n\t<\/div>\n<\/section>\n","protected":false},"excerpt":{"rendered":"","protected":false},"featured_media":22910,"template":"","blog_cats":[941],"blog_tags":[951,1000],"blog_author":[541],"class_list":["post-31150","blog","type-blog","status-publish","has-post-thumbnail","hentry","blog_cats-villes-de-demain","blog_tags-infrastructure-cyclable","blog_tags-securite-routiere","blog_author-sweco"],"acf":[],"_links":{"self":[{"href":"https:\/\/www.swecobelgium.be\/fr\/wp-json\/wp\/v2\/blog\/31150","targetHints":{"allow":["GET"]}}],"collection":[{"href":"https:\/\/www.swecobelgium.be\/fr\/wp-json\/wp\/v2\/blog"}],"about":[{"href":"https:\/\/www.swecobelgium.be\/fr\/wp-json\/wp\/v2\/types\/blog"}],"wp:featuredmedia":[{"embeddable":true,"href":"https:\/\/www.swecobelgium.be\/fr\/wp-json\/wp\/v2\/media\/22910"}],"wp:attachment":[{"href":"https:\/\/www.swecobelgium.be\/fr\/wp-json\/wp\/v2\/media?parent=31150"}],"wp:term":[{"taxonomy":"blog_cats","embeddable":true,"href":"https:\/\/www.swecobelgium.be\/fr\/wp-json\/wp\/v2\/blog_cats?post=31150"},{"taxonomy":"blog_tags","embeddable":true,"href":"https:\/\/www.swecobelgium.be\/fr\/wp-json\/wp\/v2\/blog_tags?post=31150"},{"taxonomy":"blog_author","embeddable":true,"href":"https:\/\/www.swecobelgium.be\/fr\/wp-json\/wp\/v2\/blog_author?post=31150"}],"curies":[{"name":"wp","href":"https:\/\/api.w.org\/{rel}","templated":true}]}}