{"id":31156,"date":"2024-09-23T14:36:44","date_gmt":"2024-09-23T12:36:44","guid":{"rendered":"https:\/\/www.swecobelgium.be\/blog\/dune-brasserie-a-une-ecole-elargie-durable\/"},"modified":"2025-08-28T09:06:16","modified_gmt":"2025-08-28T07:06:16","slug":"dune-brasserie-a-une-ecole-elargie-durable","status":"publish","type":"blog","link":"https:\/\/www.swecobelgium.be\/fr\/actualites\/dune-brasserie-a-une-ecole-elargie-durable\/","title":{"rendered":"D&rsquo;une brasserie \u00e0 une \u00e9cole \u00e9largie durable\u00a0"},"content":{"rendered":"<section class=\"block block-share block--white\" >\n\t<div class=\"block__inner\">\n\t\t<div class=\"col--12 col--wrapper col--center\">\n            <div class=\"col col--12 editor-content col--center\">\n                <div class=\"share\">\n                    <p class=\"share-text\">Share on: <\/p>\n                    <div class=\"ss-inline-share-wrapper ss-hover-animation-fade ss-with-counter-border ss-inline-total-counter-left\"><div class=\"ss-inline-share-content\"><\/div><\/div>                <\/div>\n            <\/div>\n\t\t<\/div>\n\t<\/div>\n<\/section>\n\n<section class=\"block cb block--lightgray\" >\n\t<div class=\"block__inner cb__inner cb__inner--one\">\n\t<div class=\"col--12 col--center col--wrapper\">\n\t\t<div class=\"col col--6 editor-content\">\n\t\t\t<h2><span data-contrast='auto'>Egied Van Broeckhoven<\/span><span data-ccp-props='{&quot;201341983&quot;:0,&quot;335559739&quot;:160,&quot;335559740&quot;:259}'>\u00a0<\/span><\/h2>\n<p><\/p>\n<p class='preamble'><span class='TextRun SCXW110790285 BCX8' lang='FR-BE' data-contrast='auto'><span class='NormalTextRun SCXW110790285 BCX8'>D\u00e9but septembre.<\/span><\/span> <span class='TextRun SCXW110790285 BCX8' lang='FR-BE' data-contrast='auto'><span class='NormalTextRun SCXW110790285 BCX8'>La cloche de l&rsquo;\u00e9cole sonne, les chaises sont retir\u00e9es des bancs et un murmure enthousiaste envahit les salles de classe.<\/span><\/span> <span class='TextRun SCXW110790285 BCX8' lang='FR-BE' data-contrast='auto'><span class='NormalTextRun SCXW110790285 BCX8'>Une \u00e9cole est plus qu&rsquo;un lieu d&rsquo;apprentissage : c&rsquo;est un environnement qui inspire, stimule et encourage la croissance au cours d&rsquo;un parcours de d\u00e9couverte de 12 ans.<\/span><\/span> <span class='TextRun SCXW110790285 BCX8' lang='FR-BE' data-contrast='auto'><span class='NormalTextRun SCXW110790285 BCX8'>L&rsquo;\u00e9cole <\/span><span class='NormalTextRun SpellingErrorV2Themed SCXW110790285 BCX8'>Egied<\/span><span class='NormalTextRun SCXW110790285 BCX8'> Van <\/span><span class='NormalTextRun SpellingErrorV2Themed SCXW110790285 BCX8'>Broeckhoven<\/span><span class='NormalTextRun SCXW110790285 BCX8'> est pr\u00e9cis\u00e9ment une \u00e9cole de ce type, un exemple de la mani\u00e8re dont un b\u00e2timent contribue \u00e0 un environnement d&rsquo;apprentissage qui stimule et motive.<\/span><\/span><span class='EOP SCXW110790285 BCX8' data-ccp-props='{&quot;201341983&quot;:0,&quot;335559739&quot;:160,&quot;335559740&quot;:278}'>\u00a0<\/span><\/p>\n\t\t<\/div>\n\t<\/div>\n<\/div>\n<\/section>\n\n\n<section class=\"block cb block--white\" >\n\t<div class=\"block__inner cb__inner cb__inner--one\">\n\t<div class=\"col--12 col--center col--wrapper\">\n\t\t<div class=\"col col--6 editor-content\">\n\t\t\t<p><span class='TextRun SCXW233645714 BCX8' lang='FR-BE' data-contrast='auto'><span class='NormalTextRun SCXW233645714 BCX8'>Situ\u00e9 dans la commune multiculturelle de Molenbeek-Saint-Jean, une commune de <\/span><span class='NormalTextRun SCXW233645714 BCX8'>la r\u00e9gion bruxelloise<\/span><span class='NormalTextRun SCXW233645714 BCX8'> qui pr\u00e9sente des d\u00e9fis particuliers, le complexe scolaire de l&rsquo;\u00e9cole est un excellent exemple de la mani\u00e8re dont <strong>les nouvelles constructions et les r\u00e9novations peuvent aller de pair.<\/strong> L&rsquo;\u00e9cole se trouve dans un ancien b\u00e2timent industriel qui a \u00e9t\u00e9 transform\u00e9 en un environnement d&rsquo;apprentissage moderne et durable tout en respectant son patrimoine. Ce projet s&rsquo;inscrit dans<strong> la philosophie des \u00e9coles ignatiennes en mouvement.<\/strong> En collaborant avec des associations de quartier, les J\u00e9suites donnent corps au concept d&rsquo;\u00e9cole <\/span><span class='NormalTextRun SCXW233645714 BCX8'>\u00e9largie<\/span><span class='NormalTextRun SCXW233645714 BCX8'> : gr\u00e2ce \u00e0 un large \u00e9ventail de salles de classe et d&rsquo;espaces ext\u00e9rieurs, ce projet forme un lien entre le paysage d&rsquo;apprentissage d&rsquo;une part et le quartier, la ville et la soci\u00e9t\u00e9 d&rsquo;autre part. Les clubs sportifs locaux, comme l&rsquo;\u00e9cole de boxe, donnent aux jeunes l&rsquo;occasion de se rencontrer \u00e9galement en dehors des murs de l&rsquo;\u00e9cole. Une initiative sans pr\u00e9c\u00e9dent qui s&rsquo;inscrit parfaitement dans la vision de l&rsquo;\u00e9cole. <\/span><span class='NormalTextRun SpellingErrorV2Themed SCXW233645714 BCX8'>Egied<\/span><span class='NormalTextRun SCXW233645714 BCX8'> serait l\u00e0 \u00e0 la regarder avec fiert\u00e9, car l&rsquo;homme qui a donn\u00e9 son nom \u00e0 l&rsquo;\u00e9cole a lui-m\u00eame v\u00e9cu dans un quartier ouvrier pauvre d&rsquo;Anderlecht, o\u00f9 il s&rsquo;est fait conna\u00eetre, entre autres, par son <em>Journal de l&rsquo;amiti\u00e9.<\/em><\/span><\/span><span class='EOP SCXW233645714 BCX8' data-ccp-props='{&quot;201341983&quot;:0,&quot;335559739&quot;:160,&quot;335559740&quot;:278}'>\u00a0<\/span><\/p>\n\t\t<\/div>\n\t<\/div>\n<\/div>\n<\/section>\n\n\n<section class=\"block cb block--white\" >\n\t<div class=\"block__inner cb__inner cb__inner--one\">\n\t<div class=\"col--12 col--center col--wrapper\">\n\t\t<div class=\"col col--6 editor-content\">\n\t\t\t<div class=\"embed-container\"><iframe loading=\"lazy\" title=\"\u00a9Sweco-egied-vanbroekhovenschool-akoestische-studie-low-resolution-fr-subs Video\" src=\"\" data-src-defer=\"https:\/\/fast.wistia.net\/embed\/iframe\/1gz0gxivs0?dnt=1\" allow=\"autoplay; fullscreen\" allowtransparency=\"true\" frameborder=\"0\" scrolling=\"no\" class=\"wistia_embed\" name=\"wistia_embed\" msallowfullscreen width=\"500\" height=\"281\"><\/iframe><script src=\"\" data-src-defer=\"https:\/\/fast.wistia.net\/assets\/external\/E-v1.js\" async><\/script><\/div>\n<p>&nbsp;<\/p>\n\t\t<\/div>\n\t<\/div>\n<\/div>\n<\/section>\n\n\n<section class=\"block cb block--white\" >\n\t<div class=\"block__inner cb__inner cb__inner--media-content media-content media-content--left\">\n\t<div class=\"col--10 col--wrapper media-content__wrapper\">\n\t\t\t\t\t<div class=\"col col--6 media-content__content editor-content\">\n\t\t\t\t<h2><span data-contrast=\"auto\">Une fusion harmonieuse de patrimoine et d&rsquo;innovation<\/span><span data-ccp-props=\"{&quot;201341983&quot;:0,&quot;335559739&quot;:160,&quot;335559740&quot;:278}\">\u00a0<\/span><\/h2>\n<p><span data-contrast=\"auto\">Sur l&rsquo;ancien site de la brasserie Vandenheuvel, entre la chauss\u00e9e de Ninove et la rue Alphonse Vandenpeereboom, la bi\u00e8re blonde Ekla a \u00e9t\u00e9 brass\u00e9e jusqu&rsquo;au milieu des ann\u00e9es 1970. Peu de temps apr\u00e8s avoir \u00e9t\u00e9 un magasin de vin, le b\u00e2timent est rest\u00e9 longtemps vide. Gr\u00e2ce \u00e0 la <strong>formule DBFM<\/strong> (Design, Build, Finance and Maintain), l&rsquo;ancienne brasserie a \u00e9t\u00e9 transform\u00e9e en un \u00e9tablissement d&rsquo;enseignement ultramoderne.<\/span><span data-ccp-props=\"{&quot;201341983&quot;:0,&quot;335559739&quot;:160,&quot;335559740&quot;:278}\">\u00a0<\/span><\/p>\n<p><span data-contrast=\"auto\">Eva Deheegher, Project Engineer chez Sweco, explique : Le projet respecte la valeur culturelle du patrimoine industriel. Le style Art d\u00e9co des fa\u00e7ades de la rue a \u00e9t\u00e9 restaur\u00e9 et les formes courbes sont reprises dans l&rsquo;architecture contemporaine de la nouvelle section du b\u00e2timent. M\u00eame les carreaux de sol en damier caract\u00e9ristiques ont \u00e9t\u00e9 conserv\u00e9s, cr\u00e9ant ainsi une symbiose naturelle entre l&rsquo;ancien et le nouveau. La reconversion du patrimoine historique s&rsquo;est accompagn\u00e9e<strong> d&rsquo;une importante remise \u00e0 niveau,<\/strong> ce qui rend le projet plus complexe mais aussi plus durable : en effet, moins de d\u00e9molition signifie une utilisation plus circulaire des mat\u00e9riaux.<\/span><span data-ccp-props=\"{&quot;201341983&quot;:0,&quot;335559739&quot;:160,&quot;335559740&quot;:278}\">\u00a0<\/span> <span style=\"font-size: 16px\" data-ccp-props=\"{&quot;201341983&quot;:1,&quot;335559739&quot;:0,&quot;335559740&quot;:260}\">\u00a0<\/span><\/p>\n\t\t\t<\/div>\n\t\t\t\t<div class=\"col col--6 media-content__media media-content__media--image\">\n\t\t\t<img loading=\"lazy\" decoding=\"async\" width=\"693\" height=\"410\" src=\"https:\/\/www.swecobelgium.be\/wp-content\/uploads\/sites\/12\/2024\/09\/egied-van-broeckhoven-website-3.jpg\" class=\"attachment-media-content size-media-content\" alt=\"De karakteristieke gel met wit geblokte vloertegels hebben we behouden, waardoor een natuurlijke symbiose tussen oud en nieuw ontstaat.\" full-size-url=\"https:\/\/www.swecobelgium.be\/wp-content\/uploads\/sites\/12\/2024\/09\/egied-van-broeckhoven-website-3.jpg\" srcset=\"https:\/\/www.swecobelgium.be\/wp-content\/uploads\/sites\/12\/2024\/09\/egied-van-broeckhoven-website-3.jpg 693w, https:\/\/www.swecobelgium.be\/wp-content\/uploads\/sites\/12\/2024\/09\/egied-van-broeckhoven-website-3-200x118.jpg 200w, https:\/\/www.swecobelgium.be\/wp-content\/uploads\/sites\/12\/2024\/09\/egied-van-broeckhoven-website-3-520x308.jpg 520w, https:\/\/www.swecobelgium.be\/wp-content\/uploads\/sites\/12\/2024\/09\/egied-van-broeckhoven-website-3-507x300.jpg 507w, https:\/\/www.swecobelgium.be\/wp-content\/uploads\/sites\/12\/2024\/09\/egied-van-broeckhoven-website-3-652x386.jpg 652w\" sizes=\"auto, (max-width: 693px) 100vw, 693px\" \/>\t\t\t\t\t<div class=\"media-content__media--copyright editor-content\">\n\t\t\t\t\t\t<p class=\"copyright\">Cr\u00e9dit photo :\n\n Alheembouw<\/p>\n\t\t\t\t\t<\/div>\n\t\t\t\t\n\t\t\t\n\t\t<\/div>\n\t<\/div>\n<\/div><\/section>\n\n\n<section class=\"block cb block--white\" >\n\t<div class=\"block__inner cb__inner cb__inner--media-content media-content media-content--right\">\n\t<div class=\"col--10 col--wrapper media-content__wrapper\">\n\t\t\t\t\t<div class=\"col col--6 media-content__content editor-content\">\n\t\t\t\t<h2><span data-contrast=\"auto\">Une conception durable pour un maximum d&rsquo;espace et de confort<\/span><span data-ccp-props=\"{&quot;201341983&quot;:0,&quot;335559739&quot;:160,&quot;335559740&quot;:278}\">\u00a0<\/span><\/h2>\n<p><span data-contrast=\"auto\">L&rsquo;un des plus grands d\u00e9fis du projet \u00e9tait de <strong>cr\u00e9er autant d&rsquo;espace utile que possible dans une zone limit\u00e9e.<\/strong> Le choix d&rsquo;espaces ext\u00e9rieurs superpos\u00e9s s&rsquo;est av\u00e9r\u00e9 \u00eatre une solution intelligente. La salle de sport, construite \u00e0 moiti\u00e9 sous terre, attire l&rsquo;attention des passants et invite \u00e0 l&rsquo;interaction. Une aire de jeux verte se trouve sur le toit de la salle de sport, et les espaces ext\u00e9rieurs dispers\u00e9s sur diff\u00e9rents niveaux offrent un espace pour diverses activit\u00e9s, du sport \u00e0 la d\u00e9tente.<\/span><span data-ccp-props=\"{&quot;201341983&quot;:0,&quot;335559739&quot;:160,&quot;335559740&quot;:278}\">\u00a0<\/span><\/p>\n<p><span data-contrast=\"auto\">Eva poursuit : \u00ab\u202fLe b\u00e2timent a \u00e9t\u00e9 enti\u00e8rement con\u00e7u dans un souci de qualit\u00e9 p\u00e9dagogique pour les plus de 800 \u00e9l\u00e8ves, en accordant <strong>une attention particuli\u00e8re \u00e0 leur confort et \u00e0 leur bien-\u00eatre.<\/strong> Les aspects fonctionnels tels que l&rsquo;acoustique, la temp\u00e9rature ambiante et une lumi\u00e8re du jour suffisante \u00e9taient cruciaux \u00bb. Ce n&rsquo;\u00e9tait pas une t\u00e2che facile \u00e0 partir d&rsquo;un b\u00e2timent industriel existant. Et pourtant, c&rsquo;est pr\u00e9cis\u00e9ment ainsi qu&rsquo;est n\u00e9e une \u0153uvre architecturale extraordinaire : un patio central ouvert servant de filtre \u00e0 la lumi\u00e8re du jour. Des technologies de ventilation durables garantissent un climat int\u00e9rieur sain. Depuis le COVID-19, nous savons qu&rsquo;une faible concentration de CO<\/span><span data-contrast=\"auto\">2<\/span><span data-contrast=\"auto\"> et un air pur permettent aux \u00e9l\u00e8ves d&rsquo;\u00eatre en meilleure sant\u00e9 et d&rsquo;am\u00e9liorer leurs performances cognitives.\u202f\u00bb<\/span><span data-ccp-props=\"{&quot;201341983&quot;:0,&quot;335559739&quot;:160,&quot;335559740&quot;:278}\">\u00a0<\/span><\/p>\n\t\t\t<\/div>\n\t\t\t\t<div class=\"col col--6 media-content__media media-content__media--image\">\n\t\t\t<img loading=\"lazy\" decoding=\"async\" width=\"693\" height=\"410\" src=\"https:\/\/www.swecobelgium.be\/wp-content\/uploads\/sites\/12\/2024\/09\/egied-van-broeckhoven-website-6.jpg\" class=\"attachment-media-content size-media-content\" alt=\"Op de voormalige site van brouwerij Vandenheuvel in Sint-Jans-Molenbeek staat vandaag de Egied Van Broeckhovenschool. De art-decostijl van de straatgevels is in ere hersteld.\" full-size-url=\"https:\/\/www.swecobelgium.be\/wp-content\/uploads\/sites\/12\/2024\/09\/egied-van-broeckhoven-website-6.jpg\" srcset=\"https:\/\/www.swecobelgium.be\/wp-content\/uploads\/sites\/12\/2024\/09\/egied-van-broeckhoven-website-6.jpg 693w, https:\/\/www.swecobelgium.be\/wp-content\/uploads\/sites\/12\/2024\/09\/egied-van-broeckhoven-website-6-200x118.jpg 200w, https:\/\/www.swecobelgium.be\/wp-content\/uploads\/sites\/12\/2024\/09\/egied-van-broeckhoven-website-6-520x308.jpg 520w, https:\/\/www.swecobelgium.be\/wp-content\/uploads\/sites\/12\/2024\/09\/egied-van-broeckhoven-website-6-507x300.jpg 507w, https:\/\/www.swecobelgium.be\/wp-content\/uploads\/sites\/12\/2024\/09\/egied-van-broeckhoven-website-6-652x386.jpg 652w\" sizes=\"auto, (max-width: 693px) 100vw, 693px\" \/>\t\t\t\t\t<div class=\"media-content__media--copyright editor-content\">\n\t\t\t\t\t\t<p class=\"copyright\">Cr\u00e9dit photo :\n\n Alheembouw<\/p>\n\t\t\t\t\t<\/div>\n\t\t\t\t\n\t\t\t\n\t\t<\/div>\n\t<\/div>\n<\/div><\/section>\n\n\n<section class=\"block cb block--white\" >\n\t<div class=\"block__inner cb__inner cb__inner--one\">\n\t<div class=\"col--12 col--center col--wrapper\">\n\t\t<div class=\"col col--6 editor-content\">\n\t\t\t<h2><span data-contrast=\"auto\">Des techniques peu \u00e9nergivores pour un avenir vert<\/span><span data-ccp-props=\"{&quot;201341983&quot;:0,&quot;335559739&quot;:160,&quot;335559740&quot;:278}\">\u00a0<\/span><\/h2>\n<p><span data-contrast=\"auto\">Wim Meyns, Manager MEP Engineering, ajoute : &lsquo;Gr\u00e2ce \u00e0 <strong>une <a href=\"https:\/\/www.swecobelgium.be\/fr\/services\/gestion-des-ecarts-de-performance\/\">optimisation \u00e9nerg\u00e9tique<\/a> approfondie,<\/strong> nos performances sont de 30 % sup\u00e9rieures aux normes EPC et EPB. Cette approche permet non seulement de r\u00e9duire les factures d&rsquo;\u00e9nergie, mais aussi de contribuer \u00e0 un avenir meilleur et plus vert \u00bb. Outre l&rsquo;installation de panneaux solaires, nous avons opt\u00e9 pour une isolation de haute qualit\u00e9, un \u00e9clairage intelligent et un syst\u00e8me de ventilation \u00e0 la demande. Mais l&rsquo;aspect le plus innovant de ce projet est l&rsquo;utilisation de l&rsquo;\u00e9nergie g\u00e9othermique, une technologie qui utilise la chaleur des forages g\u00e9othermiques. En hiver, la chaleur est extraite gr\u00e2ce \u00e0 l&rsquo;\u00e9nergie du sol et achemin\u00e9e vers le b\u00e2timent au moyen d&rsquo;une pompe \u00e0 chaleur. En cons\u00e9quence, le sol se refroidit vers la fin de l&rsquo;hiver et, ensuite, nous utilisons ce froid pendant l&rsquo;\u00e9t\u00e9 pour maintenir les salles de classe agr\u00e9ablement fra\u00eeches. Parce que la chaleur du sous-sol se renouvelle naturellement en permanence, <strong>la g\u00e9othermie<\/strong> est une source d&rsquo;\u00e9nergie renouvelable qui offre une <a href=\"https:\/\/www.swecobelgium.be\/fr\/expertise\/solutions-energetiques\/\">efficacit\u00e9 \u00e9nerg\u00e9tique<\/a> optimale : une alternative durable aux \u00e9nergies fossiles. Enfin, l&rsquo;eau de pluie est r\u00e9cup\u00e9r\u00e9e et r\u00e9utilis\u00e9e pour alimenter les toilettes et arroser les plantes de la cour de r\u00e9cr\u00e9ation.<\/span><span data-ccp-props=\"{&quot;201341983&quot;:0,&quot;335559739&quot;:160,&quot;335559740&quot;:278}\">\u00a0<\/span><\/p>\n\t\t<\/div>\n\t<\/div>\n<\/div>\n<\/section>\n\n\n<section class=\"block cb block--white\" >\n\t<div class=\"block__inner cb__inner cb__inner--one\">\n\t<div class=\"col--12 col--center col--wrapper\">\n\t\t<div class=\"col col--6 editor-content\">\n\t\t\t<h2><span data-contrast=\"auto\">La coop\u00e9ration, cl\u00e9 de la r\u00e9ussite<\/span><span data-ccp-props=\"{&quot;201341983&quot;:0,&quot;335559739&quot;:160,&quot;335559740&quot;:278}\">\u00a0<\/span><\/h2>\n<p><span data-contrast=\"auto\">Avant m\u00eame la pose de la premi\u00e8re pierre, <strong>l&rsquo;\u00e9quipe de conception et les experts MEP<\/strong> (m\u00e9canique, \u00e9lectricit\u00e9 et plomberie) ont jou\u00e9 un r\u00f4le essentiel dans la r\u00e9alisation de ce projet. Des centaines d&rsquo;heures d&rsquo;\u00e9tude et de concertation avec les architectes, les entrepreneurs et les autres partenaires de la construction ont pr\u00e9c\u00e9d\u00e9 les travaux. La r\u00e9alisation d&rsquo;un projet d&rsquo;une telle envergure dans le respect des d\u00e9lais et du budget \u00e9tait un d\u00e9fi, mais gr\u00e2ce \u00e0 <strong>l&rsquo;excellente coop\u00e9ration<\/strong> entre toutes les parties concern\u00e9es, chaque phase de la construction s&rsquo;est d\u00e9roul\u00e9e sans encombre. Outre le client, le cabinet d&rsquo;architectes et l&rsquo;entrepreneur principal, le projet a \u00e9t\u00e9 r\u00e9alis\u00e9 en collaboration avec :<\/span><span data-ccp-props=\"{&quot;201341983&quot;:0,&quot;335559739&quot;:160,&quot;335559740&quot;:278}\">\u00a0<\/span><\/p>\n<p>&nbsp;<\/p>\n<ul>\n<li><span data-contrast=\"auto\">Architecte: B2Ai<\/span><\/li>\n<li><span data-contrast=\"auto\">Gestion du projet : PREO<\/span><span data-ccp-props=\"{&quot;201341983&quot;:0,&quot;335559739&quot;:160,&quot;335559740&quot;:278}\">\u00a0<\/span><\/li>\n<li><span data-contrast=\"auto\">\u00c9quipe DBFM<\/span><span data-ccp-props=\"{&quot;201341983&quot;:0,&quot;335559739&quot;:160,&quot;335559740&quot;:278}\">\u00a0<\/span><\/li>\n<li><span data-contrast=\"auto\">Consortium ABC02 compos\u00e9 de Alheembouw NV et Invesis<\/span><span data-ccp-props=\"{&quot;201341983&quot;:0,&quot;335559739&quot;:160,&quot;335559740&quot;:278}\">\u00a0<\/span><\/li>\n<li><span data-contrast=\"auto\">Architecte d&rsquo;int\u00e9rieur : B2Ai interior design<\/span><span data-ccp-props=\"{&quot;201341983&quot;:0,&quot;335559739&quot;:160,&quot;335559740&quot;:278}\">\u00a0<\/span><\/li>\n<li><span data-contrast=\"auto\">Architecte paysagiste : Stefaan Thiers<\/span><span data-ccp-props=\"{&quot;201341983&quot;:0,&quot;335559739&quot;:160,&quot;335559740&quot;:278}\">\u00a0<\/span><\/li>\n<li><span data-contrast=\"auto\">Stabilit\u00e9, techniques et acoustique: Sweco<\/span><\/li>\n<li><span data-contrast=\"auto\">Exploitation et maintenance : BAM FM<\/span><span data-ccp-props=\"{&quot;201341983&quot;:0,&quot;335559739&quot;:160,&quot;335559740&quot;:278}\">\u00a0<\/span><\/li>\n<\/ul>\n<p>&nbsp;<\/p>\n<p><span data-contrast=\"auto\">L&rsquo;\u00e9cole Egied Van Broeckhoven est un exemple inspirant de la mani\u00e8re dont des techniques de construction durables et \u00e9conomes en \u00e9nergie peuvent contribuer \u00e0 un avenir meilleur, non seulement pour la g\u00e9n\u00e9ration actuelle d&rsquo;\u00e9l\u00e8ves et d&rsquo;enseignants, mais aussi pour la soci\u00e9t\u00e9 dans son ensemble.<\/span><span data-ccp-props=\"{&quot;201341983&quot;:0,&quot;335559739&quot;:160,&quot;335559740&quot;:278}\">\u00a0<\/span><\/p>\n\t\t<\/div>\n\t<\/div>\n<\/div>\n<\/section>\n\n\n<section class=\"block block--white columns\" >\n\t<div class=\"block__inner columns__inner\">\n\t\t<div class=\"col--11 col--wrapper col--stretch\">\n\t\t\t\n\t\t\t\t\t\t\t<div class=\"columns__col col col--4\">\n\t\t\t\t\t<div class=\"editor-content columns__content columns__content--image\">\n\t\t\t\t\t\t<img loading=\"lazy\" decoding=\"async\" width=\"693\" height=\"410\" src=\"https:\/\/www.swecobelgium.be\/wp-content\/uploads\/sites\/12\/2024\/09\/egied-van-broeckhoven-website-2.jpg\" class=\"attachment-full size-full\" alt=\"De gebogen vormen van het historische stuk keren terug in de hedendaagse architectuur van het nieuwbouwgedeelte\" srcset=\"https:\/\/www.swecobelgium.be\/wp-content\/uploads\/sites\/12\/2024\/09\/egied-van-broeckhoven-website-2.jpg 693w, https:\/\/www.swecobelgium.be\/wp-content\/uploads\/sites\/12\/2024\/09\/egied-van-broeckhoven-website-2-200x118.jpg 200w, https:\/\/www.swecobelgium.be\/wp-content\/uploads\/sites\/12\/2024\/09\/egied-van-broeckhoven-website-2-520x308.jpg 520w, https:\/\/www.swecobelgium.be\/wp-content\/uploads\/sites\/12\/2024\/09\/egied-van-broeckhoven-website-2-507x300.jpg 507w, https:\/\/www.swecobelgium.be\/wp-content\/uploads\/sites\/12\/2024\/09\/egied-van-broeckhoven-website-2-652x386.jpg 652w\" sizes=\"auto, (max-width: 693px) 100vw, 693px\" \/>\t\t\t\t\t<\/div>\n\t\t\t\t<\/div>\n\t\t\t\t\t\t\t<div class=\"columns__col col col--4\">\n\t\t\t\t\t<div class=\"editor-content columns__content columns__content--image\">\n\t\t\t\t\t\t<img loading=\"lazy\" decoding=\"async\" width=\"693\" height=\"410\" src=\"https:\/\/www.swecobelgium.be\/wp-content\/uploads\/sites\/12\/2024\/09\/egied-van-broeckhoven-website-4.jpg\" class=\"attachment-full size-full\" alt=\"Multifunctionele ruimtes en klaslokalen in de vernieuwde Egied Van Broeckhovenschool\" srcset=\"https:\/\/www.swecobelgium.be\/wp-content\/uploads\/sites\/12\/2024\/09\/egied-van-broeckhoven-website-4.jpg 693w, https:\/\/www.swecobelgium.be\/wp-content\/uploads\/sites\/12\/2024\/09\/egied-van-broeckhoven-website-4-200x118.jpg 200w, https:\/\/www.swecobelgium.be\/wp-content\/uploads\/sites\/12\/2024\/09\/egied-van-broeckhoven-website-4-520x308.jpg 520w, https:\/\/www.swecobelgium.be\/wp-content\/uploads\/sites\/12\/2024\/09\/egied-van-broeckhoven-website-4-507x300.jpg 507w, https:\/\/www.swecobelgium.be\/wp-content\/uploads\/sites\/12\/2024\/09\/egied-van-broeckhoven-website-4-652x386.jpg 652w\" sizes=\"auto, (max-width: 693px) 100vw, 693px\" \/>\t\t\t\t\t<\/div>\n\t\t\t\t<\/div>\n\t\t\t\t\t\t\t<div class=\"columns__col col col--4\">\n\t\t\t\t\t<div class=\"editor-content columns__content columns__content--image\">\n\t\t\t\t\t\t<img loading=\"lazy\" decoding=\"async\" width=\"693\" height=\"410\" src=\"https:\/\/www.swecobelgium.be\/wp-content\/uploads\/sites\/12\/2024\/09\/egied-van-broeckhoven-website-5.jpg\" class=\"attachment-full size-full\" alt=\"De Egied Van Broeckhovenschool is een inspirerend voorbeeld van hoe duurzame en energie-effici\u00ebnte bouwtechnieken kunnen bijdragen aan een betere toekomst voor de huidige generatie leerlingen en leerkrachten.\" srcset=\"https:\/\/www.swecobelgium.be\/wp-content\/uploads\/sites\/12\/2024\/09\/egied-van-broeckhoven-website-5.jpg 693w, https:\/\/www.swecobelgium.be\/wp-content\/uploads\/sites\/12\/2024\/09\/egied-van-broeckhoven-website-5-200x118.jpg 200w, https:\/\/www.swecobelgium.be\/wp-content\/uploads\/sites\/12\/2024\/09\/egied-van-broeckhoven-website-5-520x308.jpg 520w, https:\/\/www.swecobelgium.be\/wp-content\/uploads\/sites\/12\/2024\/09\/egied-van-broeckhoven-website-5-507x300.jpg 507w, https:\/\/www.swecobelgium.be\/wp-content\/uploads\/sites\/12\/2024\/09\/egied-van-broeckhoven-website-5-652x386.jpg 652w\" sizes=\"auto, (max-width: 693px) 100vw, 693px\" \/>\t\t\t\t\t<\/div>\n\t\t\t\t<\/div>\n\t\t\t\n\t\t<\/div>\n\t<\/div>\n<\/section>\n\n\n<section class=\"block block--white latest-insights\" >\n\t<div class=\"block__inner latest-insights__inner\">\n\t\t<div class=\"col--11 col--wrapper\">\n\t\t\t\t\t\t\t<div class=\"col col--12 editor-content latest-insights__title\">\n\t\t\t\t\t<h2 class=\"h2 hyphenate\">Autres actualit\u00e9s<\/h2>\t\t\t\t<\/div>\n\t\t\t\n\t\t\t\t\t\t\t\t<div class=\"col col--4 insight\" data-clickable=\"true\">\n\t\t\t\t\t\t<img loading=\"lazy\" decoding=\"async\" width=\"520\" height=\"296\" src=\"https:\/\/www.swecobelgium.be\/wp-content\/uploads\/sites\/12\/2026\/04\/Say-Cheese_23042026_AquafinAwards-projectteam-Brugge-Oostende-520x296.jpg\" class=\"attachment-insights-featured size-insights-featured wp-post-image\" alt=\"Projectteams bekroond met speciale prijs op Aquafin Awards\" \/>\t\t\t\t\t\t<div class=\"insight__content editor-content\">\n\t\t\t\t\t\t\t<em class=\"cats\">Eau<span class=\"cats__sep\"><\/span>24\/04\/2026<\/em>\t\t\t\t\t\t\t<h3><a href=\"https:\/\/www.swecobelgium.be\/fr\/actualites\/des-equipes-de-projet-recompensees-par-un-prix-special-lors-des-aquafin-awards\/\">Des \u00e9quipes de projet r\u00e9compens\u00e9es par un prix sp\u00e9cial lors des Aquafin Awards<\/a><\/h3>\n\t\t\t\t\t\t\t<p> <span class=\"readmore\">En savoir plus<\/span><\/p>\n\t\t\t\t\t\t<\/div>\n\t\t\t\t\t<\/div>\n\t\t\t\t\t\t\t\t\t<div class=\"col col--4 insight\" data-clickable=\"true\">\n\t\t\t\t\t\t<img loading=\"lazy\" decoding=\"async\" width=\"520\" height=\"296\" src=\"https:\/\/www.swecobelgium.be\/wp-content\/uploads\/sites\/12\/2026\/04\/Helene-Rillaerts_016919_\u252c\u2310fayepynaert-520x296.jpg\" class=\"attachment-insights-featured size-insights-featured wp-post-image\" alt=\"\" \/>\t\t\t\t\t\t<div class=\"insight__content editor-content\">\n\t\t\t\t\t\t\t<em class=\"cats\"><a href=\"https:\/\/www.swecobelgium.be\/fr\/services\/masterplanning\/\">Urbanisme<\/a> et espaces publics, Expert Talk<span class=\"cats__sep\"><\/span>22\/04\/2026<\/em>\t\t\t\t\t\t\t<h3><a href=\"https:\/\/www.swecobelgium.be\/fr\/actualites\/helene-rillaerts-renforce-lurbanisme-en-belgique-grace-a-un-double-engagement\/\">H\u00e9l\u00e8ne Rillaerts renforce l\u2019urbanisme en Belgique gr\u00e2ce \u00e0 un double engagement<\/a><\/h3>\n\t\t\t\t\t\t\t<p> <span class=\"readmore\">En savoir plus<\/span><\/p>\n\t\t\t\t\t\t<\/div>\n\t\t\t\t\t<\/div>\n\t\t\t\t\t\t\t\t\t<div class=\"col col--4 insight\" data-clickable=\"true\">\n\t\t\t\t\t\t<img loading=\"lazy\" decoding=\"async\" width=\"520\" height=\"250\" src=\"https:\/\/www.swecobelgium.be\/wp-content\/uploads\/sites\/12\/2026\/04\/Fotobanner-full-width-28-520x250.png\" class=\"attachment-insights-featured size-insights-featured wp-post-image\" alt=\"\" \/>\t\t\t\t\t\t<div class=\"insight__content editor-content\">\n\t\t\t\t\t\t\t<em class=\"cats\">Transition industrielle, Industrietransitie, Sweco Loket<span class=\"cats__sep\"><\/span>21\/04\/2026<\/em>\t\t\t\t\t\t\t<h3><a href=\"https:\/\/www.swecobelgium.be\/fr\/actualites\/sweco-accompagne-messer-benelux-dans-la-procedure-de-permis-pour-une-nouvelle-unite-de-separation-de-lair\/\">Sweco accompagne Messer Benelux dans la proc\u00e9dure de permis pour une nouvelle unit\u00e9 de s\u00e9paration de l\u2019air<\/a><\/h3>\n\t\t\t\t\t\t\t<p> <span class=\"readmore\">En savoir plus<\/span><\/p>\n\t\t\t\t\t\t<\/div>\n\t\t\t\t\t<\/div>\n\t\t\t\t\n\t\t\t\t\t<\/div>\n\t<\/div>\n<\/section>\n\n<section class=\"block form-block block--lightgray\" >\n\t<div class=\"block__inner form-block__inner \">\n\n                    <div class=\"col--11 col--wrapper\">\n                                    <div class=\"col col--4 editor-content form-block__title\">\n                        <h2 class=\"h2 hyphenate\">Inscrivez-vous \u00e0 notre newsletter<\/h2>                    <\/div>\n                    <div class=\"col--12 col\"><\/div>\n                \n                <div class=\"col col--4 editor-content\">\n                    Recevez des mises \u00e0 jour sur des projets innovants, des <a href=\"https:\/\/www.swecobelgium.be\/fr\/durabilite\/\">solutions durables<\/a> et des analyses exclusives de Sweco. Abonnez-vous d\u00e8s maintenant et participez \u00e0 la transformation de demain.\r\n\r\n\r\n\r\n\r\n\r\n\r\n\r\n                <\/div>\n\n                <div class=\"col col--7\">\n                    <script type=\"text\/javascript\">\n\/* <![CDATA[ *\/\nvar gform;gform||(document.addEventListener(\"gform_main_scripts_loaded\",function(){gform.scriptsLoaded=!0}),document.addEventListener(\"gform\/theme\/scripts_loaded\",function(){gform.themeScriptsLoaded=!0}),window.addEventListener(\"DOMContentLoaded\",function(){gform.domLoaded=!0}),gform={domLoaded:!1,scriptsLoaded:!1,themeScriptsLoaded:!1,isFormEditor:()=>\"function\"==typeof InitializeEditor,callIfLoaded:function(o){return!(!gform.domLoaded||!gform.scriptsLoaded||!gform.themeScriptsLoaded&&!gform.isFormEditor()||(gform.isFormEditor()&&console.warn(\"The use of gform.initializeOnLoaded() is deprecated in the form editor context and will be removed in Gravity Forms 3.1.\"),o(),0))},initializeOnLoaded:function(o){gform.callIfLoaded(o)||(document.addEventListener(\"gform_main_scripts_loaded\",()=>{gform.scriptsLoaded=!0,gform.callIfLoaded(o)}),document.addEventListener(\"gform\/theme\/scripts_loaded\",()=>{gform.themeScriptsLoaded=!0,gform.callIfLoaded(o)}),window.addEventListener(\"DOMContentLoaded\",()=>{gform.domLoaded=!0,gform.callIfLoaded(o)}))},hooks:{action:{},filter:{}},addAction:function(o,r,e,t){gform.addHook(\"action\",o,r,e,t)},addFilter:function(o,r,e,t){gform.addHook(\"filter\",o,r,e,t)},doAction:function(o){gform.doHook(\"action\",o,arguments)},applyFilters:function(o){return gform.doHook(\"filter\",o,arguments)},removeAction:function(o,r){gform.removeHook(\"action\",o,r)},removeFilter:function(o,r,e){gform.removeHook(\"filter\",o,r,e)},addHook:function(o,r,e,t,n){null==gform.hooks[o][r]&&(gform.hooks[o][r]=[]);var d=gform.hooks[o][r];null==n&&(n=r+\"_\"+d.length),gform.hooks[o][r].push({tag:n,callable:e,priority:t=null==t?10:t})},doHook:function(r,o,e){var t;if(e=Array.prototype.slice.call(e,1),null!=gform.hooks[r][o]&&((o=gform.hooks[r][o]).sort(function(o,r){return o.priority-r.priority}),o.forEach(function(o){\"function\"!=typeof(t=o.callable)&&(t=window[t]),\"action\"==r?t.apply(null,e):e[0]=t.apply(null,e)})),\"filter\"==r)return e[0]},removeHook:function(o,r,t,n){var e;null!=gform.hooks[o][r]&&(e=(e=gform.hooks[o][r]).filter(function(o,r,e){return!!(null!=n&&n!=o.tag||null!=t&&t!=o.priority)}),gform.hooks[o][r]=e)}});\n\/* ]]> *\/\n<\/script>\n\n                <div class='gf_browser_gecko gform_wrapper gform_legacy_markup_wrapper gform-theme--no-framework' data-form-theme='legacy' data-form-index='0' id='gform_wrapper_15' ><form class=\"gform_analytics_tracking\" method='post' enctype='multipart\/form-data' target='gform_ajax_frame_15' id='gform_15'  action='\/fr\/wp-json\/wp\/v2\/blog\/31156' data-formid='15' novalidate autocomplete=\"off\">\n                        <div class='gform-body gform_body'><ul id='gform_fields_15' class='gform_fields top_label form_sublabel_below description_below validation_below'><li id=\"field_15_13\" class=\"gfield gfield--type-honeypot gform_validation_container field_sublabel_below gfield--has-description field_description_below field_validation_below gfield_visibility_visible gform_honeypot\"  data-field-class=\"gform_honeypot\" ><label class='gfield_label gform-field-label' for='input_15_13'>Facebook<\/label><div class='ginput_container'><input autocomplete=\"off\"  name='input_13' id='input_15_13' type='text' value='' autocomplete='new-password'\/><\/div><div class='gfield_description' id='gfield_description_15_13'>Ce champ n\u2019est utilis\u00e9 qu\u2019\u00e0 des fins de validation et devrait rester inchang\u00e9.<\/div><\/li><li id=\"field_15_5\" class=\"gfield gfield--type-email gfield--input-type-email gfield--width-full gfield_contains_required field_sublabel_below gfield--no-description field_description_below field_validation_below gfield_visibility_visible gform_email\"  data-field-class=\"gform_email\" ><label class='gfield_label gform-field-label' for='input_15_5'>E-mail<span class=\"gfield_required\"><span class=\"gfield_required gfield_required_asterisk\">*<\/span><\/span><\/label><div class='ginput_container ginput_container_email'>\n                            <input autocomplete=\"off\"  name='input_5' id='input_15_5' type='email' value='' class='large'    aria-required=\"true\" aria-invalid=\"false\"  \/>\n                        <\/div><\/li><li id=\"field_15_7\" class=\"gfield gfield--type-text gfield--input-type-text gfield--width-full gfield_contains_required field_sublabel_below gfield--no-description field_description_below field_validation_below gfield_visibility_visible gform_text\"  data-field-class=\"gform_text\" ><label class='gfield_label gform-field-label' for='input_15_7'>Pr\u00e9nom<span class=\"gfield_required\"><span class=\"gfield_required gfield_required_asterisk\">*<\/span><\/span><\/label><div class='ginput_container ginput_container_text'><input autocomplete=\"off\"  name='input_7' id='input_15_7' type='text' value='' class='large'     aria-required=\"true\" aria-invalid=\"false\"   \/><\/div><\/li><li id=\"field_15_8\" class=\"gfield gfield--type-text gfield--input-type-text gfield--width-full gfield_contains_required field_sublabel_below gfield--no-description field_description_below field_validation_below gfield_visibility_visible gform_text\"  data-field-class=\"gform_text\" ><label class='gfield_label gform-field-label' for='input_15_8'>Nom de famille<span class=\"gfield_required\"><span class=\"gfield_required gfield_required_asterisk\">*<\/span><\/span><\/label><div class='ginput_container ginput_container_text'><input autocomplete=\"off\"  name='input_8' id='input_15_8' type='text' value='' class='large'     aria-required=\"true\" aria-invalid=\"false\"   \/><\/div><\/li><li id=\"field_15_10\" class=\"gfield gfield--type-text gfield--input-type-text gfield--width-full field_sublabel_below gfield--no-description field_description_below field_validation_below gfield_visibility_visible gform_text\"  data-field-class=\"gform_text\" ><label class='gfield_label gform-field-label' for='input_15_10'>Entreprise (facultatif)<\/label><div class='ginput_container ginput_container_text'><input autocomplete=\"off\"  name='input_10' id='input_15_10' type='text' value='' class='large'      aria-invalid=\"false\"   \/><\/div><\/li><li id=\"field_15_11\" class=\"gfield gfield--type-radio gfield--type-choice gfield--input-type-radio gfield--width-full gfield_contains_required field_sublabel_below gfield--no-description field_description_below field_validation_below gfield_visibility_visible gform_radio\"  data-field-class=\"gform_radio\" ><label class='gfield_label gform-field-label' >Je souhaite recevoir la lettre d\u2019information en<span class=\"gfield_required\"><span class=\"gfield_required gfield_required_asterisk\">*<\/span><\/span><\/label><div class='ginput_container ginput_container_radio'><ul class='gfield_radio' id='input_15_11'>\n\t\t\t<li class='gchoice gchoice_15_11_0'>\n\t\t\t\t<input autocomplete=\"off\"  name='input_11' type='radio' value='n\u00e9erlandais'  id='choice_15_11_0'    \/>\n\t\t\t\t<label for='choice_15_11_0' id='label_15_11_0' class='gform-field-label gform-field-label--type-inline'>n\u00e9erlandais<\/label>\n\t\t\t<\/li>\n\t\t\t<li class='gchoice gchoice_15_11_1'>\n\t\t\t\t<input autocomplete=\"off\"  name='input_11' type='radio' value='fran\u00e7ais'  id='choice_15_11_1'    \/>\n\t\t\t\t<label for='choice_15_11_1' id='label_15_11_1' class='gform-field-label gform-field-label--type-inline'>fran\u00e7ais<\/label>\n\t\t\t<\/li>\n\t\t\t<li class='gchoice gchoice_15_11_2'>\n\t\t\t\t<input autocomplete=\"off\"  name='input_11' type='radio' value='anglais'  id='choice_15_11_2'    \/>\n\t\t\t\t<label for='choice_15_11_2' id='label_15_11_2' class='gform-field-label gform-field-label--type-inline'>anglais<\/label>\n\t\t\t<\/li><\/ul><\/div><\/li><li id=\"field_15_9\" class=\"gfield gfield--type-consent gfield--type-choice gfield--input-type-consent gfield--width-full gfield_contains_required field_sublabel_below gfield--no-description field_description_below field_validation_below gfield_visibility_visible gform_consent\"  data-field-class=\"gform_consent\" ><label class='gfield_label gform-field-label screen-reader-text gfield_label_before_complex' ><span class=\"gfield_required\"><span class=\"gfield_required gfield_required_asterisk\">*<\/span><\/span><\/label><div class='ginput_container ginput_container_consent'><input autocomplete=\"off\"  name='input_9.1' id='input_15_9_1' type='checkbox' value='1'   aria-required=\"true\" aria-invalid=\"false\"   \/> <label class=\"gform-field-label gform-field-label--type-inline gfield_consent_label\" for='input_15_9_1' >En envoyant vos informations, vous marquez votre accord avec la politique en mati\u00e8re de protection de la vie priv\u00e9e de Sweco. <a href=\"https:\/\/www.swecobelgium.be\/fr\/privacy-notice\/\">Cliquez ici<\/a> pour en savoir plus sur la mani\u00e8re dont nous sauvegardons vos donn\u00e9es.<\/label><input autocomplete=\"off\"  type='hidden' name='input_9.2' value='En envoyant vos informations, vous marquez votre accord avec la politique en mati\u00e8re de protection de la vie priv\u00e9e de Sweco. &lt;a href=&quot;https:\/\/www.swecobelgium.be\/fr\/privacy-notice\/&quot;&gt;Cliquez ici&lt;\/a&gt; pour en savoir plus sur la mani\u00e8re dont nous sauvegardons vos donn\u00e9es.' class='gform_hidden' \/><input autocomplete=\"off\"  type='hidden' name='input_9.3' value='13' class='gform_hidden' \/><\/div><\/li><li id=\"field_15_12\" class=\"gfield gfield--type-checkbox gfield--type-choice gfield--input-type-checkbox field_sublabel_below gfield--has-description field_description_below field_validation_below gfield_visibility_visible gform_checkbox\"  data-field-class=\"gform_checkbox\" ><label class='gfield_label gform-field-label gfield_label_before_complex' >Communications par e-mail<\/label><div class='ginput_container ginput_container_checkbox'><ul class='gfield_checkbox' id='input_15_12'><li class='gchoice gchoice_15_12_1'>\n\t\t\t\t\t\t\t\t<input autocomplete=\"off\"  class='gfield-choice-input' name='input_12.1' type='checkbox'  value='J\u2019autorise l\u2019envoi de communications par e-mail concernant des mises \u00e0 jour, services ou \u00e9v\u00e9nements pertinents.'  id='choice_15_12_1'   aria-describedby=\"gfield_description_15_12\"\/>\n\t\t\t\t\t\t\t\t<label for='choice_15_12_1' id='label_15_12_1' class='gform-field-label gform-field-label--type-inline'>J\u2019autorise l\u2019envoi de communications par e-mail concernant des mises \u00e0 jour, services ou \u00e9v\u00e9nements pertinents.<\/label>\n\t\t\t\t\t\t\t<\/li><\/ul><\/div><div class='gfield_description' id='gfield_description_15_12'>Vous pouvez retirer votre consentement \u00e0 tout moment via le lien de d\u00e9sinscription dans nos e-mails.<\/div><\/li><\/ul><\/div>\n        <div class='gform-footer gform_footer top_label'> <button class='btn btn__primary' id='gform_submit_button_15'><span>Tenez-moi au courant !<\/span><\/button> <input type='hidden' name='gform_ajax' value='form_id=15&amp;title=&amp;description=&amp;tabindex=0&amp;theme=legacy&amp;hash=b35c59816435acd5e43b3f8942c6b7b1' \/>\n            <input type='hidden' class='gform_hidden' name='gform_submission_method' data-js='gform_submission_method_15' value='iframe' \/>\n            <input type='hidden' class='gform_hidden' name='gform_theme' data-js='gform_theme_15' id='gform_theme_15' value='legacy' \/>\n            <input type='hidden' class='gform_hidden' name='gform_style_settings' data-js='gform_style_settings_15' id='gform_style_settings_15' value='' \/>\n            <input type='hidden' class='gform_hidden' name='is_submit_15' value='1' \/>\n            <input type='hidden' class='gform_hidden' name='gform_submit' value='15' \/>\n            \n            <input type='hidden' class='gform_hidden' name='gform_unique_id' value='' \/>\n            <input type='hidden' class='gform_hidden' name='state_15' value='WyJ7XCIxMVwiOltcImYwMDQxZjQ0ZmNjYjhjMzkxNzhjYWRkZDJjODQ1MmUxXCIsXCIzYjA4YTg3ZmE1ZWZlMmFiZjUxZDcwMmI3ZGFlZTQ5NlwiLFwiYzlhZGM0YzI0MzljMTNhNjJiZmNmNjRkZjI4ZTA3OWRcIl0sXCI5LjFcIjpcIjVhYWVlZmI3NTc0MTU1YjA1ZTkwNjQxMWI2MWVlNGZiXCIsXCI5LjJcIjpcIjkwYTM0ZGVjYjM0ZmJlNjIzNmNjNmZmYmRiMjNjMmJhXCIsXCI5LjNcIjpcImQzYjBjMjE4N2ZmNGY4MGYxZDkxNTk0ZWIyM2RiYWNjXCIsXCIxMi4xXCI6XCJlNDA1ZWNkY2NhMjVkMWE5ODNiMjc4MWY5ZDMwMzJmYlwifSIsImU3MThjYzUwNzU5ZWZmNmQ0MmNhN2EwYTUwMzkxYzFhIl0=' \/>\n            <input type='hidden' autocomplete='off' class='gform_hidden' name='gform_target_page_number_15' id='gform_target_page_number_15' value='0' \/>\n            <input type='hidden' autocomplete='off' class='gform_hidden' name='gform_source_page_number_15' id='gform_source_page_number_15' value='1' \/>\n            <input type='hidden' name='gform_field_values' value='' \/>\n            \n        <\/div>\n                        <\/form>\n                        <\/div>\n\t\t                <iframe style='display:none;width:0px;height:0px;' src='about:blank' name='gform_ajax_frame_15' id='gform_ajax_frame_15' title='Cette iframe contient la logique n\u00e9cessaire pour manipuler Gravity Forms avec Ajax.'><\/iframe>\n\t\t                <script type=\"text\/javascript\">\n\/* <![CDATA[ *\/\n gform.initializeOnLoaded( function() {gformInitSpinner( 15, 'https:\/\/www.swecobelgium.be\/wp-content\/themes\/sweco\/assets\/dist\/oval.svg', true );jQuery('#gform_ajax_frame_15').on('load',function(){var contents = jQuery(this).contents().find('*').html();var is_postback = contents.indexOf('GF_AJAX_POSTBACK') >= 0;if(!is_postback){return;}var form_content = jQuery(this).contents().find('#gform_wrapper_15');var is_confirmation = jQuery(this).contents().find('#gform_confirmation_wrapper_15').length > 0;var is_redirect = contents.indexOf('gformRedirect(){') >= 0;var is_form = form_content.length > 0 && ! is_redirect && ! is_confirmation;var mt = parseInt(jQuery('html').css('margin-top'), 10) + parseInt(jQuery('body').css('margin-top'), 10) + 100;if(is_form){jQuery('#gform_wrapper_15').html(form_content.html());if(form_content.hasClass('gform_validation_error')){jQuery('#gform_wrapper_15').addClass('gform_validation_error');} else {jQuery('#gform_wrapper_15').removeClass('gform_validation_error');}setTimeout( function() { \/* delay the scroll by 50 milliseconds to fix a bug in chrome *\/  }, 50 );if(window['gformInitDatepicker']) {gformInitDatepicker();}if(window['gformInitPriceFields']) {gformInitPriceFields();}var current_page = jQuery('#gform_source_page_number_15').val();gformInitSpinner( 15, 'https:\/\/www.swecobelgium.be\/wp-content\/themes\/sweco\/assets\/dist\/oval.svg', true );jQuery(document).trigger('gform_page_loaded', [15, current_page]);window['gf_submitting_15'] = false;}else if(!is_redirect){var confirmation_content = jQuery(this).contents().find('.GF_AJAX_POSTBACK').html();if(!confirmation_content){confirmation_content = contents;}jQuery('#gform_wrapper_15').replaceWith(confirmation_content);jQuery(document).trigger('gform_confirmation_loaded', [15]);window['gf_submitting_15'] = false;wp.a11y.speak(jQuery('#gform_confirmation_message_15').text());}else{jQuery('#gform_15').append(contents);if(window['gformRedirect']) {gformRedirect();}}jQuery(document).trigger(\"gform_pre_post_render\", [{ formId: \"15\", currentPage: \"current_page\", abort: function() { this.preventDefault(); } }]);        if (event && event.defaultPrevented) {                return;        }        const gformWrapperDiv = document.getElementById( \"gform_wrapper_15\" );        if ( gformWrapperDiv ) {            const visibilitySpan = document.createElement( \"span\" );            visibilitySpan.id = \"gform_visibility_test_15\";            gformWrapperDiv.insertAdjacentElement( \"afterend\", visibilitySpan );        }        const visibilityTestDiv = document.getElementById( \"gform_visibility_test_15\" );        let postRenderFired = false;        function triggerPostRender() {            if ( postRenderFired ) {                return;            }            postRenderFired = true;            gform.core.triggerPostRenderEvents( 15, current_page );            if ( visibilityTestDiv ) {                visibilityTestDiv.parentNode.removeChild( visibilityTestDiv );            }        }        function debounce( func, wait, immediate ) {            var timeout;            return function() {                var context = this, args = arguments;                var later = function() {                    timeout = null;                    if ( !immediate ) func.apply( context, args );                };                var callNow = immediate && !timeout;                clearTimeout( timeout );                timeout = setTimeout( later, wait );                if ( callNow ) func.apply( context, args );            };        }        const debouncedTriggerPostRender = debounce( function() {            triggerPostRender();        }, 200 );        if ( visibilityTestDiv && visibilityTestDiv.offsetParent === null ) {            const observer = new MutationObserver( ( mutations ) => {                mutations.forEach( ( mutation ) => {                    if ( mutation.type === 'attributes' && visibilityTestDiv.offsetParent !== null ) {                        debouncedTriggerPostRender();                        observer.disconnect();                    }                });            });            observer.observe( document.body, {                attributes: true,                childList: false,                subtree: true,                attributeFilter: [ 'style', 'class' ],            });        } else {            triggerPostRender();        }    } );} ); \n\/* ]]> *\/\n<\/script>\n                <\/div>\n            <\/div>\n        \n\t<\/div>\n<\/section>\n","protected":false},"excerpt":{"rendered":"","protected":false},"featured_media":24465,"template":"","blog_cats":[941,947,966],"blog_tags":[948,954,968,8699],"blog_author":[541],"class_list":["post-31156","blog","type-blog","status-publish","has-post-thumbnail","hentry","blog_cats-villes-de-demain","blog_cats-batiments-a-faible-impact","blog_cats-economie-circulaire","blog_tags-techniques-de-construction","blog_tags-batiments-circulaires","blog_tags-reutilisation-adaptative","blog_tags-circulaire-gebouwen-fr","blog_author-sweco"],"acf":[],"_links":{"self":[{"href":"https:\/\/www.swecobelgium.be\/fr\/wp-json\/wp\/v2\/blog\/31156","targetHints":{"allow":["GET"]}}],"collection":[{"href":"https:\/\/www.swecobelgium.be\/fr\/wp-json\/wp\/v2\/blog"}],"about":[{"href":"https:\/\/www.swecobelgium.be\/fr\/wp-json\/wp\/v2\/types\/blog"}],"wp:featuredmedia":[{"embeddable":true,"href":"https:\/\/www.swecobelgium.be\/fr\/wp-json\/wp\/v2\/media\/24465"}],"wp:attachment":[{"href":"https:\/\/www.swecobelgium.be\/fr\/wp-json\/wp\/v2\/media?parent=31156"}],"wp:term":[{"taxonomy":"blog_cats","embeddable":true,"href":"https:\/\/www.swecobelgium.be\/fr\/wp-json\/wp\/v2\/blog_cats?post=31156"},{"taxonomy":"blog_tags","embeddable":true,"href":"https:\/\/www.swecobelgium.be\/fr\/wp-json\/wp\/v2\/blog_tags?post=31156"},{"taxonomy":"blog_author","embeddable":true,"href":"https:\/\/www.swecobelgium.be\/fr\/wp-json\/wp\/v2\/blog_author?post=31156"}],"curies":[{"name":"wp","href":"https:\/\/api.w.org\/{rel}","templated":true}]}}