{"id":31159,"date":"2024-10-07T16:52:15","date_gmt":"2024-10-07T14:52:15","guid":{"rendered":"https:\/\/www.swecobelgium.be\/blog\/le-plus-long-pont-cyclable-est-pret-en-toute-securite-vers-et-depuis-bruxelles\/"},"modified":"2025-03-14T08:56:53","modified_gmt":"2025-03-14T07:56:53","slug":"le-plus-long-pont-cyclable-est-pret-en-toute-securite-vers-et-depuis-bruxelles","status":"publish","type":"blog","link":"https:\/\/www.swecobelgium.be\/fr\/actualites\/le-plus-long-pont-cyclable-est-pret-en-toute-securite-vers-et-depuis-bruxelles\/","title":{"rendered":"Le plus long pont cyclable est pr\u00eat : en toute s\u00e9curit\u00e9 vers et depuis Bruxelles"},"content":{"rendered":"<section class=\"block block-share block--white\" >\n\t<div class=\"block__inner\">\n\t\t<div class=\"col--12 col--wrapper col--center\">\n            <div class=\"col col--12 editor-content col--center\">\n                <div class=\"share\">\n                    <p class=\"share-text\">Share on: <\/p>\n                    <div class=\"ss-inline-share-wrapper ss-hover-animation-fade ss-with-counter-border ss-inline-total-counter-left\"><div class=\"ss-inline-share-content\"><\/div><\/div>                <\/div>\n            <\/div>\n\t\t<\/div>\n\t<\/div>\n<\/section>\n\n<section class=\"block cb block--white\" >\n\t<div class=\"block__inner cb__inner cb__inner--one\">\n\t<div class=\"col--12 col--center col--wrapper\">\n\t\t<div class=\"col col--6 editor-content\">\n\t\t\t<p><strong>\u00c0 la fronti\u00e8re de la R\u00e9gion flamande et de la R\u00e9gion de Bruxelles-Capitale, pr\u00e8s du si\u00e8ge de l\u2019OTAN, se dresse d\u00e9sormais un impressionnant pont cyclable et pi\u00e9tonnier au-dessus de l\u2019avenue L\u00e9opold III. Avec une distance de 710 m\u00e8tres, y compris les rampes d\u2019acc\u00e8s &#8211; soit 15 trav\u00e9es en acier (514 m\u00e8tres au total) &#8211; c\u2019est imm\u00e9diatement le plus long pont cyclable de Flandre. Sweco a con\u00e7u le projet technique pour le compte de De Werkvennootschap. L\u2019architecture est sign\u00e9e ZJA.<\/strong><\/p>\n<p><img class='alignnone size-full wp-image-25059' src='https:\/\/www.swecobelgium.be\/wp-content\/uploads\/sites\/12\/2024\/10\/01-20241004-DJI_0900-2-scaled.jpg' alt='fiets- en voetgangersbrug over de Leopold III-laan' width='2560' height='1440' \/><\/p>\n<p>Les habitants du quartier et les employ\u00e9s des environs se sont r\u00e9unis le 4 octobre pour une inauguration festive avec un petit-d\u00e9jeuner convivial et une agr\u00e9able surprise. Tout le monde attendait avec impatience la mise en service du pont, qui r\u00e9duit consid\u00e9rablement le temps de trajet entre Machelen et Zaventem. Les d\u00e9l\u00e9gations pr\u00e9sentes de la \u00ab Fietsersbond \u00bb, des entreprises locales et de Voka \u00e9taient \u00e9galement positives.<\/p>\n\t\t<\/div>\n\t<\/div>\n<\/div>\n<div class=\"block__inner cb__inner cb__inner--media-content media-content media-content--left\">\n\t<div class=\"col--10 col--wrapper media-content__wrapper\">\n\t\t\t\t\t<div class=\"col col--6 media-content__content editor-content\">\n\t\t\t\t<h2>Un coup de pouce pour le changement modal dans la r\u00e9gion<\/h2>\n<p><\/p>\n<blockquote><p><\/p>\n<figure><i class='icon icon-quote'><\/i><\/figure>\n<p>Kris Claes, directeur g\u00e9n\u00e9ral de la Chambre de commerce Voka du Brabant flamand, loue les efforts en mati\u00e8re de d\u00e9placements domicile-travail multimodaux : \u00ab Nous soutenons fortement toute initiative qui favorise des liaisons domicile-travail s\u00fbres et fluides pour les cyclistes et les pi\u00e9tons. Ce pont cyclable impressionnant dans la zone multimodale de l\u2019avenue L\u00e9opold III constitue un maillon essentiel de l\u2019infrastructure de mobilit\u00e9 en couches o\u00f9 des choix durables entre voiture, v\u00e9lo et transports en commun contribuent \u00e0 un changement modal fluide. \u00bb<\/p><\/blockquote>\n\t\t\t<\/div>\n\t\t\t\t<div class=\"col col--6 media-content__media media-content__media--image\">\n\t\t\t<img loading=\"lazy\" decoding=\"async\" width=\"780\" height=\"460\" src=\"https:\/\/www.swecobelgium.be\/wp-content\/uploads\/sites\/12\/2024\/10\/02-20241004-DJI_0903-2-780x460.jpg\" class=\"attachment-media-content size-media-content\" alt=\"fiets- en voetgangersbrug over de Leopold III-laan\" full-size-url=\"https:\/\/www.swecobelgium.be\/wp-content\/uploads\/sites\/12\/2024\/10\/02-20241004-DJI_0903-2-scaled.jpg\" \/>\n\t\t\t\n\t\t<\/div>\n\t<\/div>\n<\/div><div class=\"block__inner cb__inner cb__inner--media-content media-content media-content--right\">\n\t<div class=\"col--10 col--wrapper media-content__wrapper\">\n\t\t\t\t\t<div class=\"col col--6 media-content__content editor-content\">\n\t\t\t\t<h2>Conception technique prim\u00e9e gr\u00e2ce au BIM<\/h2>\n<p>Le pont a une forme parabolique et repose sur des piliers en forme de V architecturaux, ce qui permet une int\u00e9gration optimale dans l\u2019environnement. La conception technique a \u00e9t\u00e9 un d\u00e9fi : 710 m\u00e8tres de longueur et le souhait d\u2019une forme transparente qui s\u2019int\u00e8gre dans l\u2019espace limit\u00e9. Les experts de Sweco ont utilis\u00e9 d\u00e8s le d\u00e9but un mod\u00e8le BIM pour maintenir une communication et un \u00e9change de connaissances clairs et efficaces entre toutes les parties. En rationalisant ces processus, nous avons rendu toute la cha\u00eene plus efficace, plus durable et avec des co\u00fbts d\u2019\u00e9chec r\u00e9duits. Gr\u00e2ce \u00e0 cette conception intelligente, le THV MoVeRo a remport\u00e9 le \u00ab BIM Infrastructure Award \u00bb lors des \u00ab Belgian Construction Awards 2021 \u00bb.<\/p>\n\t\t\t<\/div>\n\t\t\t\t<div class=\"col col--6 media-content__media media-content__media--image\">\n\t\t\t<img loading=\"lazy\" decoding=\"async\" width=\"780\" height=\"460\" src=\"https:\/\/www.swecobelgium.be\/wp-content\/uploads\/sites\/12\/2024\/10\/03-Image-4-780x460.jpg\" class=\"attachment-media-content size-media-content\" alt=\"fiets- en voetgangersbrug over de Leopold III-laan\" full-size-url=\"https:\/\/www.swecobelgium.be\/wp-content\/uploads\/sites\/12\/2024\/10\/03-Image-4-scaled.jpg\" \/>\n\t\t\t\n\t\t<\/div>\n\t<\/div>\n<\/div><div class=\"block__inner cb__inner cb__inner--one\">\n\t<div class=\"col--12 col--center col--wrapper\">\n\t\t<div class=\"col col--6 editor-content\">\n\t\t\t<h2>Investissement dans la qualit\u00e9 de vie, la s\u00e9curit\u00e9 routi\u00e8re et la mobilit\u00e9<\/h2>\n<p>Sans le pont, les cyclistes traversaient l\u2019avenue L\u00e9opold III via l\u2019avenue de la Fus\u00e9e et la rue de la Fus\u00e9e. Cela repr\u00e9sentait un d\u00e9tour de pr\u00e8s d\u2019un kilom\u00e8tre, avec de nombreux passages potentiellement dangereux. Le nouveau pont relie directement le Harenweg \u00e0 Zaventem \u00e0 la rue Woluwe-Saint-\u00c9tienne \u00e0 Machelen, offrant ainsi une am\u00e9lioration consid\u00e9rable en termes de distance de trajet et de s\u00e9curit\u00e9. Les cyclistes franchissent en un seul mouvement la rue de la Fus\u00e9e, l\u2019avenue L\u00e9opold III et l\u2019avenue de la Fus\u00e9e, \u00e9vitant ainsi une intersection avec les voitures, les bus et les trams.<\/p>\n<p>Le pont se connecte \u00e0 la future route cyclable F201, qui relie l\u2019a\u00e9roport au centre de Bruxelles. De plus, le pont constitue un maillon manquant dans le parcours de la piste cyclable du Ring entre la chauss\u00e9e de Haecht (N21) et le R22 boulevard de la Woluwe. Ce pont cyclable et pi\u00e9tonnier est \u00e0 juste titre un maillon important du r\u00e9seau cyclable dans et autour de Bruxelles.<\/p>\n\t\t<\/div>\n\t<\/div>\n<\/div>\n<div class=\"block__inner cb__inner cb__inner--media-content media-content media-content--left\">\n\t<div class=\"col--10 col--wrapper media-content__wrapper\">\n\t\t\t\t\t<div class=\"col col--6 media-content__content editor-content\">\n\t\t\t\t<h2>Connexion transparente au tramway de l\u2019a\u00e9roport<\/h2>\n<p>La chauss\u00e9e jaune du pont est recouverte d\u2019un rev\u00eatement sp\u00e9cial qui r\u00e9duit le risque de glissade par mauvais temps. Les grands escaliers sur le c\u00f4t\u00e9 du pont permettent de passer facilement au futur tramway de l\u2019a\u00e9roport entre Brussels Airport et Bruxelles-Nord. Cette ligne de tramway part de la gare de Bruxelles-Nord, passe par l\u2019avenue L\u00e9opold III jusqu\u2019\u00e0 l\u2019a\u00e9roport. Une station sera situ\u00e9e \u00e0 proximit\u00e9 du pont, accessible depuis le pont.<\/p>\n\t\t\t<\/div>\n\t\t\t\t<div class=\"col col--6 media-content__media media-content__media--image\">\n\t\t\t<img loading=\"lazy\" decoding=\"async\" width=\"780\" height=\"460\" src=\"https:\/\/www.swecobelgium.be\/wp-content\/uploads\/sites\/12\/2024\/10\/tram-ZJA-780x460.jpg\" class=\"attachment-media-content size-media-content\" alt=\"\" full-size-url=\"https:\/\/www.swecobelgium.be\/wp-content\/uploads\/sites\/12\/2024\/10\/tram-ZJA.jpg\" \/>\n\t\t\t\n\t\t<\/div>\n\t<\/div>\n<\/div><div class=\"block__inner cb__inner cb__inner--media-content media-content media-content--right\">\n\t<div class=\"col--10 col--wrapper media-content__wrapper\">\n\t\t\t\t\t<div class=\"col col--6 media-content__content editor-content\">\n\t\t\t\t<h2>Interventions r\u00e9fl\u00e9chies pour plus de confort et de durabilit\u00e9<\/h2>\n<p>Le pont cyclable \u00e9limine la barri\u00e8re de l\u2019A201 sans poser de d\u00e9fi pour les cyclistes et les pi\u00e9tons. Gr\u00e2ce \u00e0 la longueur du pont, la travers\u00e9e est une pente douce, offrant une balade confortable. Les balustrades avec des rampes en bois et un \u00e9clairage LED int\u00e9gr\u00e9 garantissent la s\u00e9curit\u00e9. Les escaliers sont l\u00e9gers, fins et confortables \u00e0 monter. Les eaux de pluie sont \u00e9vacu\u00e9es via des goutti\u00e8res en U ouvertes dans le bord du pont vers des bassins d\u2019infiltration sous le pont, o\u00f9 elles s\u2019infiltrent dans le sol. Cela pr\u00e9vient l\u2019\u00e9rosion du sol et utilise l\u2019espace sous le pont pour la verdure.<\/p>\n\t\t\t<\/div>\n\t\t\t\t<div class=\"col col--6 media-content__media media-content__media--image\">\n\t\t\t<img loading=\"lazy\" decoding=\"async\" width=\"780\" height=\"460\" src=\"https:\/\/www.swecobelgium.be\/wp-content\/uploads\/sites\/12\/2024\/10\/04-Image-7-780x460.jpg\" class=\"attachment-media-content size-media-content\" alt=\"fiets- en voetgangersbrug\" full-size-url=\"https:\/\/www.swecobelgium.be\/wp-content\/uploads\/sites\/12\/2024\/10\/04-Image-7-scaled.jpg\" \/>\n\t\t\t\n\t\t<\/div>\n\t<\/div>\n<\/div><div class=\"block__inner cb__inner cb__inner--one\">\n\t<div class=\"col--12 col--center col--wrapper\">\n\t\t<div class=\"col col--6 editor-content\">\n\t\t\t<h2>115 km d\u2019infrastructures cyclables dans la p\u00e9riph\u00e9rie flamande<\/h2>\n<p>La r\u00e9alisation du pont cyclable s\u2019inscrit dans une ambition claire du gouvernement flamand. Dans le cadre du programme \u00ab Werken aan de Ring \u00bb, coordonn\u00e9 par De Werkvennootschap, il souhaite cr\u00e9er plus de 115 km de nouvelles <a href=\"https:\/\/www.swecobelgium.be\/fr\/services\/infrastructures-cyclables\/\">infrastructures cyclables<\/a> autour du Ring de Bruxelles, pour un investissement de pas moins de 300 millions d\u2019euros.<\/p>\n<p>Pouvoir traverser le Ring et les routes d\u2019acc\u00e8s fr\u00e9quent\u00e9es en toute s\u00e9curit\u00e9 \u00e0 v\u00e9lo est un \u00e9l\u00e9ment important. Depuis mai 2024, vous pouvez \u00e9galement traverser le Ring \u00e0 v\u00e9lo sur une large piste cyclable prot\u00e9g\u00e9e du <a href='https:\/\/www.swecobelgium.be\/fr\/insights\/project-news\/le-premier-pont-belge-en-acier-resistant-aux-intemperies-allie-mobilite-durable-qualite-de-vie-et-ecologie\/'>nouveau pont de l\u2019avenue Hector Henneau<\/a> \u00e0 Zaventem.<\/p>\n\t\t<\/div>\n\t<\/div>\n<\/div>\n<\/section>\n\n\n<section class=\"block cb block--lightgray\" >\n\t<div class=\"block__inner cb__inner cb__inner--one\">\n\t<div class=\"col--12 col--center col--wrapper\">\n\t\t<div class=\"col col--6 editor-content\">\n\t\t\t<h2>Un effort collectif<\/h2>\n<p>Sweco et Arcadis, au sein du THV MoVeRo, collaborent avec De Werkvennootschap \u00e0 la r\u00e9organisation du Ring de Bruxelles, entre les n\u0153uds de Grand-Bigard et Woluwe-Saint-\u00c9tienne. L\u2019\u00e9quipe de projet s\u2019occupe des \u00e9tudes de circulation, des conceptions techniques et architecturales (routes, ouvrages d\u2019art et autres infrastructures), de l\u2019int\u00e9gration paysag\u00e8re du projet, de la gestion des processus, de la pr\u00e9paration des documents de permis et d\u2019appel d\u2019offres et du soutien \u00e0 la <a href=\"https:\/\/www.swecobelgium.be\/fr\/services\/participation-and-co-creation\/\">gestion des parties prenantes<\/a> et \u00e0 la communication. Les parties suivantes travaillent en sous-traitance : ZJA, Frank Van Hulle, Cluster et Mint.<\/p>\n\t\t<\/div>\n\t<\/div>\n<\/div>\n<\/section>\n\n\n<section class=\"block block--white latest-insights\" >\n\t<div class=\"block__inner latest-insights__inner\">\n\t\t<div class=\"col--11 col--wrapper\">\n\t\t\t\t\t\t\t<div class=\"col col--12 editor-content latest-insights__title\">\n\t\t\t\t\t<h2 class=\"h2 hyphenate\">Autres actualit\u00e9s<\/h2>\t\t\t\t<\/div>\n\t\t\t\n\t\t\t\t\t\t\t\t<div class=\"col col--4 insight\" data-clickable=\"true\">\n\t\t\t\t\t\t<img loading=\"lazy\" decoding=\"async\" width=\"520\" height=\"296\" src=\"https:\/\/www.swecobelgium.be\/wp-content\/uploads\/sites\/12\/2026\/04\/Say-Cheese_23042026_AquafinAwards-projectteam-Brugge-Oostende-520x296.jpg\" class=\"attachment-insights-featured size-insights-featured wp-post-image\" alt=\"Projectteams bekroond met speciale prijs op Aquafin Awards\" \/>\t\t\t\t\t\t<div class=\"insight__content editor-content\">\n\t\t\t\t\t\t\t<em class=\"cats\">Eau<span class=\"cats__sep\"><\/span>24\/04\/2026<\/em>\t\t\t\t\t\t\t<h3><a href=\"https:\/\/www.swecobelgium.be\/fr\/actualites\/des-equipes-de-projet-recompensees-par-un-prix-special-lors-des-aquafin-awards\/\">Des \u00e9quipes de projet r\u00e9compens\u00e9es par un prix sp\u00e9cial lors des Aquafin Awards<\/a><\/h3>\n\t\t\t\t\t\t\t<p> <span class=\"readmore\">En savoir plus<\/span><\/p>\n\t\t\t\t\t\t<\/div>\n\t\t\t\t\t<\/div>\n\t\t\t\t\t\t\t\t\t<div class=\"col col--4 insight\" data-clickable=\"true\">\n\t\t\t\t\t\t<img loading=\"lazy\" decoding=\"async\" width=\"520\" height=\"296\" src=\"https:\/\/www.swecobelgium.be\/wp-content\/uploads\/sites\/12\/2026\/04\/Helene-Rillaerts_016919_\u252c\u2310fayepynaert-520x296.jpg\" class=\"attachment-insights-featured size-insights-featured wp-post-image\" alt=\"\" \/>\t\t\t\t\t\t<div class=\"insight__content editor-content\">\n\t\t\t\t\t\t\t<em class=\"cats\">Expert Talk, <a href=\"https:\/\/www.swecobelgium.be\/fr\/services\/masterplanning\/\">Urbanisme<\/a> et espaces publics<span class=\"cats__sep\"><\/span>22\/04\/2026<\/em>\t\t\t\t\t\t\t<h3><a href=\"https:\/\/www.swecobelgium.be\/fr\/actualites\/helene-rillaerts-renforce-lurbanisme-en-belgique-grace-a-un-double-engagement\/\">H\u00e9l\u00e8ne Rillaerts renforce l\u2019urbanisme en Belgique gr\u00e2ce \u00e0 un double engagement<\/a><\/h3>\n\t\t\t\t\t\t\t<p> <span class=\"readmore\">En savoir plus<\/span><\/p>\n\t\t\t\t\t\t<\/div>\n\t\t\t\t\t<\/div>\n\t\t\t\t\t\t\t\t\t<div class=\"col col--4 insight\" data-clickable=\"true\">\n\t\t\t\t\t\t<img loading=\"lazy\" decoding=\"async\" width=\"520\" height=\"250\" src=\"https:\/\/www.swecobelgium.be\/wp-content\/uploads\/sites\/12\/2026\/04\/Fotobanner-full-width-28-520x250.png\" class=\"attachment-insights-featured size-insights-featured wp-post-image\" alt=\"\" \/>\t\t\t\t\t\t<div class=\"insight__content editor-content\">\n\t\t\t\t\t\t\t<em class=\"cats\">Transition industrielle, Industrietransitie, Sweco Loket<span class=\"cats__sep\"><\/span>21\/04\/2026<\/em>\t\t\t\t\t\t\t<h3><a href=\"https:\/\/www.swecobelgium.be\/fr\/actualites\/sweco-accompagne-messer-benelux-dans-la-procedure-de-permis-pour-une-nouvelle-unite-de-separation-de-lair\/\">Sweco accompagne Messer Benelux dans la proc\u00e9dure de permis pour une nouvelle unit\u00e9 de s\u00e9paration de l\u2019air<\/a><\/h3>\n\t\t\t\t\t\t\t<p> <span class=\"readmore\">En savoir plus<\/span><\/p>\n\t\t\t\t\t\t<\/div>\n\t\t\t\t\t<\/div>\n\t\t\t\t\n\t\t\t\t\t<\/div>\n\t<\/div>\n<\/section>\n\n<section class=\"block form-block block--lightgray\" >\n\t<div class=\"block__inner form-block__inner \">\n\n                    <div class=\"col--11 col--wrapper\">\n                                    <div class=\"col col--4 editor-content form-block__title\">\n                        <h2 class=\"h2 hyphenate\">Inscrivez-vous \u00e0 notre newsletter<\/h2>                    <\/div>\n                    <div class=\"col--12 col\"><\/div>\n                \n                <div class=\"col col--4 editor-content\">\n                    Recevez des mises \u00e0 jour sur des projets innovants, des <a href=\"https:\/\/www.swecobelgium.be\/fr\/durabilite\/\">solutions durables<\/a> et des analyses exclusives de Sweco. Abonnez-vous d\u00e8s maintenant et participez \u00e0 la transformation de demain.\r\n\r\n\r\n\r\n\r\n\r\n\r\n\r\n                <\/div>\n\n                <div class=\"col col--7\">\n                    <script type=\"text\/javascript\">\n\/* <![CDATA[ *\/\nvar gform;gform||(document.addEventListener(\"gform_main_scripts_loaded\",function(){gform.scriptsLoaded=!0}),document.addEventListener(\"gform\/theme\/scripts_loaded\",function(){gform.themeScriptsLoaded=!0}),window.addEventListener(\"DOMContentLoaded\",function(){gform.domLoaded=!0}),gform={domLoaded:!1,scriptsLoaded:!1,themeScriptsLoaded:!1,isFormEditor:()=>\"function\"==typeof InitializeEditor,callIfLoaded:function(o){return!(!gform.domLoaded||!gform.scriptsLoaded||!gform.themeScriptsLoaded&&!gform.isFormEditor()||(gform.isFormEditor()&&console.warn(\"The use of gform.initializeOnLoaded() is deprecated in the form editor context and will be removed in Gravity Forms 3.1.\"),o(),0))},initializeOnLoaded:function(o){gform.callIfLoaded(o)||(document.addEventListener(\"gform_main_scripts_loaded\",()=>{gform.scriptsLoaded=!0,gform.callIfLoaded(o)}),document.addEventListener(\"gform\/theme\/scripts_loaded\",()=>{gform.themeScriptsLoaded=!0,gform.callIfLoaded(o)}),window.addEventListener(\"DOMContentLoaded\",()=>{gform.domLoaded=!0,gform.callIfLoaded(o)}))},hooks:{action:{},filter:{}},addAction:function(o,r,e,t){gform.addHook(\"action\",o,r,e,t)},addFilter:function(o,r,e,t){gform.addHook(\"filter\",o,r,e,t)},doAction:function(o){gform.doHook(\"action\",o,arguments)},applyFilters:function(o){return gform.doHook(\"filter\",o,arguments)},removeAction:function(o,r){gform.removeHook(\"action\",o,r)},removeFilter:function(o,r,e){gform.removeHook(\"filter\",o,r,e)},addHook:function(o,r,e,t,n){null==gform.hooks[o][r]&&(gform.hooks[o][r]=[]);var d=gform.hooks[o][r];null==n&&(n=r+\"_\"+d.length),gform.hooks[o][r].push({tag:n,callable:e,priority:t=null==t?10:t})},doHook:function(r,o,e){var t;if(e=Array.prototype.slice.call(e,1),null!=gform.hooks[r][o]&&((o=gform.hooks[r][o]).sort(function(o,r){return o.priority-r.priority}),o.forEach(function(o){\"function\"!=typeof(t=o.callable)&&(t=window[t]),\"action\"==r?t.apply(null,e):e[0]=t.apply(null,e)})),\"filter\"==r)return e[0]},removeHook:function(o,r,t,n){var e;null!=gform.hooks[o][r]&&(e=(e=gform.hooks[o][r]).filter(function(o,r,e){return!!(null!=n&&n!=o.tag||null!=t&&t!=o.priority)}),gform.hooks[o][r]=e)}});\n\/* ]]> *\/\n<\/script>\n\n                <div class='gf_browser_gecko gform_wrapper gform_legacy_markup_wrapper gform-theme--no-framework' data-form-theme='legacy' data-form-index='0' id='gform_wrapper_15' ><form class=\"gform_analytics_tracking\" method='post' enctype='multipart\/form-data' target='gform_ajax_frame_15' id='gform_15'  action='\/fr\/wp-json\/wp\/v2\/blog\/31159' data-formid='15' novalidate autocomplete=\"off\">\n                        <div class='gform-body gform_body'><ul id='gform_fields_15' class='gform_fields top_label form_sublabel_below description_below validation_below'><li id=\"field_15_13\" class=\"gfield gfield--type-honeypot gform_validation_container field_sublabel_below gfield--has-description field_description_below field_validation_below gfield_visibility_visible gform_honeypot\"  data-field-class=\"gform_honeypot\" ><label class='gfield_label gform-field-label' for='input_15_13'>X\/Twitter<\/label><div class='ginput_container'><input autocomplete=\"off\"  name='input_13' id='input_15_13' type='text' value='' autocomplete='new-password'\/><\/div><div class='gfield_description' id='gfield_description_15_13'>Ce champ n\u2019est utilis\u00e9 qu\u2019\u00e0 des fins de validation et devrait rester inchang\u00e9.<\/div><\/li><li id=\"field_15_5\" class=\"gfield gfield--type-email gfield--input-type-email gfield--width-full gfield_contains_required field_sublabel_below gfield--no-description field_description_below field_validation_below gfield_visibility_visible gform_email\"  data-field-class=\"gform_email\" ><label class='gfield_label gform-field-label' for='input_15_5'>E-mail<span class=\"gfield_required\"><span class=\"gfield_required gfield_required_asterisk\">*<\/span><\/span><\/label><div class='ginput_container ginput_container_email'>\n                            <input autocomplete=\"off\"  name='input_5' id='input_15_5' type='email' value='' class='large'    aria-required=\"true\" aria-invalid=\"false\"  \/>\n                        <\/div><\/li><li id=\"field_15_7\" class=\"gfield gfield--type-text gfield--input-type-text gfield--width-full gfield_contains_required field_sublabel_below gfield--no-description field_description_below field_validation_below gfield_visibility_visible gform_text\"  data-field-class=\"gform_text\" ><label class='gfield_label gform-field-label' for='input_15_7'>Pr\u00e9nom<span class=\"gfield_required\"><span class=\"gfield_required gfield_required_asterisk\">*<\/span><\/span><\/label><div class='ginput_container ginput_container_text'><input autocomplete=\"off\"  name='input_7' id='input_15_7' type='text' value='' class='large'     aria-required=\"true\" aria-invalid=\"false\"   \/><\/div><\/li><li id=\"field_15_8\" class=\"gfield gfield--type-text gfield--input-type-text gfield--width-full gfield_contains_required field_sublabel_below gfield--no-description field_description_below field_validation_below gfield_visibility_visible gform_text\"  data-field-class=\"gform_text\" ><label class='gfield_label gform-field-label' for='input_15_8'>Nom de famille<span class=\"gfield_required\"><span class=\"gfield_required gfield_required_asterisk\">*<\/span><\/span><\/label><div class='ginput_container ginput_container_text'><input autocomplete=\"off\"  name='input_8' id='input_15_8' type='text' value='' class='large'     aria-required=\"true\" aria-invalid=\"false\"   \/><\/div><\/li><li id=\"field_15_10\" class=\"gfield gfield--type-text gfield--input-type-text gfield--width-full field_sublabel_below gfield--no-description field_description_below field_validation_below gfield_visibility_visible gform_text\"  data-field-class=\"gform_text\" ><label class='gfield_label gform-field-label' for='input_15_10'>Entreprise (facultatif)<\/label><div class='ginput_container ginput_container_text'><input autocomplete=\"off\"  name='input_10' id='input_15_10' type='text' value='' class='large'      aria-invalid=\"false\"   \/><\/div><\/li><li id=\"field_15_11\" class=\"gfield gfield--type-radio gfield--type-choice gfield--input-type-radio gfield--width-full gfield_contains_required field_sublabel_below gfield--no-description field_description_below field_validation_below gfield_visibility_visible gform_radio\"  data-field-class=\"gform_radio\" ><label class='gfield_label gform-field-label' >Je souhaite recevoir la lettre d\u2019information en<span class=\"gfield_required\"><span class=\"gfield_required gfield_required_asterisk\">*<\/span><\/span><\/label><div class='ginput_container ginput_container_radio'><ul class='gfield_radio' id='input_15_11'>\n\t\t\t<li class='gchoice gchoice_15_11_0'>\n\t\t\t\t<input autocomplete=\"off\"  name='input_11' type='radio' value='n\u00e9erlandais'  id='choice_15_11_0'    \/>\n\t\t\t\t<label for='choice_15_11_0' id='label_15_11_0' class='gform-field-label gform-field-label--type-inline'>n\u00e9erlandais<\/label>\n\t\t\t<\/li>\n\t\t\t<li class='gchoice gchoice_15_11_1'>\n\t\t\t\t<input autocomplete=\"off\"  name='input_11' type='radio' value='fran\u00e7ais'  id='choice_15_11_1'    \/>\n\t\t\t\t<label for='choice_15_11_1' id='label_15_11_1' class='gform-field-label gform-field-label--type-inline'>fran\u00e7ais<\/label>\n\t\t\t<\/li>\n\t\t\t<li class='gchoice gchoice_15_11_2'>\n\t\t\t\t<input autocomplete=\"off\"  name='input_11' type='radio' value='anglais'  id='choice_15_11_2'    \/>\n\t\t\t\t<label for='choice_15_11_2' id='label_15_11_2' class='gform-field-label gform-field-label--type-inline'>anglais<\/label>\n\t\t\t<\/li><\/ul><\/div><\/li><li id=\"field_15_9\" class=\"gfield gfield--type-consent gfield--type-choice gfield--input-type-consent gfield--width-full gfield_contains_required field_sublabel_below gfield--no-description field_description_below field_validation_below gfield_visibility_visible gform_consent\"  data-field-class=\"gform_consent\" ><label class='gfield_label gform-field-label screen-reader-text gfield_label_before_complex' ><span class=\"gfield_required\"><span class=\"gfield_required gfield_required_asterisk\">*<\/span><\/span><\/label><div class='ginput_container ginput_container_consent'><input autocomplete=\"off\"  name='input_9.1' id='input_15_9_1' type='checkbox' value='1'   aria-required=\"true\" aria-invalid=\"false\"   \/> <label class=\"gform-field-label gform-field-label--type-inline gfield_consent_label\" for='input_15_9_1' >En envoyant vos informations, vous marquez votre accord avec la politique en mati\u00e8re de protection de la vie priv\u00e9e de Sweco. <a href=\"https:\/\/www.swecobelgium.be\/fr\/privacy-notice\/\">Cliquez ici<\/a> pour en savoir plus sur la mani\u00e8re dont nous sauvegardons vos donn\u00e9es.<\/label><input autocomplete=\"off\"  type='hidden' name='input_9.2' value='En envoyant vos informations, vous marquez votre accord avec la politique en mati\u00e8re de protection de la vie priv\u00e9e de Sweco. &lt;a href=&quot;https:\/\/www.swecobelgium.be\/fr\/privacy-notice\/&quot;&gt;Cliquez ici&lt;\/a&gt; pour en savoir plus sur la mani\u00e8re dont nous sauvegardons vos donn\u00e9es.' class='gform_hidden' \/><input autocomplete=\"off\"  type='hidden' name='input_9.3' value='13' class='gform_hidden' \/><\/div><\/li><li id=\"field_15_12\" class=\"gfield gfield--type-checkbox gfield--type-choice gfield--input-type-checkbox field_sublabel_below gfield--has-description field_description_below field_validation_below gfield_visibility_visible gform_checkbox\"  data-field-class=\"gform_checkbox\" ><label class='gfield_label gform-field-label gfield_label_before_complex' >Communications par e-mail<\/label><div class='ginput_container ginput_container_checkbox'><ul class='gfield_checkbox' id='input_15_12'><li class='gchoice gchoice_15_12_1'>\n\t\t\t\t\t\t\t\t<input autocomplete=\"off\"  class='gfield-choice-input' name='input_12.1' type='checkbox'  value='J\u2019autorise l\u2019envoi de communications par e-mail concernant des mises \u00e0 jour, services ou \u00e9v\u00e9nements pertinents.'  id='choice_15_12_1'   aria-describedby=\"gfield_description_15_12\"\/>\n\t\t\t\t\t\t\t\t<label for='choice_15_12_1' id='label_15_12_1' class='gform-field-label gform-field-label--type-inline'>J\u2019autorise l\u2019envoi de communications par e-mail concernant des mises \u00e0 jour, services ou \u00e9v\u00e9nements pertinents.<\/label>\n\t\t\t\t\t\t\t<\/li><\/ul><\/div><div class='gfield_description' id='gfield_description_15_12'>Vous pouvez retirer votre consentement \u00e0 tout moment via le lien de d\u00e9sinscription dans nos e-mails.<\/div><\/li><\/ul><\/div>\n        <div class='gform-footer gform_footer top_label'> <button class='btn btn__primary' id='gform_submit_button_15'><span>Tenez-moi au courant !<\/span><\/button> <input type='hidden' name='gform_ajax' value='form_id=15&amp;title=&amp;description=&amp;tabindex=0&amp;theme=legacy&amp;hash=b35c59816435acd5e43b3f8942c6b7b1' \/>\n            <input type='hidden' class='gform_hidden' name='gform_submission_method' data-js='gform_submission_method_15' value='iframe' \/>\n            <input type='hidden' class='gform_hidden' name='gform_theme' data-js='gform_theme_15' id='gform_theme_15' value='legacy' \/>\n            <input type='hidden' class='gform_hidden' name='gform_style_settings' data-js='gform_style_settings_15' id='gform_style_settings_15' value='' \/>\n            <input type='hidden' class='gform_hidden' name='is_submit_15' value='1' \/>\n            <input type='hidden' class='gform_hidden' name='gform_submit' value='15' \/>\n            \n            <input type='hidden' class='gform_hidden' name='gform_unique_id' value='' \/>\n            <input type='hidden' class='gform_hidden' name='state_15' value='WyJ7XCIxMVwiOltcImYwMDQxZjQ0ZmNjYjhjMzkxNzhjYWRkZDJjODQ1MmUxXCIsXCIzYjA4YTg3ZmE1ZWZlMmFiZjUxZDcwMmI3ZGFlZTQ5NlwiLFwiYzlhZGM0YzI0MzljMTNhNjJiZmNmNjRkZjI4ZTA3OWRcIl0sXCI5LjFcIjpcIjVhYWVlZmI3NTc0MTU1YjA1ZTkwNjQxMWI2MWVlNGZiXCIsXCI5LjJcIjpcIjkwYTM0ZGVjYjM0ZmJlNjIzNmNjNmZmYmRiMjNjMmJhXCIsXCI5LjNcIjpcImQzYjBjMjE4N2ZmNGY4MGYxZDkxNTk0ZWIyM2RiYWNjXCIsXCIxMi4xXCI6XCJlNDA1ZWNkY2NhMjVkMWE5ODNiMjc4MWY5ZDMwMzJmYlwifSIsImU3MThjYzUwNzU5ZWZmNmQ0MmNhN2EwYTUwMzkxYzFhIl0=' \/>\n            <input type='hidden' autocomplete='off' class='gform_hidden' name='gform_target_page_number_15' id='gform_target_page_number_15' value='0' \/>\n            <input type='hidden' autocomplete='off' class='gform_hidden' name='gform_source_page_number_15' id='gform_source_page_number_15' value='1' \/>\n            <input type='hidden' name='gform_field_values' value='' \/>\n            \n        <\/div>\n                        <\/form>\n                        <\/div>\n\t\t                <iframe style='display:none;width:0px;height:0px;' src='about:blank' name='gform_ajax_frame_15' id='gform_ajax_frame_15' title='Cette iframe contient la logique n\u00e9cessaire pour manipuler Gravity Forms avec Ajax.'><\/iframe>\n\t\t                <script type=\"text\/javascript\">\n\/* <![CDATA[ *\/\n gform.initializeOnLoaded( function() {gformInitSpinner( 15, 'https:\/\/www.swecobelgium.be\/wp-content\/themes\/sweco\/assets\/dist\/oval.svg', true );jQuery('#gform_ajax_frame_15').on('load',function(){var contents = jQuery(this).contents().find('*').html();var is_postback = contents.indexOf('GF_AJAX_POSTBACK') >= 0;if(!is_postback){return;}var form_content = jQuery(this).contents().find('#gform_wrapper_15');var is_confirmation = jQuery(this).contents().find('#gform_confirmation_wrapper_15').length > 0;var is_redirect = contents.indexOf('gformRedirect(){') >= 0;var is_form = form_content.length > 0 && ! is_redirect && ! is_confirmation;var mt = parseInt(jQuery('html').css('margin-top'), 10) + parseInt(jQuery('body').css('margin-top'), 10) + 100;if(is_form){jQuery('#gform_wrapper_15').html(form_content.html());if(form_content.hasClass('gform_validation_error')){jQuery('#gform_wrapper_15').addClass('gform_validation_error');} else {jQuery('#gform_wrapper_15').removeClass('gform_validation_error');}setTimeout( function() { \/* delay the scroll by 50 milliseconds to fix a bug in chrome *\/  }, 50 );if(window['gformInitDatepicker']) {gformInitDatepicker();}if(window['gformInitPriceFields']) {gformInitPriceFields();}var current_page = jQuery('#gform_source_page_number_15').val();gformInitSpinner( 15, 'https:\/\/www.swecobelgium.be\/wp-content\/themes\/sweco\/assets\/dist\/oval.svg', true );jQuery(document).trigger('gform_page_loaded', [15, current_page]);window['gf_submitting_15'] = false;}else if(!is_redirect){var confirmation_content = jQuery(this).contents().find('.GF_AJAX_POSTBACK').html();if(!confirmation_content){confirmation_content = contents;}jQuery('#gform_wrapper_15').replaceWith(confirmation_content);jQuery(document).trigger('gform_confirmation_loaded', [15]);window['gf_submitting_15'] = false;wp.a11y.speak(jQuery('#gform_confirmation_message_15').text());}else{jQuery('#gform_15').append(contents);if(window['gformRedirect']) {gformRedirect();}}jQuery(document).trigger(\"gform_pre_post_render\", [{ formId: \"15\", currentPage: \"current_page\", abort: function() { this.preventDefault(); } }]);        if (event && event.defaultPrevented) {                return;        }        const gformWrapperDiv = document.getElementById( \"gform_wrapper_15\" );        if ( gformWrapperDiv ) {            const visibilitySpan = document.createElement( \"span\" );            visibilitySpan.id = \"gform_visibility_test_15\";            gformWrapperDiv.insertAdjacentElement( \"afterend\", visibilitySpan );        }        const visibilityTestDiv = document.getElementById( \"gform_visibility_test_15\" );        let postRenderFired = false;        function triggerPostRender() {            if ( postRenderFired ) {                return;            }            postRenderFired = true;            gform.core.triggerPostRenderEvents( 15, current_page );            if ( visibilityTestDiv ) {                visibilityTestDiv.parentNode.removeChild( visibilityTestDiv );            }        }        function debounce( func, wait, immediate ) {            var timeout;            return function() {                var context = this, args = arguments;                var later = function() {                    timeout = null;                    if ( !immediate ) func.apply( context, args );                };                var callNow = immediate && !timeout;                clearTimeout( timeout );                timeout = setTimeout( later, wait );                if ( callNow ) func.apply( context, args );            };        }        const debouncedTriggerPostRender = debounce( function() {            triggerPostRender();        }, 200 );        if ( visibilityTestDiv && visibilityTestDiv.offsetParent === null ) {            const observer = new MutationObserver( ( mutations ) => {                mutations.forEach( ( mutation ) => {                    if ( mutation.type === 'attributes' && visibilityTestDiv.offsetParent !== null ) {                        debouncedTriggerPostRender();                        observer.disconnect();                    }                });            });            observer.observe( document.body, {                attributes: true,                childList: false,                subtree: true,                attributeFilter: [ 'style', 'class' ],            });        } else {            triggerPostRender();        }    } );} ); \n\/* ]]> *\/\n<\/script>\n                <\/div>\n            <\/div>\n        \n\t<\/div>\n<\/section>\n","protected":false},"excerpt":{"rendered":"","protected":false},"featured_media":25061,"template":"","blog_cats":[929],"blog_tags":[951,1235],"blog_author":[541],"class_list":["post-31159","blog","type-blog","status-publish","has-post-thumbnail","hentry","blog_cats-transports-durables-et-mobilite","blog_tags-infrastructure-cyclable","blog_tags-bim-la-modelisation-des-donnees-du-batiment-2","blog_author-sweco"],"acf":[],"_links":{"self":[{"href":"https:\/\/www.swecobelgium.be\/fr\/wp-json\/wp\/v2\/blog\/31159","targetHints":{"allow":["GET"]}}],"collection":[{"href":"https:\/\/www.swecobelgium.be\/fr\/wp-json\/wp\/v2\/blog"}],"about":[{"href":"https:\/\/www.swecobelgium.be\/fr\/wp-json\/wp\/v2\/types\/blog"}],"wp:featuredmedia":[{"embeddable":true,"href":"https:\/\/www.swecobelgium.be\/fr\/wp-json\/wp\/v2\/media\/25061"}],"wp:attachment":[{"href":"https:\/\/www.swecobelgium.be\/fr\/wp-json\/wp\/v2\/media?parent=31159"}],"wp:term":[{"taxonomy":"blog_cats","embeddable":true,"href":"https:\/\/www.swecobelgium.be\/fr\/wp-json\/wp\/v2\/blog_cats?post=31159"},{"taxonomy":"blog_tags","embeddable":true,"href":"https:\/\/www.swecobelgium.be\/fr\/wp-json\/wp\/v2\/blog_tags?post=31159"},{"taxonomy":"blog_author","embeddable":true,"href":"https:\/\/www.swecobelgium.be\/fr\/wp-json\/wp\/v2\/blog_author?post=31159"}],"curies":[{"name":"wp","href":"https:\/\/api.w.org\/{rel}","templated":true}]}}