{"id":31163,"date":"2024-10-18T19:14:35","date_gmt":"2024-10-18T17:14:35","guid":{"rendered":"https:\/\/www.swecobelgium.be\/blog\/transformation-du-noeud-de-circulation-r0-x-aeroport-pour-un-trafic-plus-fluide-et-plus-sur-dans-un-environnement-habitable\/"},"modified":"2025-03-14T08:53:02","modified_gmt":"2025-03-14T07:53:02","slug":"transformation-du-noeud-de-circulation-r0-x-aeroport-pour-un-trafic-plus-fluide-et-plus-sur-dans-un-environnement-habitable","status":"publish","type":"blog","link":"https:\/\/www.swecobelgium.be\/fr\/actualites\/transformation-du-noeud-de-circulation-r0-x-aeroport-pour-un-trafic-plus-fluide-et-plus-sur-dans-un-environnement-habitable\/","title":{"rendered":"Ring de Bruxelles | Transformation du n\u0153ud de circulation R0 x a\u00e9roport pour un trafic plus fluide et plus s\u00fbr"},"content":{"rendered":"<section class=\"block block-share block--white\" >\n\t<div class=\"block__inner\">\n\t\t<div class=\"col--12 col--wrapper col--center\">\n            <div class=\"col col--12 editor-content col--center\">\n                <div class=\"share\">\n                    <p class=\"share-text\">Share on: <\/p>\n                    <div class=\"ss-inline-share-wrapper ss-hover-animation-fade ss-with-counter-border ss-inline-total-counter-left\"><div class=\"ss-inline-share-content\"><\/div><\/div>                <\/div>\n            <\/div>\n\t\t<\/div>\n\t<\/div>\n<\/section>\n\n<section class=\"block cb block--white\" >\n\t<div class=\"block__inner cb__inner cb__inner--one\">\n\t<div class=\"col--12 col--center col--wrapper\">\n\t\t<div class=\"col col--6 editor-content\">\n\t\t\t<p><strong>Les ministres flamands Annick De Ridder, Ben Weyts et Cieltje Van Achter ont donn\u00e9 le coup d&rsquo;envoi pour la r\u00e9am\u00e9nagement du complexe de circulation R0 x A201. En tant que membre du groupement d&rsquo;int\u00e9r\u00eat public MoVeR0, Sweco a r\u00e9dig\u00e9 la note de lancement et \u00e9labor\u00e9 la proposition conceptuelle.<\/strong><\/p>\n<p>Au cours des 40 prochains mois, le groupe d&rsquo;entrepreneurs SPI.R0, sous la direction de la Werkvennootschap, transformera le n\u0153ud de turbine actuel \u2013 qui donne acc\u00e8s \u00e0 l&rsquo;a\u00e9roport national et \u00e0 Evere \u2013 en un complexe d&rsquo;entr\u00e9es et de sorties compact et r\u00e9gul\u00e9 par des feux de circulation. La fin des travaux est pr\u00e9vue pour le printemps 2028.<\/p>\n<p>Le trafic sera ainsi plus fluide et plus s\u00fbr, et des espaces verts suppl\u00e9mentaires ainsi qu&rsquo;une capacit\u00e9 de r\u00e9tention des eaux seront cr\u00e9\u00e9s. Le Ring autour de Bruxelles restera enti\u00e8rement ouvert pendant ces travaux, tandis que le trafic sur l&rsquo;A201 sera temporairement d\u00e9vi\u00e9 via les ponts de turbine environnants.<\/p>\n<h2>D\u00e9bloquer le n\u0153ud de circulation \u00e0 Zaventem<\/h2>\n<p>\u00c0 l&rsquo;a\u00e9roport national de Zaventem, l&rsquo;avenue L\u00e9opold III croise le Ring autour de Bruxelles (R0). La conception actuelle de ce que l&rsquo;on appelle le \u00ab n\u0153ud de turbine \u00bb entra\u00eene de nombreux probl\u00e8mes sur le Ring et dans les environs. Ce n\u0153ud de circulation n&rsquo;est pas s\u00fbr et contribue aux embouteillages quotidiens sur le Ring. De plus, les actuels passages sup\u00e9rieurs sont en mauvais \u00e9tat et les distances entre le n\u0153ud de turbine et d&rsquo;autres \u00e9changeurs de l&rsquo;E19 et de l&rsquo;avenue H. Henneau sont trop courtes.<\/p>\n\t\t<\/div>\n\t<\/div>\n<\/div>\n<div class=\"block__inner cb__inner cb__inner--media-content media-content media-content--left\">\n\t<div class=\"col--10 col--wrapper media-content__wrapper\">\n\t\t\t\t\t<div class=\"col col--6 media-content__content editor-content\">\n\t\t\t\t<blockquote><p><\/p>\n<figure><i class='icon icon-quote'><\/i><\/figure>\n<p>Sweco, en tant que membre du THV MoVeR0, a \u00e9labor\u00e9 la note de lancement et la proposition conceptuelle pour ce projet. Cette proposition a \u00e9t\u00e9 discut\u00e9e lors de dialogues et utilis\u00e9e pour le cahier des charges DBFM ainsi que pour l&rsquo;\u00e9valuation des produits de dialogue et d&rsquo;offres. Nous avons \u00e9galement soutenu la Werkvennootschap durant la phase de soumission pr\u00e9f\u00e9r\u00e9e en v\u00e9rifiant les documents techniques et la demande de <a href=\"https:\/\/www.swecobelgium.be\/fr\/sweco-loket-voie-rapide-pour-les-permis\/\">permis environnemental<\/a>.<\/p><\/blockquote>\n\t\t\t<\/div>\n\t\t\t\t<div class=\"col col--6 media-content__media media-content__media--image\">\n\t\t\t<img loading=\"lazy\" decoding=\"async\" width=\"780\" height=\"460\" src=\"https:\/\/www.swecobelgium.be\/wp-content\/uploads\/sites\/12\/2024\/10\/IMG_5617-780x460.jpg\" class=\"attachment-media-content size-media-content\" alt=\"Herinrichting verkeersknoop R0 x luchthaven\" full-size-url=\"https:\/\/www.swecobelgium.be\/wp-content\/uploads\/sites\/12\/2024\/10\/IMG_5617-scaled.jpg\" \/>\n\t\t\t\n\t\t<\/div>\n\t<\/div>\n<\/div><div class=\"block__inner cb__inner cb__inner--media-content media-content media-content--right\">\n\t<div class=\"col--10 col--wrapper media-content__wrapper\">\n\t\t\t\t\t<div class=\"col col--6 media-content__content editor-content\">\n\t\t\t\t<h2>Complexe de circulation sans conflit : Single Point Interchange<\/h2>\n<p>Un nouveau complexe de circulation sera mis en place pour rendre le trafic \u00e0 ce point du Ring autour de Bruxelles plus fluide et plus s\u00fbr. La cl\u00e9 r\u00e9side dans le complexe d&rsquo;entr\u00e9es et de sorties compact sous la forme d&rsquo;un unique Single Point Interchange.<\/p>\n<p>La ministre de la Mobilit\u00e9 et des Travaux publics Annick De Ridder d\u00e9clare : \u00ab Dans cette solution de carrefour unique, les entr\u00e9es et sorties de l&rsquo;anneau int\u00e9rieur et ext\u00e9rieur se rejoignent en un seul endroit. Des feux de circulation intelligents r\u00e9gulent les diff\u00e9rents flux de trafic de mani\u00e8re totalement sans conflit en trois phases. Gr\u00e2ce \u00e0 cette solution compacte, il y aura plus d&rsquo;espace pour le trafic souhaitant entrer et sortir sur le R0 \u00e0 l&rsquo;\u00e9changeur avec l&rsquo;E19 d&rsquo;une part et l&rsquo;avenue H. Henneau d&rsquo;autre part. En outre, de l&rsquo;espace sera \u00e9galement lib\u00e9r\u00e9 autour de la zone du projet. Cela sera am\u00e9nag\u00e9 en un environnement de parc avec de la place pour les humains et les animaux, et o\u00f9 la Woluwe coulera \u00e0 nouveau \u00e0 la surface. \u00bb<\/p>\n\t\t\t<\/div>\n\t\t\t\t<div class=\"col col--6 media-content__media media-content__media--image\">\n\t\t\t<img loading=\"lazy\" decoding=\"async\" width=\"780\" height=\"460\" src=\"https:\/\/www.swecobelgium.be\/wp-content\/uploads\/sites\/12\/2024\/10\/R0xA201-birds-eye-visual-1-780x460.jpg\" class=\"attachment-media-content size-media-content\" alt=\"Herinrichting verkeersknoop R0 x luchthaven\" full-size-url=\"https:\/\/www.swecobelgium.be\/wp-content\/uploads\/sites\/12\/2024\/10\/R0xA201-birds-eye-visual-1-scaled.jpg\" \/>\n\t\t\t\n\t\t<\/div>\n\t<\/div>\n<\/div><div class=\"block__inner cb__inner cb__inner--one\">\n\t<div class=\"col--12 col--center col--wrapper\">\n\t\t<div class=\"col col--6 editor-content\">\n\t\t\t<h2>Accessibilit\u00e9 fluide de Bruxelles et de l&rsquo;a\u00e9roport national<\/h2>\n<p>Non seulement le trafic sur le Ring autour de Bruxelles sera am\u00e9lior\u00e9 gr\u00e2ce \u00e0 la transformation du n\u0153ud de circulation. La ministre pour Bruxelles Cieltje Van Achter a d\u00e9clar\u00e9 : \u00ab L&rsquo;acc\u00e8s \u00e0 notre capitale, ainsi que l&rsquo;accessibilit\u00e9 de l&rsquo;a\u00e9roport national, des zones d&rsquo;activit\u00e9s, du site de l&rsquo;OTAN et du nouveau quartier g\u00e9n\u00e9ral de la D\u00e9fense, sera am\u00e9lior\u00e9 et deviendra beaucoup plus agr\u00e9able et s\u00fbr gr\u00e2ce \u00e0 la r\u00e9am\u00e9nagement de l&rsquo;avenue L\u00e9opold III. \u00bb<\/p>\n<h2>Un effort collectif<\/h2>\n<p>Sweco et Arcadis, au sein du THV MoVeRo, collaborent avec De Werkvennootschap \u00e0 la r\u00e9organisation du Ring de Bruxelles, entre les n\u0153uds de Grand-Bigard et Woluwe-Saint-\u00c9tienne. L\u2019\u00e9quipe de projet s\u2019occupe des \u00e9tudes de circulation, des conceptions techniques et architecturales (routes, ouvrages d\u2019art et autres infrastructures), de l\u2019int\u00e9gration paysag\u00e8re du projet, de la gestion des processus, de la pr\u00e9paration des documents de permis et d\u2019appel d\u2019offres et du soutien \u00e0 la <a href=\"https:\/\/www.swecobelgium.be\/fr\/services\/participation-and-co-creation\/\">gestion des parties prenantes<\/a> et \u00e0 la communication. Les parties suivantes travaillent en sous-traitance : ZJA, Frank Van Hulle, Cluster et Mint.<\/p>\n\t\t<\/div>\n\t<\/div>\n<\/div>\n<\/section>\n\n\n    <section class=\"block block--white related-content\" >\n        <div class=\"block__inner related-content__inner\">\n            <div class=\"col--11 col--wrapper col--start col--stretch col--bottom \">\n                \n                                    <div class=\"col col--4 item\">\n\n                        \n                                                    <div class=\"item__content editor-content\" data-clickable=\"true\">\n                                                                <div class=\"item__content--wrapper\">\n                                    <h2 class=\"h5 hyphenate\"><a href='https:\/\/www.swecobelgium.be\/fr\/insights\/project-news\/le-plus-long-pont-cyclable-est-pret-en-toute-securite-vers-et-depuis-bruxelles\/' class='' title='Le plus long pont cyclable est pr\u00eat : en toute s\u00e9curit\u00e9 vers et depuis Bruxelles'>Le plus long pont cyclable est pr\u00eat : en toute s\u00e9curit\u00e9 vers et depuis Bruxelles<\/a><\/h2>                                    <button class=\"btn btn__arrow\" aria-label=\"Le plus long pont cyclable est pr\u00eat : en toute s\u00e9curit\u00e9 vers et depuis Bruxelles\">\n                                        <i class=\"icon icon-arrow-right\"><\/i>\n                                    <\/button>\n                                <\/div>\n                            <\/div>\n                                            <\/div>\n                                    <div class=\"col col--4 item\">\n\n                        \n                                                    <div class=\"item__content editor-content\" data-clickable=\"true\">\n                                                                <div class=\"item__content--wrapper\">\n                                    <h2 class=\"h5 hyphenate\"><a href='https:\/\/www.swecobelgium.be\/fr\/insights\/project-news\/roadshow-r0-nord-offre-une-vision-claire-de-la-reamenagement-du-ring\/' class='' title='Roadshow R0-Nord offre une vision claire de la r\u00e9am\u00e9nagement du Ring'>Roadshow R0-Nord offre une vision claire de la r\u00e9am\u00e9nagement du Ring<\/a><\/h2>                                    <button class=\"btn btn__arrow\" aria-label=\"Roadshow R0-Nord offre une vision claire de la r\u00e9am\u00e9nagement du Ring\">\n                                        <i class=\"icon icon-arrow-right\"><\/i>\n                                    <\/button>\n                                <\/div>\n                            <\/div>\n                                            <\/div>\n                                    <div class=\"col col--4 item\">\n\n                        \n                                                    <div class=\"item__content editor-content\" data-clickable=\"true\">\n                                                                <div class=\"item__content--wrapper\">\n                                    <h2 class=\"h5 hyphenate\"><a href='https:\/\/www.swecobelgium.be\/fr\/insights\/project-news\/le-premier-pont-belge-en-acier-resistant-aux-intemperies-allie-mobilite-durable-qualite-de-vie-et-ecologie\/' class='' title='Le premier pont belge en acier r\u00e9sistant aux intemp\u00e9ries'>Le premier pont belge en acier r\u00e9sistant aux intemp\u00e9ries<\/a><\/h2>                                    <button class=\"btn btn__arrow\" aria-label=\"Le premier pont belge en acier r\u00e9sistant aux intemp\u00e9ries\">\n                                        <i class=\"icon icon-arrow-right\"><\/i>\n                                    <\/button>\n                                <\/div>\n                            <\/div>\n                                            <\/div>\n                \n                            <\/div>\n        <\/div>\n    <\/section>\n\n\n<section class=\"block block--white latest-insights\" >\n\t<div class=\"block__inner latest-insights__inner\">\n\t\t<div class=\"col--11 col--wrapper\">\n\t\t\t\t\t\t\t<div class=\"col col--12 editor-content latest-insights__title\">\n\t\t\t\t\t<h2 class=\"h2 hyphenate\">Autres actualit\u00e9s<\/h2>\t\t\t\t<\/div>\n\t\t\t\n\t\t\t\t\t\t\t\t<div class=\"col col--4 insight\" data-clickable=\"true\">\n\t\t\t\t\t\t<img loading=\"lazy\" decoding=\"async\" width=\"520\" height=\"296\" src=\"https:\/\/www.swecobelgium.be\/wp-content\/uploads\/sites\/12\/2026\/04\/Say-Cheese_23042026_AquafinAwards-projectteam-Brugge-Oostende-520x296.jpg\" class=\"attachment-insights-featured size-insights-featured wp-post-image\" alt=\"Projectteams bekroond met speciale prijs op Aquafin Awards\" \/>\t\t\t\t\t\t<div class=\"insight__content editor-content\">\n\t\t\t\t\t\t\t<em class=\"cats\">Eau<span class=\"cats__sep\"><\/span>24\/04\/2026<\/em>\t\t\t\t\t\t\t<h3><a href=\"https:\/\/www.swecobelgium.be\/fr\/actualites\/des-equipes-de-projet-recompensees-par-un-prix-special-lors-des-aquafin-awards\/\">Des \u00e9quipes de projet r\u00e9compens\u00e9es par un prix sp\u00e9cial lors des Aquafin Awards<\/a><\/h3>\n\t\t\t\t\t\t\t<p> <span class=\"readmore\">En savoir plus<\/span><\/p>\n\t\t\t\t\t\t<\/div>\n\t\t\t\t\t<\/div>\n\t\t\t\t\t\t\t\t\t<div class=\"col col--4 insight\" data-clickable=\"true\">\n\t\t\t\t\t\t<img loading=\"lazy\" decoding=\"async\" width=\"520\" height=\"296\" src=\"https:\/\/www.swecobelgium.be\/wp-content\/uploads\/sites\/12\/2026\/04\/Helene-Rillaerts_016919_\u252c\u2310fayepynaert-520x296.jpg\" class=\"attachment-insights-featured size-insights-featured wp-post-image\" alt=\"\" \/>\t\t\t\t\t\t<div class=\"insight__content editor-content\">\n\t\t\t\t\t\t\t<em class=\"cats\">Expert Talk, <a href=\"https:\/\/www.swecobelgium.be\/fr\/services\/masterplanning\/\">Urbanisme<\/a> et espaces publics<span class=\"cats__sep\"><\/span>22\/04\/2026<\/em>\t\t\t\t\t\t\t<h3><a href=\"https:\/\/www.swecobelgium.be\/fr\/actualites\/helene-rillaerts-renforce-lurbanisme-en-belgique-grace-a-un-double-engagement\/\">H\u00e9l\u00e8ne Rillaerts renforce l\u2019urbanisme en Belgique gr\u00e2ce \u00e0 un double engagement<\/a><\/h3>\n\t\t\t\t\t\t\t<p> <span class=\"readmore\">En savoir plus<\/span><\/p>\n\t\t\t\t\t\t<\/div>\n\t\t\t\t\t<\/div>\n\t\t\t\t\t\t\t\t\t<div class=\"col col--4 insight\" data-clickable=\"true\">\n\t\t\t\t\t\t<img loading=\"lazy\" decoding=\"async\" width=\"520\" height=\"250\" src=\"https:\/\/www.swecobelgium.be\/wp-content\/uploads\/sites\/12\/2026\/04\/Fotobanner-full-width-28-520x250.png\" class=\"attachment-insights-featured size-insights-featured wp-post-image\" alt=\"\" \/>\t\t\t\t\t\t<div class=\"insight__content editor-content\">\n\t\t\t\t\t\t\t<em class=\"cats\">Transition industrielle, Industrietransitie, Sweco Loket<span class=\"cats__sep\"><\/span>21\/04\/2026<\/em>\t\t\t\t\t\t\t<h3><a href=\"https:\/\/www.swecobelgium.be\/fr\/actualites\/sweco-accompagne-messer-benelux-dans-la-procedure-de-permis-pour-une-nouvelle-unite-de-separation-de-lair\/\">Sweco accompagne Messer Benelux dans la proc\u00e9dure de permis pour une nouvelle unit\u00e9 de s\u00e9paration de l\u2019air<\/a><\/h3>\n\t\t\t\t\t\t\t<p> <span class=\"readmore\">En savoir plus<\/span><\/p>\n\t\t\t\t\t\t<\/div>\n\t\t\t\t\t<\/div>\n\t\t\t\t\n\t\t\t\t\t<\/div>\n\t<\/div>\n<\/section>\n\n<section class=\"block form-block block--lightgray\" >\n\t<div class=\"block__inner form-block__inner \">\n\n                    <div class=\"col--11 col--wrapper\">\n                                    <div class=\"col col--4 editor-content form-block__title\">\n                        <h2 class=\"h2 hyphenate\">Inscrivez-vous \u00e0 notre newsletter<\/h2>                    <\/div>\n                    <div class=\"col--12 col\"><\/div>\n                \n                <div class=\"col col--4 editor-content\">\n                    Recevez des mises \u00e0 jour sur des projets innovants, des <a href=\"https:\/\/www.swecobelgium.be\/fr\/durabilite\/\">solutions durables<\/a> et des analyses exclusives de Sweco. Abonnez-vous d\u00e8s maintenant et participez \u00e0 la transformation de demain.\r\n\r\n\r\n\r\n\r\n\r\n\r\n\r\n                <\/div>\n\n                <div class=\"col col--7\">\n                    <script type=\"text\/javascript\">\n\/* <![CDATA[ *\/\nvar gform;gform||(document.addEventListener(\"gform_main_scripts_loaded\",function(){gform.scriptsLoaded=!0}),document.addEventListener(\"gform\/theme\/scripts_loaded\",function(){gform.themeScriptsLoaded=!0}),window.addEventListener(\"DOMContentLoaded\",function(){gform.domLoaded=!0}),gform={domLoaded:!1,scriptsLoaded:!1,themeScriptsLoaded:!1,isFormEditor:()=>\"function\"==typeof InitializeEditor,callIfLoaded:function(o){return!(!gform.domLoaded||!gform.scriptsLoaded||!gform.themeScriptsLoaded&&!gform.isFormEditor()||(gform.isFormEditor()&&console.warn(\"The use of gform.initializeOnLoaded() is deprecated in the form editor context and will be removed in Gravity Forms 3.1.\"),o(),0))},initializeOnLoaded:function(o){gform.callIfLoaded(o)||(document.addEventListener(\"gform_main_scripts_loaded\",()=>{gform.scriptsLoaded=!0,gform.callIfLoaded(o)}),document.addEventListener(\"gform\/theme\/scripts_loaded\",()=>{gform.themeScriptsLoaded=!0,gform.callIfLoaded(o)}),window.addEventListener(\"DOMContentLoaded\",()=>{gform.domLoaded=!0,gform.callIfLoaded(o)}))},hooks:{action:{},filter:{}},addAction:function(o,r,e,t){gform.addHook(\"action\",o,r,e,t)},addFilter:function(o,r,e,t){gform.addHook(\"filter\",o,r,e,t)},doAction:function(o){gform.doHook(\"action\",o,arguments)},applyFilters:function(o){return gform.doHook(\"filter\",o,arguments)},removeAction:function(o,r){gform.removeHook(\"action\",o,r)},removeFilter:function(o,r,e){gform.removeHook(\"filter\",o,r,e)},addHook:function(o,r,e,t,n){null==gform.hooks[o][r]&&(gform.hooks[o][r]=[]);var d=gform.hooks[o][r];null==n&&(n=r+\"_\"+d.length),gform.hooks[o][r].push({tag:n,callable:e,priority:t=null==t?10:t})},doHook:function(r,o,e){var t;if(e=Array.prototype.slice.call(e,1),null!=gform.hooks[r][o]&&((o=gform.hooks[r][o]).sort(function(o,r){return o.priority-r.priority}),o.forEach(function(o){\"function\"!=typeof(t=o.callable)&&(t=window[t]),\"action\"==r?t.apply(null,e):e[0]=t.apply(null,e)})),\"filter\"==r)return e[0]},removeHook:function(o,r,t,n){var e;null!=gform.hooks[o][r]&&(e=(e=gform.hooks[o][r]).filter(function(o,r,e){return!!(null!=n&&n!=o.tag||null!=t&&t!=o.priority)}),gform.hooks[o][r]=e)}});\n\/* ]]> *\/\n<\/script>\n\n                <div class='gf_browser_gecko gform_wrapper gform_legacy_markup_wrapper gform-theme--no-framework' data-form-theme='legacy' data-form-index='0' id='gform_wrapper_15' ><form class=\"gform_analytics_tracking\" method='post' enctype='multipart\/form-data' target='gform_ajax_frame_15' id='gform_15'  action='\/fr\/wp-json\/wp\/v2\/blog\/31163' data-formid='15' novalidate autocomplete=\"off\">\n                        <div class='gform-body gform_body'><ul id='gform_fields_15' class='gform_fields top_label form_sublabel_below description_below validation_below'><li id=\"field_15_13\" class=\"gfield gfield--type-honeypot gform_validation_container field_sublabel_below gfield--has-description field_description_below field_validation_below gfield_visibility_visible gform_honeypot\"  data-field-class=\"gform_honeypot\" ><label class='gfield_label gform-field-label' for='input_15_13'>X\/Twitter<\/label><div class='ginput_container'><input autocomplete=\"off\"  name='input_13' id='input_15_13' type='text' value='' autocomplete='new-password'\/><\/div><div class='gfield_description' id='gfield_description_15_13'>Ce champ n\u2019est utilis\u00e9 qu\u2019\u00e0 des fins de validation et devrait rester inchang\u00e9.<\/div><\/li><li id=\"field_15_5\" class=\"gfield gfield--type-email gfield--input-type-email gfield--width-full gfield_contains_required field_sublabel_below gfield--no-description field_description_below field_validation_below gfield_visibility_visible gform_email\"  data-field-class=\"gform_email\" ><label class='gfield_label gform-field-label' for='input_15_5'>E-mail<span class=\"gfield_required\"><span class=\"gfield_required gfield_required_asterisk\">*<\/span><\/span><\/label><div class='ginput_container ginput_container_email'>\n                            <input autocomplete=\"off\"  name='input_5' id='input_15_5' type='email' value='' class='large'    aria-required=\"true\" aria-invalid=\"false\"  \/>\n                        <\/div><\/li><li id=\"field_15_7\" class=\"gfield gfield--type-text gfield--input-type-text gfield--width-full gfield_contains_required field_sublabel_below gfield--no-description field_description_below field_validation_below gfield_visibility_visible gform_text\"  data-field-class=\"gform_text\" ><label class='gfield_label gform-field-label' for='input_15_7'>Pr\u00e9nom<span class=\"gfield_required\"><span class=\"gfield_required gfield_required_asterisk\">*<\/span><\/span><\/label><div class='ginput_container ginput_container_text'><input autocomplete=\"off\"  name='input_7' id='input_15_7' type='text' value='' class='large'     aria-required=\"true\" aria-invalid=\"false\"   \/><\/div><\/li><li id=\"field_15_8\" class=\"gfield gfield--type-text gfield--input-type-text gfield--width-full gfield_contains_required field_sublabel_below gfield--no-description field_description_below field_validation_below gfield_visibility_visible gform_text\"  data-field-class=\"gform_text\" ><label class='gfield_label gform-field-label' for='input_15_8'>Nom de famille<span class=\"gfield_required\"><span class=\"gfield_required gfield_required_asterisk\">*<\/span><\/span><\/label><div class='ginput_container ginput_container_text'><input autocomplete=\"off\"  name='input_8' id='input_15_8' type='text' value='' class='large'     aria-required=\"true\" aria-invalid=\"false\"   \/><\/div><\/li><li id=\"field_15_10\" class=\"gfield gfield--type-text gfield--input-type-text gfield--width-full field_sublabel_below gfield--no-description field_description_below field_validation_below gfield_visibility_visible gform_text\"  data-field-class=\"gform_text\" ><label class='gfield_label gform-field-label' for='input_15_10'>Entreprise (facultatif)<\/label><div class='ginput_container ginput_container_text'><input autocomplete=\"off\"  name='input_10' id='input_15_10' type='text' value='' class='large'      aria-invalid=\"false\"   \/><\/div><\/li><li id=\"field_15_11\" class=\"gfield gfield--type-radio gfield--type-choice gfield--input-type-radio gfield--width-full gfield_contains_required field_sublabel_below gfield--no-description field_description_below field_validation_below gfield_visibility_visible gform_radio\"  data-field-class=\"gform_radio\" ><label class='gfield_label gform-field-label' >Je souhaite recevoir la lettre d\u2019information en<span class=\"gfield_required\"><span class=\"gfield_required gfield_required_asterisk\">*<\/span><\/span><\/label><div class='ginput_container ginput_container_radio'><ul class='gfield_radio' id='input_15_11'>\n\t\t\t<li class='gchoice gchoice_15_11_0'>\n\t\t\t\t<input autocomplete=\"off\"  name='input_11' type='radio' value='n\u00e9erlandais'  id='choice_15_11_0'    \/>\n\t\t\t\t<label for='choice_15_11_0' id='label_15_11_0' class='gform-field-label gform-field-label--type-inline'>n\u00e9erlandais<\/label>\n\t\t\t<\/li>\n\t\t\t<li class='gchoice gchoice_15_11_1'>\n\t\t\t\t<input autocomplete=\"off\"  name='input_11' type='radio' value='fran\u00e7ais'  id='choice_15_11_1'    \/>\n\t\t\t\t<label for='choice_15_11_1' id='label_15_11_1' class='gform-field-label gform-field-label--type-inline'>fran\u00e7ais<\/label>\n\t\t\t<\/li>\n\t\t\t<li class='gchoice gchoice_15_11_2'>\n\t\t\t\t<input autocomplete=\"off\"  name='input_11' type='radio' value='anglais'  id='choice_15_11_2'    \/>\n\t\t\t\t<label for='choice_15_11_2' id='label_15_11_2' class='gform-field-label gform-field-label--type-inline'>anglais<\/label>\n\t\t\t<\/li><\/ul><\/div><\/li><li id=\"field_15_9\" class=\"gfield gfield--type-consent gfield--type-choice gfield--input-type-consent gfield--width-full gfield_contains_required field_sublabel_below gfield--no-description field_description_below field_validation_below gfield_visibility_visible gform_consent\"  data-field-class=\"gform_consent\" ><label class='gfield_label gform-field-label screen-reader-text gfield_label_before_complex' ><span class=\"gfield_required\"><span class=\"gfield_required gfield_required_asterisk\">*<\/span><\/span><\/label><div class='ginput_container ginput_container_consent'><input autocomplete=\"off\"  name='input_9.1' id='input_15_9_1' type='checkbox' value='1'   aria-required=\"true\" aria-invalid=\"false\"   \/> <label class=\"gform-field-label gform-field-label--type-inline gfield_consent_label\" for='input_15_9_1' >En envoyant vos informations, vous marquez votre accord avec la politique en mati\u00e8re de protection de la vie priv\u00e9e de Sweco. <a href=\"https:\/\/www.swecobelgium.be\/fr\/privacy-notice\/\">Cliquez ici<\/a> pour en savoir plus sur la mani\u00e8re dont nous sauvegardons vos donn\u00e9es.<\/label><input autocomplete=\"off\"  type='hidden' name='input_9.2' value='En envoyant vos informations, vous marquez votre accord avec la politique en mati\u00e8re de protection de la vie priv\u00e9e de Sweco. &lt;a href=&quot;https:\/\/www.swecobelgium.be\/fr\/privacy-notice\/&quot;&gt;Cliquez ici&lt;\/a&gt; pour en savoir plus sur la mani\u00e8re dont nous sauvegardons vos donn\u00e9es.' class='gform_hidden' \/><input autocomplete=\"off\"  type='hidden' name='input_9.3' value='13' class='gform_hidden' \/><\/div><\/li><li id=\"field_15_12\" class=\"gfield gfield--type-checkbox gfield--type-choice gfield--input-type-checkbox field_sublabel_below gfield--has-description field_description_below field_validation_below gfield_visibility_visible gform_checkbox\"  data-field-class=\"gform_checkbox\" ><label class='gfield_label gform-field-label gfield_label_before_complex' >Communications par e-mail<\/label><div class='ginput_container ginput_container_checkbox'><ul class='gfield_checkbox' id='input_15_12'><li class='gchoice gchoice_15_12_1'>\n\t\t\t\t\t\t\t\t<input autocomplete=\"off\"  class='gfield-choice-input' name='input_12.1' type='checkbox'  value='J\u2019autorise l\u2019envoi de communications par e-mail concernant des mises \u00e0 jour, services ou \u00e9v\u00e9nements pertinents.'  id='choice_15_12_1'   aria-describedby=\"gfield_description_15_12\"\/>\n\t\t\t\t\t\t\t\t<label for='choice_15_12_1' id='label_15_12_1' class='gform-field-label gform-field-label--type-inline'>J\u2019autorise l\u2019envoi de communications par e-mail concernant des mises \u00e0 jour, services ou \u00e9v\u00e9nements pertinents.<\/label>\n\t\t\t\t\t\t\t<\/li><\/ul><\/div><div class='gfield_description' id='gfield_description_15_12'>Vous pouvez retirer votre consentement \u00e0 tout moment via le lien de d\u00e9sinscription dans nos e-mails.<\/div><\/li><\/ul><\/div>\n        <div class='gform-footer gform_footer top_label'> <button class='btn btn__primary' id='gform_submit_button_15'><span>Tenez-moi au courant !<\/span><\/button> <input type='hidden' name='gform_ajax' value='form_id=15&amp;title=&amp;description=&amp;tabindex=0&amp;theme=legacy&amp;hash=b35c59816435acd5e43b3f8942c6b7b1' \/>\n            <input type='hidden' class='gform_hidden' name='gform_submission_method' data-js='gform_submission_method_15' value='iframe' \/>\n            <input type='hidden' class='gform_hidden' name='gform_theme' data-js='gform_theme_15' id='gform_theme_15' value='legacy' \/>\n            <input type='hidden' class='gform_hidden' name='gform_style_settings' data-js='gform_style_settings_15' id='gform_style_settings_15' value='' \/>\n            <input type='hidden' class='gform_hidden' name='is_submit_15' value='1' \/>\n            <input type='hidden' class='gform_hidden' name='gform_submit' value='15' \/>\n            \n            <input type='hidden' class='gform_hidden' name='gform_unique_id' value='' \/>\n            <input type='hidden' class='gform_hidden' name='state_15' value='WyJ7XCIxMVwiOltcImYwMDQxZjQ0ZmNjYjhjMzkxNzhjYWRkZDJjODQ1MmUxXCIsXCIzYjA4YTg3ZmE1ZWZlMmFiZjUxZDcwMmI3ZGFlZTQ5NlwiLFwiYzlhZGM0YzI0MzljMTNhNjJiZmNmNjRkZjI4ZTA3OWRcIl0sXCI5LjFcIjpcIjVhYWVlZmI3NTc0MTU1YjA1ZTkwNjQxMWI2MWVlNGZiXCIsXCI5LjJcIjpcIjkwYTM0ZGVjYjM0ZmJlNjIzNmNjNmZmYmRiMjNjMmJhXCIsXCI5LjNcIjpcImQzYjBjMjE4N2ZmNGY4MGYxZDkxNTk0ZWIyM2RiYWNjXCIsXCIxMi4xXCI6XCJlNDA1ZWNkY2NhMjVkMWE5ODNiMjc4MWY5ZDMwMzJmYlwifSIsImU3MThjYzUwNzU5ZWZmNmQ0MmNhN2EwYTUwMzkxYzFhIl0=' \/>\n            <input type='hidden' autocomplete='off' class='gform_hidden' name='gform_target_page_number_15' id='gform_target_page_number_15' value='0' \/>\n            <input type='hidden' autocomplete='off' class='gform_hidden' name='gform_source_page_number_15' id='gform_source_page_number_15' value='1' \/>\n            <input type='hidden' name='gform_field_values' value='' \/>\n            \n        <\/div>\n                        <\/form>\n                        <\/div>\n\t\t                <iframe style='display:none;width:0px;height:0px;' src='about:blank' name='gform_ajax_frame_15' id='gform_ajax_frame_15' title='Cette iframe contient la logique n\u00e9cessaire pour manipuler Gravity Forms avec Ajax.'><\/iframe>\n\t\t                <script type=\"text\/javascript\">\n\/* <![CDATA[ *\/\n gform.initializeOnLoaded( function() {gformInitSpinner( 15, 'https:\/\/www.swecobelgium.be\/wp-content\/themes\/sweco\/assets\/dist\/oval.svg', true );jQuery('#gform_ajax_frame_15').on('load',function(){var contents = jQuery(this).contents().find('*').html();var is_postback = contents.indexOf('GF_AJAX_POSTBACK') >= 0;if(!is_postback){return;}var form_content = jQuery(this).contents().find('#gform_wrapper_15');var is_confirmation = jQuery(this).contents().find('#gform_confirmation_wrapper_15').length > 0;var is_redirect = contents.indexOf('gformRedirect(){') >= 0;var is_form = form_content.length > 0 && ! is_redirect && ! is_confirmation;var mt = parseInt(jQuery('html').css('margin-top'), 10) + parseInt(jQuery('body').css('margin-top'), 10) + 100;if(is_form){jQuery('#gform_wrapper_15').html(form_content.html());if(form_content.hasClass('gform_validation_error')){jQuery('#gform_wrapper_15').addClass('gform_validation_error');} else {jQuery('#gform_wrapper_15').removeClass('gform_validation_error');}setTimeout( function() { \/* delay the scroll by 50 milliseconds to fix a bug in chrome *\/  }, 50 );if(window['gformInitDatepicker']) {gformInitDatepicker();}if(window['gformInitPriceFields']) {gformInitPriceFields();}var current_page = jQuery('#gform_source_page_number_15').val();gformInitSpinner( 15, 'https:\/\/www.swecobelgium.be\/wp-content\/themes\/sweco\/assets\/dist\/oval.svg', true );jQuery(document).trigger('gform_page_loaded', [15, current_page]);window['gf_submitting_15'] = false;}else if(!is_redirect){var confirmation_content = jQuery(this).contents().find('.GF_AJAX_POSTBACK').html();if(!confirmation_content){confirmation_content = contents;}jQuery('#gform_wrapper_15').replaceWith(confirmation_content);jQuery(document).trigger('gform_confirmation_loaded', [15]);window['gf_submitting_15'] = false;wp.a11y.speak(jQuery('#gform_confirmation_message_15').text());}else{jQuery('#gform_15').append(contents);if(window['gformRedirect']) {gformRedirect();}}jQuery(document).trigger(\"gform_pre_post_render\", [{ formId: \"15\", currentPage: \"current_page\", abort: function() { this.preventDefault(); } }]);        if (event && event.defaultPrevented) {                return;        }        const gformWrapperDiv = document.getElementById( \"gform_wrapper_15\" );        if ( gformWrapperDiv ) {            const visibilitySpan = document.createElement( \"span\" );            visibilitySpan.id = \"gform_visibility_test_15\";            gformWrapperDiv.insertAdjacentElement( \"afterend\", visibilitySpan );        }        const visibilityTestDiv = document.getElementById( \"gform_visibility_test_15\" );        let postRenderFired = false;        function triggerPostRender() {            if ( postRenderFired ) {                return;            }            postRenderFired = true;            gform.core.triggerPostRenderEvents( 15, current_page );            if ( visibilityTestDiv ) {                visibilityTestDiv.parentNode.removeChild( visibilityTestDiv );            }        }        function debounce( func, wait, immediate ) {            var timeout;            return function() {                var context = this, args = arguments;                var later = function() {                    timeout = null;                    if ( !immediate ) func.apply( context, args );                };                var callNow = immediate && !timeout;                clearTimeout( timeout );                timeout = setTimeout( later, wait );                if ( callNow ) func.apply( context, args );            };        }        const debouncedTriggerPostRender = debounce( function() {            triggerPostRender();        }, 200 );        if ( visibilityTestDiv && visibilityTestDiv.offsetParent === null ) {            const observer = new MutationObserver( ( mutations ) => {                mutations.forEach( ( mutation ) => {                    if ( mutation.type === 'attributes' && visibilityTestDiv.offsetParent !== null ) {                        debouncedTriggerPostRender();                        observer.disconnect();                    }                });            });            observer.observe( document.body, {                attributes: true,                childList: false,                subtree: true,                attributeFilter: [ 'style', 'class' ],            });        } else {            triggerPostRender();        }    } );} ); \n\/* ]]> *\/\n<\/script>\n                <\/div>\n            <\/div>\n        \n\t<\/div>\n<\/section>\n","protected":false},"excerpt":{"rendered":"","protected":false},"featured_media":26252,"template":"","blog_cats":[745,929],"blog_tags":[956,1384],"blog_author":[541],"class_list":["post-31163","blog","type-blog","status-publish","has-post-thumbnail","hentry","blog_cats-project-news","blog_cats-transports-durables-et-mobilite","blog_tags-routes-et-autoroutes","blog_tags-modelisation-du-trafic-routier","blog_author-sweco"],"acf":[],"_links":{"self":[{"href":"https:\/\/www.swecobelgium.be\/fr\/wp-json\/wp\/v2\/blog\/31163","targetHints":{"allow":["GET"]}}],"collection":[{"href":"https:\/\/www.swecobelgium.be\/fr\/wp-json\/wp\/v2\/blog"}],"about":[{"href":"https:\/\/www.swecobelgium.be\/fr\/wp-json\/wp\/v2\/types\/blog"}],"wp:featuredmedia":[{"embeddable":true,"href":"https:\/\/www.swecobelgium.be\/fr\/wp-json\/wp\/v2\/media\/26252"}],"wp:attachment":[{"href":"https:\/\/www.swecobelgium.be\/fr\/wp-json\/wp\/v2\/media?parent=31163"}],"wp:term":[{"taxonomy":"blog_cats","embeddable":true,"href":"https:\/\/www.swecobelgium.be\/fr\/wp-json\/wp\/v2\/blog_cats?post=31163"},{"taxonomy":"blog_tags","embeddable":true,"href":"https:\/\/www.swecobelgium.be\/fr\/wp-json\/wp\/v2\/blog_tags?post=31163"},{"taxonomy":"blog_author","embeddable":true,"href":"https:\/\/www.swecobelgium.be\/fr\/wp-json\/wp\/v2\/blog_author?post=31163"}],"curies":[{"name":"wp","href":"https:\/\/api.w.org\/{rel}","templated":true}]}}