{"id":31174,"date":"2026-01-15T07:51:56","date_gmt":"2026-01-15T06:51:56","guid":{"rendered":"https:\/\/www.swecobelgium.be\/blog\/sweco-recompense-comme-top-employer-2025-en-belgique\/"},"modified":"2026-01-15T07:51:56","modified_gmt":"2026-01-15T06:51:56","slug":"sweco-recompense-comme-top-employer-2026-en-belgique","status":"publish","type":"blog","link":"https:\/\/www.swecobelgium.be\/fr\/actualites\/sweco-recompense-comme-top-employer-2026-en-belgique\/","title":{"rendered":"Sweco r\u00e9compens\u00e9 comme Top Employer 2026 en Belgique"},"content":{"rendered":"<section class=\"block block-share block--white\" >\n\t<div class=\"block__inner\">\n\t\t<div class=\"col--12 col--wrapper col--center\">\n            <div class=\"col col--12 editor-content col--center\">\n                <div class=\"share\">\n                    <p class=\"share-text\">Share on: <\/p>\n                    <div class=\"ss-inline-share-wrapper ss-hover-animation-fade ss-with-counter-border ss-inline-total-counter-left\"><div class=\"ss-inline-share-content\"><\/div><\/div>                <\/div>\n            <\/div>\n\t\t<\/div>\n\t<\/div>\n<\/section>\n\n<section class=\"block cb block--white\" >\n\t<div class=\"block__inner cb__inner cb__inner--one\">\n\t<div class=\"col--12 col--center col--wrapper\">\n\t\t<div class=\"col col--6 editor-content\">\n\t\t\t<p><strong>La reconnaissance en tant que Top Employer en Belgique souligne l&rsquo;engagement constant de Sweco en faveur de la cr\u00e9ation d\u2019un excellent environnement de travail dans lequel les talents peuvent s&rsquo;\u00e9panouir pleinement. \u00c9minent bureau d\u2019ing\u00e9nieurs-conseils et de conception, nous faisons la diff\u00e9rence avec nos projets multidisciplinaires pour un monde r\u00e9silient.<\/strong><\/p>\n<p><img loading=\"lazy\" decoding=\"async\" class=\"alignnone size-full wp-image-29841\" src=\"https:\/\/www.swecobelgium.be\/wp-content\/uploads\/sites\/12\/2025\/01\/Sweco-Top-Employer-lowres.jpg\" alt=\"Sweco bekroond als Top Employer 2025 in Belgi\u00eb\" width=\"1603\" height=\"1068\" srcset=\"https:\/\/www.swecobelgium.be\/wp-content\/uploads\/sites\/12\/2025\/01\/Sweco-Top-Employer-lowres.jpg 1603w, https:\/\/www.swecobelgium.be\/wp-content\/uploads\/sites\/12\/2025\/01\/Sweco-Top-Employer-lowres-200x133.jpg 200w, https:\/\/www.swecobelgium.be\/wp-content\/uploads\/sites\/12\/2025\/01\/Sweco-Top-Employer-lowres-768x512.jpg 768w, https:\/\/www.swecobelgium.be\/wp-content\/uploads\/sites\/12\/2025\/01\/Sweco-Top-Employer-lowres-1536x1023.jpg 1536w, https:\/\/www.swecobelgium.be\/wp-content\/uploads\/sites\/12\/2025\/01\/Sweco-Top-Employer-lowres-520x346.jpg 520w, https:\/\/www.swecobelgium.be\/wp-content\/uploads\/sites\/12\/2025\/01\/Sweco-Top-Employer-lowres-800x533.jpg 800w, https:\/\/www.swecobelgium.be\/wp-content\/uploads\/sites\/12\/2025\/01\/Sweco-Top-Employer-lowres-450x300.jpg 450w, https:\/\/www.swecobelgium.be\/wp-content\/uploads\/sites\/12\/2025\/01\/Sweco-Top-Employer-lowres-675x450.jpg 675w, https:\/\/www.swecobelgium.be\/wp-content\/uploads\/sites\/12\/2025\/01\/Sweco-Top-Employer-lowres-652x434.jpg 652w\" sizes=\"auto, (max-width: 1603px) 100vw, 1603px\" \/><\/p>\n<p>En 2026, le Top Employers Institute a certifi\u00e9 plus de 2.400 organisations dans 125 pays et r\u00e9gions. Ces Top Employers certifi\u00e9s ont un impact positif sur la vie de plus de 13 millions de collaborateurs. Fond\u00e9 il y a plus de trente ans \u00e0 Amsterdam, ce bureau prestigieux est une r\u00e9f\u00e9rence mondiale dans la reconnaissance des strat\u00e9gies et pratiques RH mises en \u0153uvre par les entreprises.<\/p>\n<blockquote><p>&nbsp;<\/p>\n<figure><i class=\"icon icon-quote\"><\/i><\/figure>\n<p>Jochen Ghyssels, HR Director de Sweco srl :\u00ab En tant que Top Employer, nous nous engageons \u00e0 recruter les meilleurs talents et \u00e0 leur offrir des possibilit\u00e9s de d\u00e9veloppement, notamment en mati\u00e8re de leadership. De cette mani\u00e8re, nous cr\u00e9ons un environnement dans lequel nos collaborateurs peuvent s\u2019\u00e9panouir tout en contribuant \u00e0 une soci\u00e9t\u00e9 meilleure. \u00bb<\/p><\/blockquote>\n\t\t<\/div>\n\t<\/div>\n<\/div>\n<\/section>\n\n\n<section class=\"block block--white columns\" >\n\t<div class=\"block__inner columns__inner\">\n\t\t<div class=\"col--11 col--wrapper col--stretch\">\n\t\t\t\n\t\t\t\t\t\t\t<div class=\"columns__col col col--6\">\n\t\t\t\t\t<div class=\"editor-content columns__content columns__content--content\">\n\t\t\t\t\t\t<h2>Politiques RH et pratiques de ressources humaines<\/h2>\n<p>\u00ab Chez Sweco, nous croyons fermement \u00e0 la force de nos collaborateurs, ce n\u2019est pas pour rien si \u00ab Best People \u00bb est la pierre angulaire de notre vision \u00bb, poursuit Jochen Ghyssels. \u00ab Si nos collaborateurs sont satisfaits, nos clients le sont aussi et notre organisation prosp\u00e8re. Ce cercle vertueux est au c\u0153ur de notre succ\u00e8s. \u00bb<\/p>\n<p>Nous misons sur la cr\u00e9ation d&rsquo;un environnement de travail inclusif et stimulant. Chez Sweco, nous offrons \u00e0 nos collaborateurs l\u2019opportunit\u00e9 de d\u00e9velopper et d\u2019\u00e9panouir leurs talents dans un environnement inspirant. Nous accordons beaucoup d\u2019importance \u00e0 la diversit\u00e9 et \u00e0 l&rsquo;inclusion, et nous \u0153uvrons chaque jour \u00e0 un environnement de travail dans lequel chacun se sent valoris\u00e9 et soutenu.<\/p>\n\t\t\t\t\t<\/div>\n\t\t\t\t<\/div>\n\t\t\t\t\t\t\t<div class=\"columns__col col col--6\">\n\t\t\t\t\t<div class=\"editor-content columns__content columns__content--content\">\n\t\t\t\t\t\t<h2>\u00c9panouissement humain par le d\u00e9veloppement des talents<\/h2>\n<p>La politique de Sweco consiste \u00e0 \u00e9couter r\u00e9ellement nos 2.700 collaborateurs. En effet, les possibilit\u00e9s de s\u2019\u00e9panouir contribuent \u00e0 cultiver le bonheur. Nous le faisons tout au long de l&rsquo;ann\u00e9e avec les Sweco Talks, un dialogue ouvert entre le collaborateur et son sup\u00e9rieur pour fixer des objectifs, discuter des progr\u00e8s, fournir un coaching et discuter du bien-\u00eatre au sein de l&rsquo;\u00e9quipe et des projets.<\/p>\n<p>Au sein de notre organisation, nous accordons une attention particuli\u00e8re \u00e0 l&rsquo;orientation client, \u00e0 l&rsquo;environnement de travail, \u00e0 la coop\u00e9ration, aux comp\u00e9tences, au leadership, \u00e0 la confiance, \u00e0 l&rsquo;efficacit\u00e9 ainsi qu&rsquo;\u00e0 la diversit\u00e9 &amp; \u00e0 l&rsquo;inclusion. Ces th\u00e8mes font l&rsquo;objet d&rsquo;un suivi permanent et, au besoin, nous prenons des mesures cibl\u00e9es. Nous encourageons par ailleurs le <a href=\"https:\/\/www.swecobelgium.be\/fr\/durabilite\/\">d\u00e9veloppement durable<\/a> en encourageant la sensibilisation aux objectifs climatiques et l\u2019engagement en faveur de leur poursuite. Nous y parvenons avec l&rsquo;aide de nos propres Sustainability Coaches \u00e0 l\u2019\u0153uvre au sein de chaque \u00e9quipe.<\/p>\n\t\t\t\t\t<\/div>\n\t\t\t\t<\/div>\n\t\t\t\n\t\t<\/div>\n\t<\/div>\n<\/section>\n\n\n<section class=\"block cb block--white\" >\n\t<div class=\"block__inner cb__inner cb__inner--media-content media-content media-content--right\">\n\t<div class=\"col--10 col--wrapper media-content__wrapper\">\n\t\t\t\t\t<div class=\"col col--6 media-content__content editor-content\">\n\t\t\t\t<h2>Une carri\u00e8re pour les architectes du changement<\/h2>\n<p>Chez Sweco, nous avons toujours \u00e9t\u00e9 partisans d\u2019une nouvelle fa\u00e7on de travailler. Que vous optiez pour le t\u00e9l\u00e9travail ou que vous pr\u00e9f\u00e9riez collaborer avec des coll\u00e8gues dans l&rsquo;un de nos bureaux, nous croyons en un \u00e9quilibre harmonieux entre vie professionnelle et vie priv\u00e9e. Nous donnons \u00e0 nos collaborateurs la libert\u00e9 et la responsabilit\u00e9 de l\u2019organisation flexible de leur semaine de travail, en fonction des besoins de nos clients et de nos projets.<\/p>\n<p>Sweco est \u00e9galement connu pour son approche pionni\u00e8re et ses solutions tourn\u00e9es vers l&rsquo;avenir. Chez Sweco, nous offrons \u00e0 nos collaborateurs l\u2019occasion de se plonger dans toutes les facettes d&rsquo;un projet, de son lancement \u00e0 sa r\u00e9ception. Ensemble, nous construisons un nouvel avenir pour notre soci\u00e9t\u00e9 : Transforming Society Together. Une soci\u00e9t\u00e9 en pleine transition, dans laquelle nous devons changer notre mode de gestion des ressources. Qu&rsquo;il s&rsquo;agisse d&rsquo;espace, d&rsquo;\u00e9nergie, de mat\u00e9riaux, d&rsquo;eau ou d&rsquo;autres ressources qui se font rares.<\/p>\n\t\t\t<\/div>\n\t\t\t\t<div class=\"col col--6 media-content__media media-content__media--image\">\n\t\t\t<img loading=\"lazy\" decoding=\"async\" width=\"780\" height=\"460\" src=\"https:\/\/www.swecobelgium.be\/wp-content\/uploads\/sites\/12\/2025\/01\/\u00a9Sweco-Family-Day-2024-780x460.jpeg\" class=\"attachment-media-content size-media-content\" alt=\"Sweco bekroond als Top Employer 2025 in Belgi\u00eb\" full-size-url=\"https:\/\/www.swecobelgium.be\/wp-content\/uploads\/sites\/12\/2025\/01\/\u00a9Sweco-Family-Day-2024-scaled.jpeg\" \/>\n\t\t\t\n\t\t<\/div>\n\t<\/div>\n<\/div><div class=\"block__inner cb__inner cb__inner--media-content media-content media-content--left\">\n\t<div class=\"col--10 col--wrapper media-content__wrapper\">\n\t\t\t\t\t<div class=\"col col--6 media-content__content editor-content\">\n\t\t\t\t<h2>Be the change<br \/>\nTransform tomorrow with us<\/h2>\n<p>Gr\u00e2ce \u00e0 Sweco Academy et aux Innovation Days, nous proposons un large \u00e9ventail de formations, allant des cours techniques aux programmes de d\u00e9veloppement personnel. Nos collaborateurs sont ainsi toujours pr\u00eats \u00e0 franchir une nouvelle \u00e9tape dans leur carri\u00e8re.<br \/>\nVous voulez avoir un impact avec nous ? Visitez notre jobsite <a href=\"http:\/\/www.swecobelgium.be\/carriere\">www.swecobelgium.be\/carriere<\/a> et contribuez \u00e0 fa\u00e7onner une soci\u00e9t\u00e9 durable !<\/p>\n<div class=\"buttons-wrapper buttons-wrapper--left\"><a href=\"http:\/\/www.swecobelgium.be\/carriere\" target=\"\" class=\"btn btn__primary \">Visitez notre site emploi<\/a><\/div>\t\t\t<\/div>\n\t\t\t\t<div class=\"col col--6 media-content__media media-content__media--image\">\n\t\t\t<img loading=\"lazy\" decoding=\"async\" width=\"780\" height=\"460\" src=\"https:\/\/www.swecobelgium.be\/wp-content\/uploads\/sites\/12\/2025\/01\/\u00a9Sweco-Innovation-Cafe-2024-copy-780x460.jpg\" class=\"attachment-media-content size-media-content\" alt=\"Sweco bekroond als Top Employer 2025 in Belgi\u00eb\" full-size-url=\"https:\/\/www.swecobelgium.be\/wp-content\/uploads\/sites\/12\/2025\/01\/\u00a9Sweco-Innovation-Cafe-2024-copy-scaled.jpg\" \/>\n\t\t\t\n\t\t<\/div>\n\t<\/div>\n<\/div><\/section>\n\n\n<section class=\"block block--white columns\" >\n\t<div class=\"block__inner columns__inner\">\n\t\t<div class=\"col--11 col--wrapper col--stretch\">\n\t\t\t\n\t\t\t\t\t\t\t<div class=\"columns__col col col--6\">\n\t\t\t\t\t<div class=\"editor-content columns__content columns__content--content\">\n\t\t\t\t\t\t<p><img loading=\"lazy\" decoding=\"async\" class=\"alignnone size-full wp-image-47037\" src=\"https:\/\/www.swecobelgium.be\/wp-content\/uploads\/sites\/12\/2025\/01\/Top_Employer_Belgium_2026-2.png\" alt=\"Top Employer 2026\" width=\"3421\" height=\"1584\" srcset=\"https:\/\/www.swecobelgium.be\/wp-content\/uploads\/sites\/12\/2025\/01\/Top_Employer_Belgium_2026-2.png 3421w, https:\/\/www.swecobelgium.be\/wp-content\/uploads\/sites\/12\/2025\/01\/Top_Employer_Belgium_2026-2-200x93.png 200w, https:\/\/www.swecobelgium.be\/wp-content\/uploads\/sites\/12\/2025\/01\/Top_Employer_Belgium_2026-2-768x356.png 768w, https:\/\/www.swecobelgium.be\/wp-content\/uploads\/sites\/12\/2025\/01\/Top_Employer_Belgium_2026-2-1536x711.png 1536w, https:\/\/www.swecobelgium.be\/wp-content\/uploads\/sites\/12\/2025\/01\/Top_Employer_Belgium_2026-2-2048x948.png 2048w, https:\/\/www.swecobelgium.be\/wp-content\/uploads\/sites\/12\/2025\/01\/Top_Employer_Belgium_2026-2-520x241.png 520w, https:\/\/www.swecobelgium.be\/wp-content\/uploads\/sites\/12\/2025\/01\/Top_Employer_Belgium_2026-2-800x370.png 800w, https:\/\/www.swecobelgium.be\/wp-content\/uploads\/sites\/12\/2025\/01\/Top_Employer_Belgium_2026-2-648x300.png 648w, https:\/\/www.swecobelgium.be\/wp-content\/uploads\/sites\/12\/2025\/01\/Top_Employer_Belgium_2026-2-972x450.png 972w, https:\/\/www.swecobelgium.be\/wp-content\/uploads\/sites\/12\/2025\/01\/Top_Employer_Belgium_2026-2-652x302.png 652w\" sizes=\"auto, (max-width: 3421px) 100vw, 3421px\" \/><\/p>\n\t\t\t\t\t<\/div>\n\t\t\t\t<\/div>\n\t\t\t\t\t\t\t<div class=\"columns__col col col--6\">\n\t\t\t\t\t<div class=\"editor-content columns__content columns__content--content\">\n\t\t\t\t\t\t<h2>\u00c0 propos du Top Employers Institute<\/h2>\n<p>Les candidats au certificat Top Employers font l&rsquo;objet d&rsquo;une s\u00e9lection et d&rsquo;un audit rigoureux. Le Top Employers Institute examine ce que les employeurs offrent \u00e0 leurs collaborateurs en termes d\u2019opportunit\u00e9s de formation et de perspectives d\u2019avancement, de culture d&rsquo;entreprise et de communication interne. L&rsquo;enqu\u00eate repose sur une centaine de questions relatives aux meilleures pratiques RH.<\/p>\n<p>Le questionnaire couvre six domaines RH, compos\u00e9s de 20 th\u00e8mes tels que People Strategy, Work Environment, Talent Acquisition, Learning, Well-being, Diversity &amp; Inclusion et bien d\u2019autres. L&rsquo;entreprise doit non seulement r\u00e9pondre aux questions, elle doit aussi d\u00fbment les documenter. De la sorte, le Top Employers Institute peut contr\u00f4ler la fiabilit\u00e9 des r\u00e9ponses.<\/p>\n\t\t\t\t\t<\/div>\n\t\t\t\t<\/div>\n\t\t\t\n\t\t<\/div>\n\t<\/div>\n<\/section>\n\n\n<section class=\"block block--white latest-insights\" >\n\t<div class=\"block__inner latest-insights__inner\">\n\t\t<div class=\"col--11 col--wrapper\">\n\t\t\t\t\t\t\t<div class=\"col col--12 editor-content latest-insights__title\">\n\t\t\t\t\t<h2 class=\"h2 hyphenate\">Autres actualit\u00e9s<\/h2>\t\t\t\t<\/div>\n\t\t\t\n\t\t\t\t\t\t\t\t<div class=\"col col--4 insight\" data-clickable=\"true\">\n\t\t\t\t\t\t<img loading=\"lazy\" decoding=\"async\" width=\"520\" height=\"296\" src=\"https:\/\/www.swecobelgium.be\/wp-content\/uploads\/sites\/12\/2026\/04\/Say-Cheese_23042026_AquafinAwards-projectteam-Brugge-Oostende-520x296.jpg\" class=\"attachment-insights-featured size-insights-featured wp-post-image\" alt=\"Projectteams bekroond met speciale prijs op Aquafin Awards\" \/>\t\t\t\t\t\t<div class=\"insight__content editor-content\">\n\t\t\t\t\t\t\t<em class=\"cats\">Eau<span class=\"cats__sep\"><\/span>24\/04\/2026<\/em>\t\t\t\t\t\t\t<h3><a href=\"https:\/\/www.swecobelgium.be\/fr\/actualites\/des-equipes-de-projet-recompensees-par-un-prix-special-lors-des-aquafin-awards\/\">Des \u00e9quipes de projet r\u00e9compens\u00e9es par un prix sp\u00e9cial lors des Aquafin Awards<\/a><\/h3>\n\t\t\t\t\t\t\t<p> <span class=\"readmore\">En savoir plus<\/span><\/p>\n\t\t\t\t\t\t<\/div>\n\t\t\t\t\t<\/div>\n\t\t\t\t\t\t\t\t\t<div class=\"col col--4 insight\" data-clickable=\"true\">\n\t\t\t\t\t\t<img loading=\"lazy\" decoding=\"async\" width=\"520\" height=\"296\" src=\"https:\/\/www.swecobelgium.be\/wp-content\/uploads\/sites\/12\/2026\/04\/Helene-Rillaerts_016919_\u252c\u2310fayepynaert-520x296.jpg\" class=\"attachment-insights-featured size-insights-featured wp-post-image\" alt=\"\" \/>\t\t\t\t\t\t<div class=\"insight__content editor-content\">\n\t\t\t\t\t\t\t<em class=\"cats\"><a href=\"https:\/\/www.swecobelgium.be\/fr\/services\/masterplanning\/\">Urbanisme<\/a> et espaces publics, Expert Talk<span class=\"cats__sep\"><\/span>22\/04\/2026<\/em>\t\t\t\t\t\t\t<h3><a href=\"https:\/\/www.swecobelgium.be\/fr\/actualites\/helene-rillaerts-renforce-lurbanisme-en-belgique-grace-a-un-double-engagement\/\">H\u00e9l\u00e8ne Rillaerts renforce l\u2019urbanisme en Belgique gr\u00e2ce \u00e0 un double engagement<\/a><\/h3>\n\t\t\t\t\t\t\t<p> <span class=\"readmore\">En savoir plus<\/span><\/p>\n\t\t\t\t\t\t<\/div>\n\t\t\t\t\t<\/div>\n\t\t\t\t\t\t\t\t\t<div class=\"col col--4 insight\" data-clickable=\"true\">\n\t\t\t\t\t\t<img loading=\"lazy\" decoding=\"async\" width=\"520\" height=\"250\" src=\"https:\/\/www.swecobelgium.be\/wp-content\/uploads\/sites\/12\/2026\/04\/Fotobanner-full-width-28-520x250.png\" class=\"attachment-insights-featured size-insights-featured wp-post-image\" alt=\"\" \/>\t\t\t\t\t\t<div class=\"insight__content editor-content\">\n\t\t\t\t\t\t\t<em class=\"cats\">Industrietransitie, Sweco Loket, Transition industrielle<span class=\"cats__sep\"><\/span>21\/04\/2026<\/em>\t\t\t\t\t\t\t<h3><a href=\"https:\/\/www.swecobelgium.be\/fr\/actualites\/sweco-accompagne-messer-benelux-dans-la-procedure-de-permis-pour-une-nouvelle-unite-de-separation-de-lair\/\">Sweco accompagne Messer Benelux dans la proc\u00e9dure de permis pour une nouvelle unit\u00e9 de s\u00e9paration de l\u2019air<\/a><\/h3>\n\t\t\t\t\t\t\t<p> <span class=\"readmore\">En savoir plus<\/span><\/p>\n\t\t\t\t\t\t<\/div>\n\t\t\t\t\t<\/div>\n\t\t\t\t\n\t\t\t\t\t<\/div>\n\t<\/div>\n<\/section>\n\n<section class=\"block form-block block--lightgray\" >\n\t<div class=\"block__inner form-block__inner \">\n\n                    <div class=\"col--11 col--wrapper\">\n                                    <div class=\"col col--4 editor-content form-block__title\">\n                        <h2 class=\"h2 hyphenate\">Inscrivez-vous \u00e0 notre newsletter<\/h2>                    <\/div>\n                    <div class=\"col--12 col\"><\/div>\n                \n                <div class=\"col col--4 editor-content\">\n                    Recevez des mises \u00e0 jour sur des projets innovants, des <a href=\"https:\/\/www.swecobelgium.be\/fr\/durabilite\/\">solutions durables<\/a> et des analyses exclusives de Sweco. Abonnez-vous d\u00e8s maintenant et participez \u00e0 la transformation de demain.\r\n\r\n\r\n\r\n\r\n\r\n\r\n\r\n                <\/div>\n\n                <div class=\"col col--7\">\n                    <script type=\"text\/javascript\">\n\/* <![CDATA[ *\/\nvar gform;gform||(document.addEventListener(\"gform_main_scripts_loaded\",function(){gform.scriptsLoaded=!0}),document.addEventListener(\"gform\/theme\/scripts_loaded\",function(){gform.themeScriptsLoaded=!0}),window.addEventListener(\"DOMContentLoaded\",function(){gform.domLoaded=!0}),gform={domLoaded:!1,scriptsLoaded:!1,themeScriptsLoaded:!1,isFormEditor:()=>\"function\"==typeof InitializeEditor,callIfLoaded:function(o){return!(!gform.domLoaded||!gform.scriptsLoaded||!gform.themeScriptsLoaded&&!gform.isFormEditor()||(gform.isFormEditor()&&console.warn(\"The use of gform.initializeOnLoaded() is deprecated in the form editor context and will be removed in Gravity Forms 3.1.\"),o(),0))},initializeOnLoaded:function(o){gform.callIfLoaded(o)||(document.addEventListener(\"gform_main_scripts_loaded\",()=>{gform.scriptsLoaded=!0,gform.callIfLoaded(o)}),document.addEventListener(\"gform\/theme\/scripts_loaded\",()=>{gform.themeScriptsLoaded=!0,gform.callIfLoaded(o)}),window.addEventListener(\"DOMContentLoaded\",()=>{gform.domLoaded=!0,gform.callIfLoaded(o)}))},hooks:{action:{},filter:{}},addAction:function(o,r,e,t){gform.addHook(\"action\",o,r,e,t)},addFilter:function(o,r,e,t){gform.addHook(\"filter\",o,r,e,t)},doAction:function(o){gform.doHook(\"action\",o,arguments)},applyFilters:function(o){return gform.doHook(\"filter\",o,arguments)},removeAction:function(o,r){gform.removeHook(\"action\",o,r)},removeFilter:function(o,r,e){gform.removeHook(\"filter\",o,r,e)},addHook:function(o,r,e,t,n){null==gform.hooks[o][r]&&(gform.hooks[o][r]=[]);var d=gform.hooks[o][r];null==n&&(n=r+\"_\"+d.length),gform.hooks[o][r].push({tag:n,callable:e,priority:t=null==t?10:t})},doHook:function(r,o,e){var t;if(e=Array.prototype.slice.call(e,1),null!=gform.hooks[r][o]&&((o=gform.hooks[r][o]).sort(function(o,r){return o.priority-r.priority}),o.forEach(function(o){\"function\"!=typeof(t=o.callable)&&(t=window[t]),\"action\"==r?t.apply(null,e):e[0]=t.apply(null,e)})),\"filter\"==r)return e[0]},removeHook:function(o,r,t,n){var e;null!=gform.hooks[o][r]&&(e=(e=gform.hooks[o][r]).filter(function(o,r,e){return!!(null!=n&&n!=o.tag||null!=t&&t!=o.priority)}),gform.hooks[o][r]=e)}});\n\/* ]]> *\/\n<\/script>\n\n                <div class='gf_browser_gecko gform_wrapper gform_legacy_markup_wrapper gform-theme--no-framework' data-form-theme='legacy' data-form-index='0' id='gform_wrapper_15' ><form class=\"gform_analytics_tracking\" method='post' enctype='multipart\/form-data' target='gform_ajax_frame_15' id='gform_15'  action='\/fr\/wp-json\/wp\/v2\/blog\/31174' data-formid='15' novalidate autocomplete=\"off\">\n                        <div class='gform-body gform_body'><ul id='gform_fields_15' class='gform_fields top_label form_sublabel_below description_below validation_below'><li id=\"field_15_13\" class=\"gfield gfield--type-honeypot gform_validation_container field_sublabel_below gfield--has-description field_description_below field_validation_below gfield_visibility_visible gform_honeypot\"  data-field-class=\"gform_honeypot\" ><label class='gfield_label gform-field-label' for='input_15_13'>Comments<\/label><div class='ginput_container'><input autocomplete=\"off\"  name='input_13' id='input_15_13' type='text' value='' autocomplete='new-password'\/><\/div><div class='gfield_description' id='gfield_description_15_13'>Ce champ n\u2019est utilis\u00e9 qu\u2019\u00e0 des fins de validation et devrait rester inchang\u00e9.<\/div><\/li><li id=\"field_15_5\" class=\"gfield gfield--type-email gfield--input-type-email gfield--width-full gfield_contains_required field_sublabel_below gfield--no-description field_description_below field_validation_below gfield_visibility_visible gform_email\"  data-field-class=\"gform_email\" ><label class='gfield_label gform-field-label' for='input_15_5'>E-mail<span class=\"gfield_required\"><span class=\"gfield_required gfield_required_asterisk\">*<\/span><\/span><\/label><div class='ginput_container ginput_container_email'>\n                            <input autocomplete=\"off\"  name='input_5' id='input_15_5' type='email' value='' class='large'    aria-required=\"true\" aria-invalid=\"false\"  \/>\n                        <\/div><\/li><li id=\"field_15_7\" class=\"gfield gfield--type-text gfield--input-type-text gfield--width-full gfield_contains_required field_sublabel_below gfield--no-description field_description_below field_validation_below gfield_visibility_visible gform_text\"  data-field-class=\"gform_text\" ><label class='gfield_label gform-field-label' for='input_15_7'>Pr\u00e9nom<span class=\"gfield_required\"><span class=\"gfield_required gfield_required_asterisk\">*<\/span><\/span><\/label><div class='ginput_container ginput_container_text'><input autocomplete=\"off\"  name='input_7' id='input_15_7' type='text' value='' class='large'     aria-required=\"true\" aria-invalid=\"false\"   \/><\/div><\/li><li id=\"field_15_8\" class=\"gfield gfield--type-text gfield--input-type-text gfield--width-full gfield_contains_required field_sublabel_below gfield--no-description field_description_below field_validation_below gfield_visibility_visible gform_text\"  data-field-class=\"gform_text\" ><label class='gfield_label gform-field-label' for='input_15_8'>Nom de famille<span class=\"gfield_required\"><span class=\"gfield_required gfield_required_asterisk\">*<\/span><\/span><\/label><div class='ginput_container ginput_container_text'><input autocomplete=\"off\"  name='input_8' id='input_15_8' type='text' value='' class='large'     aria-required=\"true\" aria-invalid=\"false\"   \/><\/div><\/li><li id=\"field_15_10\" class=\"gfield gfield--type-text gfield--input-type-text gfield--width-full field_sublabel_below gfield--no-description field_description_below field_validation_below gfield_visibility_visible gform_text\"  data-field-class=\"gform_text\" ><label class='gfield_label gform-field-label' for='input_15_10'>Entreprise (facultatif)<\/label><div class='ginput_container ginput_container_text'><input autocomplete=\"off\"  name='input_10' id='input_15_10' type='text' value='' class='large'      aria-invalid=\"false\"   \/><\/div><\/li><li id=\"field_15_11\" class=\"gfield gfield--type-radio gfield--type-choice gfield--input-type-radio gfield--width-full gfield_contains_required field_sublabel_below gfield--no-description field_description_below field_validation_below gfield_visibility_visible gform_radio\"  data-field-class=\"gform_radio\" ><label class='gfield_label gform-field-label' >Je souhaite recevoir la lettre d\u2019information en<span class=\"gfield_required\"><span class=\"gfield_required gfield_required_asterisk\">*<\/span><\/span><\/label><div class='ginput_container ginput_container_radio'><ul class='gfield_radio' id='input_15_11'>\n\t\t\t<li class='gchoice gchoice_15_11_0'>\n\t\t\t\t<input autocomplete=\"off\"  name='input_11' type='radio' value='n\u00e9erlandais'  id='choice_15_11_0'    \/>\n\t\t\t\t<label for='choice_15_11_0' id='label_15_11_0' class='gform-field-label gform-field-label--type-inline'>n\u00e9erlandais<\/label>\n\t\t\t<\/li>\n\t\t\t<li class='gchoice gchoice_15_11_1'>\n\t\t\t\t<input autocomplete=\"off\"  name='input_11' type='radio' value='fran\u00e7ais'  id='choice_15_11_1'    \/>\n\t\t\t\t<label for='choice_15_11_1' id='label_15_11_1' class='gform-field-label gform-field-label--type-inline'>fran\u00e7ais<\/label>\n\t\t\t<\/li>\n\t\t\t<li class='gchoice gchoice_15_11_2'>\n\t\t\t\t<input autocomplete=\"off\"  name='input_11' type='radio' value='anglais'  id='choice_15_11_2'    \/>\n\t\t\t\t<label for='choice_15_11_2' id='label_15_11_2' class='gform-field-label gform-field-label--type-inline'>anglais<\/label>\n\t\t\t<\/li><\/ul><\/div><\/li><li id=\"field_15_9\" class=\"gfield gfield--type-consent gfield--type-choice gfield--input-type-consent gfield--width-full gfield_contains_required field_sublabel_below gfield--no-description field_description_below field_validation_below gfield_visibility_visible gform_consent\"  data-field-class=\"gform_consent\" ><label class='gfield_label gform-field-label screen-reader-text gfield_label_before_complex' ><span class=\"gfield_required\"><span class=\"gfield_required gfield_required_asterisk\">*<\/span><\/span><\/label><div class='ginput_container ginput_container_consent'><input autocomplete=\"off\"  name='input_9.1' id='input_15_9_1' type='checkbox' value='1'   aria-required=\"true\" aria-invalid=\"false\"   \/> <label class=\"gform-field-label gform-field-label--type-inline gfield_consent_label\" for='input_15_9_1' >En envoyant vos informations, vous marquez votre accord avec la politique en mati\u00e8re de protection de la vie priv\u00e9e de Sweco. <a href=\"https:\/\/www.swecobelgium.be\/fr\/privacy-notice\/\">Cliquez ici<\/a> pour en savoir plus sur la mani\u00e8re dont nous sauvegardons vos donn\u00e9es.<\/label><input autocomplete=\"off\"  type='hidden' name='input_9.2' value='En envoyant vos informations, vous marquez votre accord avec la politique en mati\u00e8re de protection de la vie priv\u00e9e de Sweco. &lt;a href=&quot;https:\/\/www.swecobelgium.be\/fr\/privacy-notice\/&quot;&gt;Cliquez ici&lt;\/a&gt; pour en savoir plus sur la mani\u00e8re dont nous sauvegardons vos donn\u00e9es.' class='gform_hidden' \/><input autocomplete=\"off\"  type='hidden' name='input_9.3' value='13' class='gform_hidden' \/><\/div><\/li><li id=\"field_15_12\" class=\"gfield gfield--type-checkbox gfield--type-choice gfield--input-type-checkbox field_sublabel_below gfield--has-description field_description_below field_validation_below gfield_visibility_visible gform_checkbox\"  data-field-class=\"gform_checkbox\" ><label class='gfield_label gform-field-label gfield_label_before_complex' >Communications par e-mail<\/label><div class='ginput_container ginput_container_checkbox'><ul class='gfield_checkbox' id='input_15_12'><li class='gchoice gchoice_15_12_1'>\n\t\t\t\t\t\t\t\t<input autocomplete=\"off\"  class='gfield-choice-input' name='input_12.1' type='checkbox'  value='J\u2019autorise l\u2019envoi de communications par e-mail concernant des mises \u00e0 jour, services ou \u00e9v\u00e9nements pertinents.'  id='choice_15_12_1'   aria-describedby=\"gfield_description_15_12\"\/>\n\t\t\t\t\t\t\t\t<label for='choice_15_12_1' id='label_15_12_1' class='gform-field-label gform-field-label--type-inline'>J\u2019autorise l\u2019envoi de communications par e-mail concernant des mises \u00e0 jour, services ou \u00e9v\u00e9nements pertinents.<\/label>\n\t\t\t\t\t\t\t<\/li><\/ul><\/div><div class='gfield_description' id='gfield_description_15_12'>Vous pouvez retirer votre consentement \u00e0 tout moment via le lien de d\u00e9sinscription dans nos e-mails.<\/div><\/li><\/ul><\/div>\n        <div class='gform-footer gform_footer top_label'> <button class='btn btn__primary' id='gform_submit_button_15'><span>Tenez-moi au courant !<\/span><\/button> <input type='hidden' name='gform_ajax' value='form_id=15&amp;title=&amp;description=&amp;tabindex=0&amp;theme=legacy&amp;hash=b35c59816435acd5e43b3f8942c6b7b1' \/>\n            <input type='hidden' class='gform_hidden' name='gform_submission_method' data-js='gform_submission_method_15' value='iframe' \/>\n            <input type='hidden' class='gform_hidden' name='gform_theme' data-js='gform_theme_15' id='gform_theme_15' value='legacy' \/>\n            <input type='hidden' class='gform_hidden' name='gform_style_settings' data-js='gform_style_settings_15' id='gform_style_settings_15' value='' \/>\n            <input type='hidden' class='gform_hidden' name='is_submit_15' value='1' \/>\n            <input type='hidden' class='gform_hidden' name='gform_submit' value='15' \/>\n            \n            <input type='hidden' class='gform_hidden' name='gform_unique_id' value='' \/>\n            <input type='hidden' class='gform_hidden' name='state_15' value='WyJ7XCIxMVwiOltcImYwMDQxZjQ0ZmNjYjhjMzkxNzhjYWRkZDJjODQ1MmUxXCIsXCIzYjA4YTg3ZmE1ZWZlMmFiZjUxZDcwMmI3ZGFlZTQ5NlwiLFwiYzlhZGM0YzI0MzljMTNhNjJiZmNmNjRkZjI4ZTA3OWRcIl0sXCI5LjFcIjpcIjVhYWVlZmI3NTc0MTU1YjA1ZTkwNjQxMWI2MWVlNGZiXCIsXCI5LjJcIjpcIjkwYTM0ZGVjYjM0ZmJlNjIzNmNjNmZmYmRiMjNjMmJhXCIsXCI5LjNcIjpcImQzYjBjMjE4N2ZmNGY4MGYxZDkxNTk0ZWIyM2RiYWNjXCIsXCIxMi4xXCI6XCJlNDA1ZWNkY2NhMjVkMWE5ODNiMjc4MWY5ZDMwMzJmYlwifSIsImU3MThjYzUwNzU5ZWZmNmQ0MmNhN2EwYTUwMzkxYzFhIl0=' \/>\n            <input type='hidden' autocomplete='off' class='gform_hidden' name='gform_target_page_number_15' id='gform_target_page_number_15' value='0' \/>\n            <input type='hidden' autocomplete='off' class='gform_hidden' name='gform_source_page_number_15' id='gform_source_page_number_15' value='1' \/>\n            <input type='hidden' name='gform_field_values' value='' \/>\n            \n        <\/div>\n                        <\/form>\n                        <\/div>\n\t\t                <iframe style='display:none;width:0px;height:0px;' src='about:blank' name='gform_ajax_frame_15' id='gform_ajax_frame_15' title='Cette iframe contient la logique n\u00e9cessaire pour manipuler Gravity Forms avec Ajax.'><\/iframe>\n\t\t                <script type=\"text\/javascript\">\n\/* <![CDATA[ *\/\n gform.initializeOnLoaded( function() {gformInitSpinner( 15, 'https:\/\/www.swecobelgium.be\/wp-content\/themes\/sweco\/assets\/dist\/oval.svg', true );jQuery('#gform_ajax_frame_15').on('load',function(){var contents = jQuery(this).contents().find('*').html();var is_postback = contents.indexOf('GF_AJAX_POSTBACK') >= 0;if(!is_postback){return;}var form_content = jQuery(this).contents().find('#gform_wrapper_15');var is_confirmation = jQuery(this).contents().find('#gform_confirmation_wrapper_15').length > 0;var is_redirect = contents.indexOf('gformRedirect(){') >= 0;var is_form = form_content.length > 0 && ! is_redirect && ! is_confirmation;var mt = parseInt(jQuery('html').css('margin-top'), 10) + parseInt(jQuery('body').css('margin-top'), 10) + 100;if(is_form){jQuery('#gform_wrapper_15').html(form_content.html());if(form_content.hasClass('gform_validation_error')){jQuery('#gform_wrapper_15').addClass('gform_validation_error');} else {jQuery('#gform_wrapper_15').removeClass('gform_validation_error');}setTimeout( function() { \/* delay the scroll by 50 milliseconds to fix a bug in chrome *\/  }, 50 );if(window['gformInitDatepicker']) {gformInitDatepicker();}if(window['gformInitPriceFields']) {gformInitPriceFields();}var current_page = jQuery('#gform_source_page_number_15').val();gformInitSpinner( 15, 'https:\/\/www.swecobelgium.be\/wp-content\/themes\/sweco\/assets\/dist\/oval.svg', true );jQuery(document).trigger('gform_page_loaded', [15, current_page]);window['gf_submitting_15'] = false;}else if(!is_redirect){var confirmation_content = jQuery(this).contents().find('.GF_AJAX_POSTBACK').html();if(!confirmation_content){confirmation_content = contents;}jQuery('#gform_wrapper_15').replaceWith(confirmation_content);jQuery(document).trigger('gform_confirmation_loaded', [15]);window['gf_submitting_15'] = false;wp.a11y.speak(jQuery('#gform_confirmation_message_15').text());}else{jQuery('#gform_15').append(contents);if(window['gformRedirect']) {gformRedirect();}}jQuery(document).trigger(\"gform_pre_post_render\", [{ formId: \"15\", currentPage: \"current_page\", abort: function() { this.preventDefault(); } }]);        if (event && event.defaultPrevented) {                return;        }        const gformWrapperDiv = document.getElementById( \"gform_wrapper_15\" );        if ( gformWrapperDiv ) {            const visibilitySpan = document.createElement( \"span\" );            visibilitySpan.id = \"gform_visibility_test_15\";            gformWrapperDiv.insertAdjacentElement( \"afterend\", visibilitySpan );        }        const visibilityTestDiv = document.getElementById( \"gform_visibility_test_15\" );        let postRenderFired = false;        function triggerPostRender() {            if ( postRenderFired ) {                return;            }            postRenderFired = true;            gform.core.triggerPostRenderEvents( 15, current_page );            if ( visibilityTestDiv ) {                visibilityTestDiv.parentNode.removeChild( visibilityTestDiv );            }        }        function debounce( func, wait, immediate ) {            var timeout;            return function() {                var context = this, args = arguments;                var later = function() {                    timeout = null;                    if ( !immediate ) func.apply( context, args );                };                var callNow = immediate && !timeout;                clearTimeout( timeout );                timeout = setTimeout( later, wait );                if ( callNow ) func.apply( context, args );            };        }        const debouncedTriggerPostRender = debounce( function() {            triggerPostRender();        }, 200 );        if ( visibilityTestDiv && visibilityTestDiv.offsetParent === null ) {            const observer = new MutationObserver( ( mutations ) => {                mutations.forEach( ( mutation ) => {                    if ( mutation.type === 'attributes' && visibilityTestDiv.offsetParent !== null ) {                        debouncedTriggerPostRender();                        observer.disconnect();                    }                });            });            observer.observe( document.body, {                attributes: true,                childList: false,                subtree: true,                attributeFilter: [ 'style', 'class' ],            });        } else {            triggerPostRender();        }    } );} ); \n\/* ]]> *\/\n<\/script>\n                <\/div>\n            <\/div>\n        \n\t<\/div>\n<\/section>\n","protected":false},"excerpt":{"rendered":"","protected":false},"featured_media":47029,"template":"","blog_cats":[923],"blog_tags":[],"blog_author":[541],"class_list":["post-31174","blog","type-blog","status-publish","has-post-thumbnail","hentry","blog_cats-notre-capital-humain","blog_author-sweco"],"acf":[],"_links":{"self":[{"href":"https:\/\/www.swecobelgium.be\/fr\/wp-json\/wp\/v2\/blog\/31174","targetHints":{"allow":["GET"]}}],"collection":[{"href":"https:\/\/www.swecobelgium.be\/fr\/wp-json\/wp\/v2\/blog"}],"about":[{"href":"https:\/\/www.swecobelgium.be\/fr\/wp-json\/wp\/v2\/types\/blog"}],"wp:featuredmedia":[{"embeddable":true,"href":"https:\/\/www.swecobelgium.be\/fr\/wp-json\/wp\/v2\/media\/47029"}],"wp:attachment":[{"href":"https:\/\/www.swecobelgium.be\/fr\/wp-json\/wp\/v2\/media?parent=31174"}],"wp:term":[{"taxonomy":"blog_cats","embeddable":true,"href":"https:\/\/www.swecobelgium.be\/fr\/wp-json\/wp\/v2\/blog_cats?post=31174"},{"taxonomy":"blog_tags","embeddable":true,"href":"https:\/\/www.swecobelgium.be\/fr\/wp-json\/wp\/v2\/blog_tags?post=31174"},{"taxonomy":"blog_author","embeddable":true,"href":"https:\/\/www.swecobelgium.be\/fr\/wp-json\/wp\/v2\/blog_author?post=31174"}],"curies":[{"name":"wp","href":"https:\/\/api.w.org\/{rel}","templated":true}]}}