{"id":38093,"date":"2025-06-04T09:58:28","date_gmt":"2025-06-04T07:58:28","guid":{"rendered":"https:\/\/www.swecobelgium.be\/?post_type=blog&#038;p=38093"},"modified":"2025-06-05T10:18:27","modified_gmt":"2025-06-05T08:18:27","slug":"la-defense-construit-lavenir-pose-de-la-premiere-pierre-du-nouveau-quartier-general","status":"publish","type":"blog","link":"https:\/\/www.swecobelgium.be\/fr\/actualites\/la-defense-construit-lavenir-pose-de-la-premiere-pierre-du-nouveau-quartier-general\/","title":{"rendered":"La D\u00e9fense construit l\u2019avenir : pose de la premi\u00e8re pierre du nouveau quartier g\u00e9n\u00e9ral"},"content":{"rendered":"<section class=\"block block-share block--white\" >\n\t<div class=\"block__inner\">\n\t\t<div class=\"col--12 col--wrapper col--center\">\n            <div class=\"col col--12 editor-content col--center\">\n                <div class=\"share\">\n                    <p class=\"share-text\">Share on: <\/p>\n                    <div class=\"ss-inline-share-wrapper ss-hover-animation-fade ss-with-counter-border ss-inline-total-counter-left\"><div class=\"ss-inline-share-content\"><\/div><\/div>                <\/div>\n            <\/div>\n\t\t<\/div>\n\t<\/div>\n<\/section>\n\n<section class=\"block cb block--white\" id=\"Inleiding\">\n\t<div class=\"block__inner cb__inner cb__inner--one\">\n\t<div class=\"col--12 col--center col--wrapper\">\n\t\t<div class=\"col col--6 editor-content\">\n\t\t\t<p id=\"paragraph_0N_Pg5vepV3\" dir=\"ltr\"><strong><span id=\"text_gbybJHQaG1D\" class=\"\">Le mardi 3 juin 2025, la D\u00e9fense posera symboliquement la premi\u00e8re pierre de son nouveau quartier g\u00e9n\u00e9ral \u00e0 Evere. Cette c\u00e9r\u00e9monie marque le lancement officiel d\u2019un ambitieux chantier destin\u00e9 \u00e0 offrir \u00e0 la D\u00e9fense un lieu de travail moderne, s\u00e9curis\u00e9 et durable, pr\u00eat \u00e0 relever les d\u00e9fis de demain. <span id=\"text_fI2Mhitt2g_\" class=\"\">Sweco est le partenaire d&rsquo;ing\u00e9nierie pour cette mission prestigieuse.<\/span><\/span><\/strong><\/p>\n<p id=\"paragraph_pT_Pg59fpV3\" dir=\"ltr\"><strong><span id=\"text_kmeoAPvDqnA\" class=\"\">L\u2019\u00e9v\u00e9nement se d\u00e9roulera en pr\u00e9sence du ministre de la D\u00e9fense Theo Francken, du Vice-chef de la D\u00e9fense, le lieutenant-g\u00e9n\u00e9ral Fr\u00e9d\u00e9ric Goetynck et des repr\u00e9sentants du consortium NHQ.<\/span><\/strong><\/p>\n\t\t<\/div>\n\t<\/div>\n<\/div>\n<\/section>\n\n\n<section class=\"block cb block--white\" id=\"Inleiding\">\n\t<div class=\"block__inner cb__inner cb__inner--one\">\n\t<div class=\"col--12 col--center col--wrapper\">\n\t\t<div class=\"col col--6 editor-content\">\n\t\t\t<h2>Design, Build &amp; Maintain<\/h2>\n<p id=\"paragraph_PZJjtEyOj8_\" dir=\"ltr\"><span id=\"text_37n1Ma-NQW3\" class=\"\">L\u2019infrastructure actuelle du Quartier Reine \u00c9lisabeth, construite au d\u00e9but des ann\u00e9es 1970, est aujourd\u2019hui d\u00e9pass\u00e9e et \u00e9nergivore. En raison de son inad\u00e9quation avec les besoins du personnel et de l\u2019organisation, la d\u00e9cision de construire un nouveau quartier g\u00e9n\u00e9ral a \u00e9t\u00e9 prise fin 2018.<\/span><\/p>\n<p id=\"paragraph_cSJjtEiOj8_\" dir=\"ltr\"><span id=\"text_7JJoDyFnEO3\" class=\"\">En d\u00e9cembre 2022, le Conseil des ministres a approuv\u00e9 l\u2019attribution d\u2019un contrat Design, Build &amp; Maintain pour le nouveau quartier g\u00e9n\u00e9ral de l\u2019\u00c9tat-Major de la D\u00e9fense \u00e0 Evere. Le contrat, d\u2019un montant total de 499 millions d\u2019euros (investissement initial et deux ann\u00e9es de maintenance, prolongeables de huit ans), a \u00e9t\u00e9 attribu\u00e9 au groupement <\/span><span id=\"text_KCJoDy-nEO3\" class=\"TextBodyEmph color_TextEmph\">NHQ Development<\/span><span id=\"text_X5JoDylmEO3\" class=\"\">, compos\u00e9 des entreprises BAM Interbuild, Gal\u00e8re, Jan De Nul, Valens et AB Eiffage, des bureaux d\u2019architectes Assar, ArtBuild et ANMA, ainsi que du bureau d\u2019ing\u00e9nierie Sweco.<\/span><\/p>\n<p id=\"paragraph_-nJjtESPj8_\" dir=\"ltr\"><span id=\"text_T0HeNGX780-\" class=\"\">Ce consortium est responsable non seulement de la conception et de la r\u00e9alisation, mais \u00e9galement de la maintenance technique de l\u2019infrastructure.<\/span><\/p>\n<p id=\"paragraph_CgJjtECPj8_\" dir=\"ltr\"><span id=\"text_msf4dCwLXn3\" class=\"\">En septembre 2024, les travaux de d\u00e9molition des b\u00e2timents existants et de pr\u00e9paration du terrain ont d\u00e9but\u00e9. Lors de ces travaux pr\u00e9paratoires, une pollution du sol a \u00e9t\u00e9 d\u00e9tect\u00e9e et est en cours de traitement conform\u00e9ment \u00e0 la l\u00e9gislation.<\/span><\/p>\n<p id=\"paragraph_b_KjtEyPj8_\" dir=\"ltr\"><span id=\"text_6LSvGQ2_6-0\" class=\"\">Le projet men\u00e9 par des entreprises belges, g\u00e9n\u00e8re un important retour socio-\u00e9conomique : cr\u00e9ation d\u2019emplois, d\u00e9veloppement d\u2019activit\u00e9s \u00e9conomiques, d\u2019habitations et d\u2019espaces verts sur les anciens sites de l\u2019OTAN et du Quartier Reine \u00c9lisabeth.<\/span><\/p>\n<h2>New Way of Working<\/h2>\n<p id=\"paragraph_U-UB9V8_bm4\" dir=\"ltr\"><span id=\"text_9DtpyUqERO8\" class=\"\">Le nouveau quartier g\u00e9n\u00e9ral sera situ\u00e9 en face du si\u00e8ge de l\u2019OTAN, sur un site de 11,4 hectares combinant une partie de l\u2019ancien si\u00e8ge de l\u2019OTAN et une partie du Quartier Reine \u00c9lisabeth actuel.<\/span><\/p>\n<p id=\"paragraph_H6UB9VO_bm4\" dir=\"ltr\"><span id=\"text_QfonoGZxGm1\" class=\"\">Il accueillera pr\u00e8s de 4 000 employ\u00e9s et comprendra plusieurs b\u00e2timents, dont :<\/span><\/p>\n<ul dir=\"ltr\">\n<li id=\"paragraph_hglq4VXpAE1\" dir=\"ltr\"><span id=\"text_8AqoBiYI5q6\" class=\"\">Un b\u00e2timent principal offrant 2 800 postes de travail pour l\u2019\u00c9tat-Major de la D\u00e9fense.<\/span><\/li>\n<li id=\"paragraph_uZlq4VHpAE1\" dir=\"ltr\"><span id=\"text_QlpQbqwI4F1\" class=\"\">Un centre de conf\u00e9rences situ\u00e9 avenue L\u00e9opold III, accessible au public.<\/span><\/li>\n<li id=\"paragraph_5Tlq4V1pAE1\" dir=\"ltr\"><span id=\"text_nFBsiwe28IB\" class=\"\">Une cr\u00e8che et des bureaux pour le Service central d&rsquo;action sociale et culturelle de la D\u00e9fense (SCASC).<\/span><\/li>\n<li id=\"paragraph_IMlq4VnoAE1\" dir=\"ltr\"><span id=\"text_aWeLCGGkY6A\" class=\"\">Des installations pour le personnel : zones sportives, douches, vestiaires et un restaurant d\u2019entreprise.<\/span><\/li>\n<\/ul>\n<p id=\"paragraph_tJUB9Vu_bm4\" dir=\"ltr\"><span id=\"text_iTWcad6uJw9\" class=\"\">La majorit\u00e9 des espaces de bureau sera am\u00e9nag\u00e9e selon les principes du <\/span><span id=\"text_VaWcadMuJw9\" class=\"TextBodyEmph color_TextEmph\">New Way of Working (NWOW)<\/span><span id=\"text_6GWcadctJw9\" class=\"\"> : une approche dynamique et flexible qui favorise la collaboration entre les services. Ce quartier g\u00e9n\u00e9ral est le premier grand projet \u00e0 adopter le NWOW au sein de la D\u00e9fense, apr\u00e8s plusieurs projets pilotes r\u00e9ussis.<\/span><\/p>\n<p id=\"paragraph_gQUB9V8-bm4\" dir=\"ltr\"><span id=\"text_f-2TFHOVp5-\" class=\"\">La D\u00e9fense investit ainsi dans un environnement de travail moderne, centr\u00e9 sur l\u2019humain, qui valorise la coop\u00e9ration, l\u2019efficacit\u00e9 et le bien-\u00eatre.<\/span><\/p>\n\t\t<\/div>\n\t<\/div>\n<\/div>\n<\/section>\n\n\n<section class=\"block cb block--white\" >\n\t<div class=\"block__inner cb__inner cb__inner--one\">\n\t<div class=\"col--12 col--center col--wrapper\">\n\t\t<div class=\"col col--6 editor-content\">\n\t\t\t<blockquote>\n<blockquote>\n<blockquote>\n<figure><i class=\"icon icon-quote\"><\/i><\/figure>\n<div id=\"container_fAS2kwl5Z44\" class=\"container \">\n<div class=\"text_wrapper TextBodyNone color_TextUnemph\">\n<p id=\"paragraph_BCKjtESQj8_\" dir=\"ltr\"><span id=\"text_uPuRBkTfz25\" class=\"TextBodySpecial\">Le personnel militaire en est le c\u0153ur battant. Et les arm\u00e9es, \u00e0 leur tour, ne sont rien sans une infrastructure solide.<\/span><\/p>\n<\/div>\n<\/div>\n<div id=\"container_s3S2kwV5Z44\" class=\"container \">\n<div class=\"text_wrapper TextBodySpecial color_TextUnemph\">\n<p id=\"paragraph_QlcnRPOqsp4\" dir=\"ltr\"><span id=\"text_IQyHjOSFtP9\" class=\"\">C&rsquo;est pourquoi la premi\u00e8re pierre que je vais bient\u00f4t poser n&rsquo;est pas n&rsquo;importe laquelle. C&rsquo;est une pierre angulaire. Une fondation. Un symbole puissant de la reconstruction de notre d\u00e9fense. On ne saurait sous-estimer l&rsquo;importance de l&rsquo;infrastructure dans ce domaine. Nos casernes sont l&rsquo;\u00e9pine dorsale de notre force op\u00e9rationnelle. C&rsquo;est l\u00e0 que les soldats s&rsquo;entra\u00eenent et apprennent de nouvelles techniques de combat. Mais c&rsquo;est aussi l&rsquo;endroit o\u00f9 ils transmettent \u00e0 leur tour leur exp\u00e9rience et leurs comp\u00e9tences aux nouvelles recrues et aux r\u00e9servistes.<\/span><\/p>\n<\/div>\n<\/div>\n<\/blockquote>\n<\/blockquote>\n<blockquote><p><strong style=\"font-size: 16px;color: #000000\">Theo Francken<\/strong><span style=\"font-size: 16px;color: #000000\">, Ministre de la D\u00e9fence<\/span><\/p><\/blockquote>\n<\/blockquote>\n\t\t<\/div>\n\t<\/div>\n<\/div>\n<\/section>\n\n\n<section class=\"block block--white columns\" >\n\t<div class=\"block__inner columns__inner\">\n\t\t<div class=\"col--11 col--wrapper col--stretch\">\n\t\t\t\n\t\t\t\t\t\t\t<div class=\"columns__col col col--6\">\n\t\t\t\t\t<div class=\"editor-content columns__content columns__content--image\">\n\t\t\t\t\t\t<img loading=\"lazy\" decoding=\"async\" width=\"1653\" height=\"934\" src=\"https:\/\/www.swecobelgium.be\/wp-content\/uploads\/sites\/12\/2024\/05\/bedefence-defense-brussels-hq-visual-01.jpeg\" class=\"attachment-full size-full\" alt=\"Nearly Zero Energy Building (nZEB) and high-security headquarters in a Design, Build &amp; Maintain (DBM) constellation. VK architects+engineers part of Sweco provides all engineering studies for the design, realisation and technical maintenance.\" srcset=\"https:\/\/www.swecobelgium.be\/wp-content\/uploads\/sites\/12\/2024\/05\/bedefence-defense-brussels-hq-visual-01.jpeg 1653w, https:\/\/www.swecobelgium.be\/wp-content\/uploads\/sites\/12\/2024\/05\/bedefence-defense-brussels-hq-visual-01-200x113.jpeg 200w, https:\/\/www.swecobelgium.be\/wp-content\/uploads\/sites\/12\/2024\/05\/bedefence-defense-brussels-hq-visual-01-768x434.jpeg 768w, https:\/\/www.swecobelgium.be\/wp-content\/uploads\/sites\/12\/2024\/05\/bedefence-defense-brussels-hq-visual-01-1536x868.jpeg 1536w, https:\/\/www.swecobelgium.be\/wp-content\/uploads\/sites\/12\/2024\/05\/bedefence-defense-brussels-hq-visual-01-520x294.jpeg 520w, https:\/\/www.swecobelgium.be\/wp-content\/uploads\/sites\/12\/2024\/05\/bedefence-defense-brussels-hq-visual-01-800x452.jpeg 800w, https:\/\/www.swecobelgium.be\/wp-content\/uploads\/sites\/12\/2024\/05\/bedefence-defense-brussels-hq-visual-01-531x300.jpeg 531w, https:\/\/www.swecobelgium.be\/wp-content\/uploads\/sites\/12\/2024\/05\/bedefence-defense-brussels-hq-visual-01-796x450.jpeg 796w, https:\/\/www.swecobelgium.be\/wp-content\/uploads\/sites\/12\/2024\/05\/bedefence-defense-brussels-hq-visual-01-652x368.jpeg 652w\" sizes=\"auto, (max-width: 1653px) 100vw, 1653px\" \/>\t\t\t\t\t<\/div>\n\t\t\t\t<\/div>\n\t\t\t\t\t\t\t<div class=\"columns__col col col--6\">\n\t\t\t\t\t<div class=\"editor-content columns__content columns__content--content\">\n\t\t\t\t\t\t<h2>Pr\u00eat pour l\u2019avenir et durable<\/h2>\n<div id=\"container_l2V6uqp5xx9\" class=\"container  \">\n<div class=\"text_wrapper TextBodyNone color_TextUnemph\">\n<p id=\"paragraph_MKYZJQbnIUD\" dir=\"ltr\"><span id=\"text_x9zxxqANfT9\" class=\"\">D\u00e8s la conception de ce projet, nous avons soigneusement pris en compte les principes de s\u00e9curit\u00e9 militaire. Nous avons appliqu\u00e9 l&rsquo;approche \u00ab\u00a0<\/span><span id=\"text_83zxxqwMfT9\" class=\"TextBodyEmph color_TextEmph\">security by design<\/span><span id=\"text_LyyxxqgMfT9\" class=\"\">\u00a0\u00bb pour garantir que la s\u00e9curit\u00e9 soit int\u00e9gr\u00e9e d\u00e8s le d\u00e9but dans chaque aspect de la conception.<\/span><\/p>\n<p id=\"paragraph_9RYZJQrnIUD\" dir=\"ltr\"><span id=\"text_apT55taW7WA\" class=\"\">De plus, nous avons mis en place une d\u00e9fense en couches pour positionner et prot\u00e9ger strat\u00e9giquement les parties critiques. Cela signifie que chaque couche de d\u00e9fense constitue une barri\u00e8re suppl\u00e9mentaire contre les menaces potentielles, renfor\u00e7ant ainsi la s\u00e9curit\u00e9 globale.<\/span><\/p>\n<p id=\"paragraph_yXYZJQ5oIUD\" dir=\"ltr\"><span id=\"text_oOMwCsjLqZ5\" class=\"\">Enfin, nous avons appliqu\u00e9 le concept de \u00ab\u00a0d\u00e9fense en profondeur\u00a0\u00bb, ce qui implique que nous avons cr\u00e9\u00e9 plusieurs couches de d\u00e9fense pour garantir une s\u00e9curit\u00e9 robuste et r\u00e9siliente. Tout cela nous assure d&rsquo;\u00eatre pr\u00e9par\u00e9s \u00e0 divers sc\u00e9narios et que notre infrastructure critique est prot\u00e9g\u00e9e de mani\u00e8re optimale.<\/span><\/p>\n<p id=\"paragraph_leYZJQLoIUD\" dir=\"ltr\"><span id=\"text_nSKNm3Sfm39\" class=\"\">Le nouveau b\u00e2timent sera <\/span><span id=\"text__MKNm3Cfm39\" class=\"TextBodyEmph color_TextEmph\">quasi neutre en \u00e9nergie (Nearly Zero Energy Building &#8211; NZEB)<\/span><span id=\"text_NgKNm3yfm39\" class=\"\">. Gr\u00e2ce \u00e0 l\u2019utilisation de pompes \u00e0 chaleur, de panneaux solaires, de syst\u00e8mes de <a href=\"https:\/\/www.swecobelgium.be\/fr\/expertise\/solutions-energetiques\/\">stockage d\u2019\u00e9nergie<\/a> g\u00e9othermique et d\u2019une isolation thermique performante, la consommation \u00e9nerg\u00e9tique sera fortement r\u00e9duite.<\/span><\/p>\n<p id=\"paragraph_YlYZJQboIUD\" dir=\"ltr\"><span id=\"text_HPzXbVRoNg4\" class=\"\">Les combustibles fossiles ne seront utilis\u00e9s que pour les g\u00e9n\u00e9rateurs de secours et les syst\u00e8mes de chauffage d\u2019urgence.<\/span><\/p>\n<p id=\"paragraph_LsYZJQroIUD\" dir=\"ltr\"><span id=\"text_1TPms3D5pF4\" class=\"\">Le projet pr\u00e9voit \u00e9galement :<\/span><\/p>\n<ul dir=\"ltr\">\n<li id=\"paragraph_7KKf6Ng1Qx7\" dir=\"ltr\"><span id=\"text_YbMVcqc90v-\" class=\"\">la r\u00e9cup\u00e9ration des eaux de pluie,<\/span><\/li>\n<li id=\"paragraph_KDKf6NQ1Qx7\" dir=\"ltr\"><span id=\"text_5hSkT1jIl7_\" class=\"\">la r\u00e9utilisation des mat\u00e9riaux de d\u00e9molition,<\/span><\/li>\n<li id=\"paragraph_X6Kf6NA1Qx7\" dir=\"ltr\"><span id=\"text_GIpSnEgqTS5\" class=\"\">des mat\u00e9riaux de construction durables,<\/span><\/li>\n<\/ul>\n<\/div>\n<\/div>\n<div id=\"container_yxU6uqZ5xx9\" class=\"container  \">\n<div class=\"text_wrapper TextBodyNone color_TextUnemph\">\n<ul dir=\"ltr\">\n<li id=\"paragraph_pg15YlXg8P2\" dir=\"ltr\"><span id=\"text_AQi8G0408k-\" class=\"\">un am\u00e9nagement paysager r\u00e9fl\u00e9chi favorisant la <a href=\"https:\/\/www.swecobelgium.be\/fr\/expertise\/resilience-climatique-nature\/\">biodiversit\u00e9<\/a>.<\/span><\/li>\n<\/ul>\n<p id=\"paragraph_l7_l24bgpS8\" dir=\"ltr\"><span id=\"text_rsyowH8hA-D\" class=\"\">Le confort thermique et acoustique, la qualit\u00e9 de l\u2019air et l\u2019abondance de lumi\u00e8re naturelle font de ce b\u00e2timent un environnement de travail sain et stimulant.<\/span><\/p>\n<\/div>\n<\/div>\n\t\t\t\t\t<\/div>\n\t\t\t\t<\/div>\n\t\t\t\n\t\t<\/div>\n\t<\/div>\n<\/section>\n\n\n<section class=\"block block--white columns\" >\n\t<div class=\"block__inner columns__inner\">\n\t\t<div class=\"col--11 col--wrapper col--stretch\">\n\t\t\t\n\t\t\t\t\t\t\t<div class=\"columns__col col col--4\">\n\t\t\t\t\t<div class=\"editor-content columns__content columns__content--image\">\n\t\t\t\t\t\t<img loading=\"lazy\" decoding=\"async\" width=\"1920\" height=\"1080\" src=\"https:\/\/www.swecobelgium.be\/wp-content\/uploads\/sites\/12\/2024\/05\/bedefence-defense-brussels-hq-visual-02.jpg\" class=\"attachment-full size-full\" alt=\"Nearly Zero Energy Building (nZEB) and high-security headquarters in a Design, Build &amp; Maintain (DBM) constellation. VK architects+engineers part of Sweco provides all engineering studies for the design, realisation and technical maintenance.\" srcset=\"https:\/\/www.swecobelgium.be\/wp-content\/uploads\/sites\/12\/2024\/05\/bedefence-defense-brussels-hq-visual-02.jpg 1920w, https:\/\/www.swecobelgium.be\/wp-content\/uploads\/sites\/12\/2024\/05\/bedefence-defense-brussels-hq-visual-02-200x113.jpg 200w, https:\/\/www.swecobelgium.be\/wp-content\/uploads\/sites\/12\/2024\/05\/bedefence-defense-brussels-hq-visual-02-768x432.jpg 768w, https:\/\/www.swecobelgium.be\/wp-content\/uploads\/sites\/12\/2024\/05\/bedefence-defense-brussels-hq-visual-02-1536x864.jpg 1536w, https:\/\/www.swecobelgium.be\/wp-content\/uploads\/sites\/12\/2024\/05\/bedefence-defense-brussels-hq-visual-02-520x293.jpg 520w, https:\/\/www.swecobelgium.be\/wp-content\/uploads\/sites\/12\/2024\/05\/bedefence-defense-brussels-hq-visual-02-800x450.jpg 800w, https:\/\/www.swecobelgium.be\/wp-content\/uploads\/sites\/12\/2024\/05\/bedefence-defense-brussels-hq-visual-02-533x300.jpg 533w, https:\/\/www.swecobelgium.be\/wp-content\/uploads\/sites\/12\/2024\/05\/bedefence-defense-brussels-hq-visual-02-652x367.jpg 652w\" sizes=\"auto, (max-width: 1920px) 100vw, 1920px\" \/>\t\t\t\t\t<\/div>\n\t\t\t\t<\/div>\n\t\t\t\t\t\t\t<div class=\"columns__col col col--4\">\n\t\t\t\t\t<div class=\"editor-content columns__content columns__content--image\">\n\t\t\t\t\t\t<img loading=\"lazy\" decoding=\"async\" width=\"1920\" height=\"1080\" src=\"https:\/\/www.swecobelgium.be\/wp-content\/uploads\/sites\/12\/2025\/06\/cbedefence-defense-brussels-hq-visual-1.jpg\" class=\"attachment-full size-full\" alt=\"\" srcset=\"https:\/\/www.swecobelgium.be\/wp-content\/uploads\/sites\/12\/2025\/06\/cbedefence-defense-brussels-hq-visual-1.jpg 1920w, https:\/\/www.swecobelgium.be\/wp-content\/uploads\/sites\/12\/2025\/06\/cbedefence-defense-brussels-hq-visual-1-200x113.jpg 200w, https:\/\/www.swecobelgium.be\/wp-content\/uploads\/sites\/12\/2025\/06\/cbedefence-defense-brussels-hq-visual-1-768x432.jpg 768w, https:\/\/www.swecobelgium.be\/wp-content\/uploads\/sites\/12\/2025\/06\/cbedefence-defense-brussels-hq-visual-1-1536x864.jpg 1536w, https:\/\/www.swecobelgium.be\/wp-content\/uploads\/sites\/12\/2025\/06\/cbedefence-defense-brussels-hq-visual-1-520x293.jpg 520w, https:\/\/www.swecobelgium.be\/wp-content\/uploads\/sites\/12\/2025\/06\/cbedefence-defense-brussels-hq-visual-1-800x450.jpg 800w, https:\/\/www.swecobelgium.be\/wp-content\/uploads\/sites\/12\/2025\/06\/cbedefence-defense-brussels-hq-visual-1-533x300.jpg 533w, https:\/\/www.swecobelgium.be\/wp-content\/uploads\/sites\/12\/2025\/06\/cbedefence-defense-brussels-hq-visual-1-652x367.jpg 652w\" sizes=\"auto, (max-width: 1920px) 100vw, 1920px\" \/>\t\t\t\t\t<\/div>\n\t\t\t\t<\/div>\n\t\t\t\t\t\t\t<div class=\"columns__col col col--4\">\n\t\t\t\t\t<div class=\"editor-content columns__content columns__content--image\">\n\t\t\t\t\t\t<img loading=\"lazy\" decoding=\"async\" width=\"1562\" height=\"802\" src=\"https:\/\/www.swecobelgium.be\/wp-content\/uploads\/sites\/12\/2025\/06\/cbedefence-defense-brussels-hq-visual-1.jpeg\" class=\"attachment-full size-full\" alt=\"\" srcset=\"https:\/\/www.swecobelgium.be\/wp-content\/uploads\/sites\/12\/2025\/06\/cbedefence-defense-brussels-hq-visual-1.jpeg 1562w, https:\/\/www.swecobelgium.be\/wp-content\/uploads\/sites\/12\/2025\/06\/cbedefence-defense-brussels-hq-visual-1-200x103.jpeg 200w, https:\/\/www.swecobelgium.be\/wp-content\/uploads\/sites\/12\/2025\/06\/cbedefence-defense-brussels-hq-visual-1-768x394.jpeg 768w, https:\/\/www.swecobelgium.be\/wp-content\/uploads\/sites\/12\/2025\/06\/cbedefence-defense-brussels-hq-visual-1-1536x789.jpeg 1536w, https:\/\/www.swecobelgium.be\/wp-content\/uploads\/sites\/12\/2025\/06\/cbedefence-defense-brussels-hq-visual-1-520x267.jpeg 520w, https:\/\/www.swecobelgium.be\/wp-content\/uploads\/sites\/12\/2025\/06\/cbedefence-defense-brussels-hq-visual-1-800x411.jpeg 800w, https:\/\/www.swecobelgium.be\/wp-content\/uploads\/sites\/12\/2025\/06\/cbedefence-defense-brussels-hq-visual-1-584x300.jpeg 584w, https:\/\/www.swecobelgium.be\/wp-content\/uploads\/sites\/12\/2025\/06\/cbedefence-defense-brussels-hq-visual-1-876x450.jpeg 876w, https:\/\/www.swecobelgium.be\/wp-content\/uploads\/sites\/12\/2025\/06\/cbedefence-defense-brussels-hq-visual-1-652x335.jpeg 652w\" sizes=\"auto, (max-width: 1562px) 100vw, 1562px\" \/>\t\t\t\t\t<\/div>\n\t\t\t\t<\/div>\n\t\t\t\n\t\t<\/div>\n\t<\/div>\n<\/section>\n\n\n<section class=\"block cb block--white\" >\n\t<div class=\"block__inner cb__inner cb__inner--one\">\n\t<div class=\"col--12 col--center col--wrapper\">\n\t\t<div class=\"col col--6 editor-content\">\n\t\t\t<blockquote>\n<blockquote>\n<blockquote>\n<figure><i class=\"icon icon-quote\"><\/i><\/figure>\n<p>Ce projet constitue un investissement strat\u00e9gique. Il offrira \u00e0 la D\u00e9fense un environnement de travail moderne et s\u00e9curis\u00e9, adapt\u00e9 aux d\u00e9fis d\u2019aujourd\u2019hui et de demain. Dans le contexte g\u00e9opolitique actuel, les exigences en mati\u00e8re de s\u00e9curit\u00e9 et de disponibilit\u00e9 op\u00e9rationnelle prennent tout leur sens. Nous travaillons donc ici et maintenant au nouveau centre n\u00e9vralgique strat\u00e9gique de la D\u00e9fense. D\u00e8s la conception, nous avons int\u00e9gr\u00e9 la s\u00e9curit\u00e9 militaire avec une approche &lsquo;security by design&rsquo;, une d\u00e9fense en couches et une &lsquo;d\u00e9fense en profondeur&rsquo; pour prot\u00e9ger les parties critiques.<\/p><\/blockquote>\n<\/blockquote>\n<blockquote><p><strong style=\"font-size: 16px;color: #000000\">Fr\u00e9d\u00e9ric Goetynck<\/strong><span style=\"font-size: 16px;color: #000000\">, lieutenant-g\u00e9n\u00e9ral<\/span><\/p><\/blockquote>\n<\/blockquote>\n\t\t<\/div>\n\t<\/div>\n<\/div>\n<\/section>\n\n\n<section class=\"block cb block--white\" id=\"Inleiding\">\n\t<div class=\"block__inner cb__inner cb__inner--one\">\n\t<div class=\"col--12 col--center col--wrapper\">\n\t\t<div class=\"col col--6 editor-content\">\n\t\t\t<p>La pose de la premi\u00e8re pierre du nouveau quartier g\u00e9n\u00e9ral est bien plus qu\u2019un geste symbolique. Elle marque le coup d&rsquo;envoi d&rsquo;un projet de construction strat\u00e9gique qui redessinera le c\u0153ur de la D\u00e9fense dans les ann\u00e9es \u00e0 venir.<\/p>\n\t\t<\/div>\n\t<\/div>\n<\/div>\n<\/section>\n\n\n<section class=\"block block--white latest-insights\" >\n\t<div class=\"block__inner latest-insights__inner\">\n\t\t<div class=\"col--11 col--wrapper\">\n\t\t\t\t\t\t\t<div class=\"col col--12 editor-content latest-insights__title\">\n\t\t\t\t\t<h2 class=\"h2 hyphenate\">Autres actualit\u00e9s<\/h2>\t\t\t\t<\/div>\n\t\t\t\n\t\t\t\t\t\t\t\t<div class=\"col col--4 insight\" data-clickable=\"true\">\n\t\t\t\t\t\t<img loading=\"lazy\" decoding=\"async\" width=\"520\" height=\"296\" src=\"https:\/\/www.swecobelgium.be\/wp-content\/uploads\/sites\/12\/2026\/04\/\u00a9sachacnockaert-office-antwerp-berchem-2019-2-1-520x296.jpg\" class=\"attachment-insights-featured size-insights-featured wp-post-image\" alt=\"Sweco en Lantis versterken hun samenwerking rond mobiliteitsmanagement\" \/>\t\t\t\t\t\t<div class=\"insight__content editor-content\">\n\t\t\t\t\t\t\t<em class=\"cats\">Transports durables et mobilit\u00e9<span class=\"cats__sep\"><\/span>30\/04\/2026<\/em>\t\t\t\t\t\t\t<h3><a href=\"https:\/\/www.swecobelgium.be\/fr\/actualites\/sweco-et-lantis-renforcent-leur-collaboration-en-matiere-de-gestion-de-la-mobilite\/\">Sweco et Lantis renforcent leur collaboration en mati\u00e8re de gestion de la mobilit\u00e9<\/a><\/h3>\n\t\t\t\t\t\t\t<p> <span class=\"readmore\">En savoir plus<\/span><\/p>\n\t\t\t\t\t\t<\/div>\n\t\t\t\t\t<\/div>\n\t\t\t\t\t\t\t\t\t<div class=\"col col--4 insight\" data-clickable=\"true\">\n\t\t\t\t\t\t<img loading=\"lazy\" decoding=\"async\" width=\"520\" height=\"296\" src=\"https:\/\/www.swecobelgium.be\/wp-content\/uploads\/sites\/12\/2026\/04\/\u00a9Tom-DhaenensENGIE-Belgium-FrieslandCampina-e-boiler-2025-01-8-520x296.jpg\" class=\"attachment-insights-featured size-insights-featured wp-post-image\" alt=\"\" \/>\t\t\t\t\t\t<div class=\"insight__content editor-content\">\n\t\t\t\t\t\t\t<em class=\"cats\">Industrietransitie, Transition industrielle<span class=\"cats__sep\"><\/span>30\/04\/2026<\/em>\t\t\t\t\t\t\t<h3><a href=\"https:\/\/www.swecobelgium.be\/fr\/actualites\/de-risking-des-projets-industriels-pourquoi-des-choix-solides-commencent-avant-la-premiere-phase-dingenierie\/\">D\u00e9-risking des projets industriels : pourquoi des choix solides commencent avant la premi\u00e8re phase d\u2019ing\u00e9nierie<\/a><\/h3>\n\t\t\t\t\t\t\t<p> <span class=\"readmore\">En savoir plus<\/span><\/p>\n\t\t\t\t\t\t<\/div>\n\t\t\t\t\t<\/div>\n\t\t\t\t\t\t\t\t\t<div class=\"col col--4 insight\" data-clickable=\"true\">\n\t\t\t\t\t\t<img loading=\"lazy\" decoding=\"async\" width=\"520\" height=\"296\" src=\"https:\/\/www.swecobelgium.be\/wp-content\/uploads\/sites\/12\/2026\/04\/Say-Cheese_23042026_AquafinAwards-projectteam-Brugge-Oostende-520x296.jpg\" class=\"attachment-insights-featured size-insights-featured wp-post-image\" alt=\"Projectteams bekroond met speciale prijs op Aquafin Awards\" \/>\t\t\t\t\t\t<div class=\"insight__content editor-content\">\n\t\t\t\t\t\t\t<em class=\"cats\">Eau<span class=\"cats__sep\"><\/span>24\/04\/2026<\/em>\t\t\t\t\t\t\t<h3><a href=\"https:\/\/www.swecobelgium.be\/fr\/actualites\/des-equipes-de-projet-recompensees-par-un-prix-special-lors-des-aquafin-awards\/\">Des \u00e9quipes de projet r\u00e9compens\u00e9es par un prix sp\u00e9cial lors des Aquafin Awards<\/a><\/h3>\n\t\t\t\t\t\t\t<p> <span class=\"readmore\">En savoir plus<\/span><\/p>\n\t\t\t\t\t\t<\/div>\n\t\t\t\t\t<\/div>\n\t\t\t\t\n\t\t\t\t\t<\/div>\n\t<\/div>\n<\/section>\n\n<section class=\"block form-block block--lightgray\" >\n\t<div class=\"block__inner form-block__inner \">\n\n                    <div class=\"col--11 col--wrapper\">\n                                    <div class=\"col col--4 editor-content form-block__title\">\n                        <h2 class=\"h2 hyphenate\">Inscrivez-vous \u00e0 notre newsletter<\/h2>                    <\/div>\n                    <div class=\"col--12 col\"><\/div>\n                \n                <div class=\"col col--4 editor-content\">\n                    Recevez des mises \u00e0 jour sur des projets innovants, des <a href=\"https:\/\/www.swecobelgium.be\/fr\/durabilite\/\">solutions durables<\/a> et des analyses exclusives de Sweco. Abonnez-vous d\u00e8s maintenant et participez \u00e0 la transformation de demain.\r\n\r\n\r\n\r\n\r\n\r\n\r\n\r\n                <\/div>\n\n                <div class=\"col col--7\">\n                    <script type=\"text\/javascript\">\n\/* <![CDATA[ *\/\nvar gform;gform||(document.addEventListener(\"gform_main_scripts_loaded\",function(){gform.scriptsLoaded=!0}),document.addEventListener(\"gform\/theme\/scripts_loaded\",function(){gform.themeScriptsLoaded=!0}),window.addEventListener(\"DOMContentLoaded\",function(){gform.domLoaded=!0}),gform={domLoaded:!1,scriptsLoaded:!1,themeScriptsLoaded:!1,isFormEditor:()=>\"function\"==typeof InitializeEditor,callIfLoaded:function(o){return!(!gform.domLoaded||!gform.scriptsLoaded||!gform.themeScriptsLoaded&&!gform.isFormEditor()||(gform.isFormEditor()&&console.warn(\"The use of gform.initializeOnLoaded() is deprecated in the form editor context and will be removed in Gravity Forms 3.1.\"),o(),0))},initializeOnLoaded:function(o){gform.callIfLoaded(o)||(document.addEventListener(\"gform_main_scripts_loaded\",()=>{gform.scriptsLoaded=!0,gform.callIfLoaded(o)}),document.addEventListener(\"gform\/theme\/scripts_loaded\",()=>{gform.themeScriptsLoaded=!0,gform.callIfLoaded(o)}),window.addEventListener(\"DOMContentLoaded\",()=>{gform.domLoaded=!0,gform.callIfLoaded(o)}))},hooks:{action:{},filter:{}},addAction:function(o,r,e,t){gform.addHook(\"action\",o,r,e,t)},addFilter:function(o,r,e,t){gform.addHook(\"filter\",o,r,e,t)},doAction:function(o){gform.doHook(\"action\",o,arguments)},applyFilters:function(o){return gform.doHook(\"filter\",o,arguments)},removeAction:function(o,r){gform.removeHook(\"action\",o,r)},removeFilter:function(o,r,e){gform.removeHook(\"filter\",o,r,e)},addHook:function(o,r,e,t,n){null==gform.hooks[o][r]&&(gform.hooks[o][r]=[]);var d=gform.hooks[o][r];null==n&&(n=r+\"_\"+d.length),gform.hooks[o][r].push({tag:n,callable:e,priority:t=null==t?10:t})},doHook:function(r,o,e){var t;if(e=Array.prototype.slice.call(e,1),null!=gform.hooks[r][o]&&((o=gform.hooks[r][o]).sort(function(o,r){return o.priority-r.priority}),o.forEach(function(o){\"function\"!=typeof(t=o.callable)&&(t=window[t]),\"action\"==r?t.apply(null,e):e[0]=t.apply(null,e)})),\"filter\"==r)return e[0]},removeHook:function(o,r,t,n){var e;null!=gform.hooks[o][r]&&(e=(e=gform.hooks[o][r]).filter(function(o,r,e){return!!(null!=n&&n!=o.tag||null!=t&&t!=o.priority)}),gform.hooks[o][r]=e)}});\n\/* ]]> *\/\n<\/script>\n\n                <div class='gf_browser_gecko gform_wrapper gform_legacy_markup_wrapper gform-theme--no-framework' data-form-theme='legacy' data-form-index='0' id='gform_wrapper_15' ><form class=\"gform_analytics_tracking\" method='post' enctype='multipart\/form-data' target='gform_ajax_frame_15' id='gform_15'  action='\/fr\/wp-json\/wp\/v2\/blog\/38093' data-formid='15' novalidate autocomplete=\"off\">\n                        <div class='gform-body gform_body'><ul id='gform_fields_15' class='gform_fields top_label form_sublabel_below description_below validation_below'><li id=\"field_15_13\" class=\"gfield gfield--type-honeypot gform_validation_container field_sublabel_below gfield--has-description field_description_below field_validation_below gfield_visibility_visible gform_honeypot\"  data-field-class=\"gform_honeypot\" ><label class='gfield_label gform-field-label' for='input_15_13'>Company<\/label><div class='ginput_container'><input autocomplete=\"off\"  name='input_13' id='input_15_13' type='text' value='' autocomplete='new-password'\/><\/div><div class='gfield_description' id='gfield_description_15_13'>Ce champ n\u2019est utilis\u00e9 qu\u2019\u00e0 des fins de validation et devrait rester inchang\u00e9.<\/div><\/li><li id=\"field_15_5\" class=\"gfield gfield--type-email gfield--input-type-email gfield--width-full gfield_contains_required field_sublabel_below gfield--no-description field_description_below field_validation_below gfield_visibility_visible gform_email\"  data-field-class=\"gform_email\" ><label class='gfield_label gform-field-label' for='input_15_5'>E-mail<span class=\"gfield_required\"><span class=\"gfield_required gfield_required_asterisk\">*<\/span><\/span><\/label><div class='ginput_container ginput_container_email'>\n                            <input autocomplete=\"off\"  name='input_5' id='input_15_5' type='email' value='' class='large'    aria-required=\"true\" aria-invalid=\"false\"  \/>\n                        <\/div><\/li><li id=\"field_15_7\" class=\"gfield gfield--type-text gfield--input-type-text gfield--width-full gfield_contains_required field_sublabel_below gfield--no-description field_description_below field_validation_below gfield_visibility_visible gform_text\"  data-field-class=\"gform_text\" ><label class='gfield_label gform-field-label' for='input_15_7'>Pr\u00e9nom<span class=\"gfield_required\"><span class=\"gfield_required gfield_required_asterisk\">*<\/span><\/span><\/label><div class='ginput_container ginput_container_text'><input autocomplete=\"off\"  name='input_7' id='input_15_7' type='text' value='' class='large'     aria-required=\"true\" aria-invalid=\"false\"   \/><\/div><\/li><li id=\"field_15_8\" class=\"gfield gfield--type-text gfield--input-type-text gfield--width-full gfield_contains_required field_sublabel_below gfield--no-description field_description_below field_validation_below gfield_visibility_visible gform_text\"  data-field-class=\"gform_text\" ><label class='gfield_label gform-field-label' for='input_15_8'>Nom de famille<span class=\"gfield_required\"><span class=\"gfield_required gfield_required_asterisk\">*<\/span><\/span><\/label><div class='ginput_container ginput_container_text'><input autocomplete=\"off\"  name='input_8' id='input_15_8' type='text' value='' class='large'     aria-required=\"true\" aria-invalid=\"false\"   \/><\/div><\/li><li id=\"field_15_10\" class=\"gfield gfield--type-text gfield--input-type-text gfield--width-full field_sublabel_below gfield--no-description field_description_below field_validation_below gfield_visibility_visible gform_text\"  data-field-class=\"gform_text\" ><label class='gfield_label gform-field-label' for='input_15_10'>Entreprise (facultatif)<\/label><div class='ginput_container ginput_container_text'><input autocomplete=\"off\"  name='input_10' id='input_15_10' type='text' value='' class='large'      aria-invalid=\"false\"   \/><\/div><\/li><li id=\"field_15_11\" class=\"gfield gfield--type-radio gfield--type-choice gfield--input-type-radio gfield--width-full gfield_contains_required field_sublabel_below gfield--no-description field_description_below field_validation_below gfield_visibility_visible gform_radio\"  data-field-class=\"gform_radio\" ><label class='gfield_label gform-field-label' >Je souhaite recevoir la lettre d\u2019information en<span class=\"gfield_required\"><span class=\"gfield_required gfield_required_asterisk\">*<\/span><\/span><\/label><div class='ginput_container ginput_container_radio'><ul class='gfield_radio' id='input_15_11'>\n\t\t\t<li class='gchoice gchoice_15_11_0'>\n\t\t\t\t<input autocomplete=\"off\"  name='input_11' type='radio' value='n\u00e9erlandais'  id='choice_15_11_0'    \/>\n\t\t\t\t<label for='choice_15_11_0' id='label_15_11_0' class='gform-field-label gform-field-label--type-inline'>n\u00e9erlandais<\/label>\n\t\t\t<\/li>\n\t\t\t<li class='gchoice gchoice_15_11_1'>\n\t\t\t\t<input autocomplete=\"off\"  name='input_11' type='radio' value='fran\u00e7ais'  id='choice_15_11_1'    \/>\n\t\t\t\t<label for='choice_15_11_1' id='label_15_11_1' class='gform-field-label gform-field-label--type-inline'>fran\u00e7ais<\/label>\n\t\t\t<\/li>\n\t\t\t<li class='gchoice gchoice_15_11_2'>\n\t\t\t\t<input autocomplete=\"off\"  name='input_11' type='radio' value='anglais'  id='choice_15_11_2'    \/>\n\t\t\t\t<label for='choice_15_11_2' id='label_15_11_2' class='gform-field-label gform-field-label--type-inline'>anglais<\/label>\n\t\t\t<\/li><\/ul><\/div><\/li><li id=\"field_15_9\" class=\"gfield gfield--type-consent gfield--type-choice gfield--input-type-consent gfield--width-full gfield_contains_required field_sublabel_below gfield--no-description field_description_below field_validation_below gfield_visibility_visible gform_consent\"  data-field-class=\"gform_consent\" ><label class='gfield_label gform-field-label screen-reader-text gfield_label_before_complex' ><span class=\"gfield_required\"><span class=\"gfield_required gfield_required_asterisk\">*<\/span><\/span><\/label><div class='ginput_container ginput_container_consent'><input autocomplete=\"off\"  name='input_9.1' id='input_15_9_1' type='checkbox' value='1'   aria-required=\"true\" aria-invalid=\"false\"   \/> <label class=\"gform-field-label gform-field-label--type-inline gfield_consent_label\" for='input_15_9_1' >En envoyant vos informations, vous marquez votre accord avec la politique en mati\u00e8re de protection de la vie priv\u00e9e de Sweco. <a href=\"https:\/\/www.swecobelgium.be\/fr\/privacy-notice\/\">Cliquez ici<\/a> pour en savoir plus sur la mani\u00e8re dont nous sauvegardons vos donn\u00e9es.<\/label><input autocomplete=\"off\"  type='hidden' name='input_9.2' value='En envoyant vos informations, vous marquez votre accord avec la politique en mati\u00e8re de protection de la vie priv\u00e9e de Sweco. &lt;a href=&quot;https:\/\/www.swecobelgium.be\/fr\/privacy-notice\/&quot;&gt;Cliquez ici&lt;\/a&gt; pour en savoir plus sur la mani\u00e8re dont nous sauvegardons vos donn\u00e9es.' class='gform_hidden' \/><input autocomplete=\"off\"  type='hidden' name='input_9.3' value='13' class='gform_hidden' \/><\/div><\/li><li id=\"field_15_12\" class=\"gfield gfield--type-checkbox gfield--type-choice gfield--input-type-checkbox field_sublabel_below gfield--has-description field_description_below field_validation_below gfield_visibility_visible gform_checkbox\"  data-field-class=\"gform_checkbox\" ><label class='gfield_label gform-field-label gfield_label_before_complex' >Communications par e-mail<\/label><div class='ginput_container ginput_container_checkbox'><ul class='gfield_checkbox' id='input_15_12'><li class='gchoice gchoice_15_12_1'>\n\t\t\t\t\t\t\t\t<input autocomplete=\"off\"  class='gfield-choice-input' name='input_12.1' type='checkbox'  value='J\u2019autorise l\u2019envoi de communications par e-mail concernant des mises \u00e0 jour, services ou \u00e9v\u00e9nements pertinents.'  id='choice_15_12_1'   aria-describedby=\"gfield_description_15_12\"\/>\n\t\t\t\t\t\t\t\t<label for='choice_15_12_1' id='label_15_12_1' class='gform-field-label gform-field-label--type-inline'>J\u2019autorise l\u2019envoi de communications par e-mail concernant des mises \u00e0 jour, services ou \u00e9v\u00e9nements pertinents.<\/label>\n\t\t\t\t\t\t\t<\/li><\/ul><\/div><div class='gfield_description' id='gfield_description_15_12'>Vous pouvez retirer votre consentement \u00e0 tout moment via le lien de d\u00e9sinscription dans nos e-mails.<\/div><\/li><\/ul><\/div>\n        <div class='gform-footer gform_footer top_label'> <button class='btn btn__primary' id='gform_submit_button_15'><span>Tenez-moi au courant !<\/span><\/button> <input type='hidden' name='gform_ajax' value='form_id=15&amp;title=&amp;description=&amp;tabindex=0&amp;theme=legacy&amp;hash=b35c59816435acd5e43b3f8942c6b7b1' \/>\n            <input type='hidden' class='gform_hidden' name='gform_submission_method' data-js='gform_submission_method_15' value='iframe' \/>\n            <input type='hidden' class='gform_hidden' name='gform_theme' data-js='gform_theme_15' id='gform_theme_15' value='legacy' \/>\n            <input type='hidden' class='gform_hidden' name='gform_style_settings' data-js='gform_style_settings_15' id='gform_style_settings_15' value='' \/>\n            <input type='hidden' class='gform_hidden' name='is_submit_15' value='1' \/>\n            <input type='hidden' class='gform_hidden' name='gform_submit' value='15' \/>\n            \n            <input type='hidden' class='gform_hidden' name='gform_unique_id' value='' \/>\n            <input type='hidden' class='gform_hidden' name='state_15' value='WyJ7XCIxMVwiOltcImYwMDQxZjQ0ZmNjYjhjMzkxNzhjYWRkZDJjODQ1MmUxXCIsXCIzYjA4YTg3ZmE1ZWZlMmFiZjUxZDcwMmI3ZGFlZTQ5NlwiLFwiYzlhZGM0YzI0MzljMTNhNjJiZmNmNjRkZjI4ZTA3OWRcIl0sXCI5LjFcIjpcIjVhYWVlZmI3NTc0MTU1YjA1ZTkwNjQxMWI2MWVlNGZiXCIsXCI5LjJcIjpcIjkwYTM0ZGVjYjM0ZmJlNjIzNmNjNmZmYmRiMjNjMmJhXCIsXCI5LjNcIjpcImQzYjBjMjE4N2ZmNGY4MGYxZDkxNTk0ZWIyM2RiYWNjXCIsXCIxMi4xXCI6XCJlNDA1ZWNkY2NhMjVkMWE5ODNiMjc4MWY5ZDMwMzJmYlwifSIsImU3MThjYzUwNzU5ZWZmNmQ0MmNhN2EwYTUwMzkxYzFhIl0=' \/>\n            <input type='hidden' autocomplete='off' class='gform_hidden' name='gform_target_page_number_15' id='gform_target_page_number_15' value='0' \/>\n            <input type='hidden' autocomplete='off' class='gform_hidden' name='gform_source_page_number_15' id='gform_source_page_number_15' value='1' \/>\n            <input type='hidden' name='gform_field_values' value='' \/>\n            \n        <\/div>\n                        <\/form>\n                        <\/div>\n\t\t                <iframe style='display:none;width:0px;height:0px;' src='about:blank' name='gform_ajax_frame_15' id='gform_ajax_frame_15' title='Cette iframe contient la logique n\u00e9cessaire pour manipuler Gravity Forms avec Ajax.'><\/iframe>\n\t\t                <script type=\"text\/javascript\">\n\/* <![CDATA[ *\/\n gform.initializeOnLoaded( function() {gformInitSpinner( 15, 'https:\/\/www.swecobelgium.be\/wp-content\/themes\/sweco\/assets\/dist\/oval.svg', true );jQuery('#gform_ajax_frame_15').on('load',function(){var contents = jQuery(this).contents().find('*').html();var is_postback = contents.indexOf('GF_AJAX_POSTBACK') >= 0;if(!is_postback){return;}var form_content = jQuery(this).contents().find('#gform_wrapper_15');var is_confirmation = jQuery(this).contents().find('#gform_confirmation_wrapper_15').length > 0;var is_redirect = contents.indexOf('gformRedirect(){') >= 0;var is_form = form_content.length > 0 && ! is_redirect && ! is_confirmation;var mt = parseInt(jQuery('html').css('margin-top'), 10) + parseInt(jQuery('body').css('margin-top'), 10) + 100;if(is_form){jQuery('#gform_wrapper_15').html(form_content.html());if(form_content.hasClass('gform_validation_error')){jQuery('#gform_wrapper_15').addClass('gform_validation_error');} else {jQuery('#gform_wrapper_15').removeClass('gform_validation_error');}setTimeout( function() { \/* delay the scroll by 50 milliseconds to fix a bug in chrome *\/  }, 50 );if(window['gformInitDatepicker']) {gformInitDatepicker();}if(window['gformInitPriceFields']) {gformInitPriceFields();}var current_page = jQuery('#gform_source_page_number_15').val();gformInitSpinner( 15, 'https:\/\/www.swecobelgium.be\/wp-content\/themes\/sweco\/assets\/dist\/oval.svg', true );jQuery(document).trigger('gform_page_loaded', [15, current_page]);window['gf_submitting_15'] = false;}else if(!is_redirect){var confirmation_content = jQuery(this).contents().find('.GF_AJAX_POSTBACK').html();if(!confirmation_content){confirmation_content = contents;}jQuery('#gform_wrapper_15').replaceWith(confirmation_content);jQuery(document).trigger('gform_confirmation_loaded', [15]);window['gf_submitting_15'] = false;wp.a11y.speak(jQuery('#gform_confirmation_message_15').text());}else{jQuery('#gform_15').append(contents);if(window['gformRedirect']) {gformRedirect();}}jQuery(document).trigger(\"gform_pre_post_render\", [{ formId: \"15\", currentPage: \"current_page\", abort: function() { this.preventDefault(); } }]);        if (event && event.defaultPrevented) {                return;        }        const gformWrapperDiv = document.getElementById( \"gform_wrapper_15\" );        if ( gformWrapperDiv ) {            const visibilitySpan = document.createElement( \"span\" );            visibilitySpan.id = \"gform_visibility_test_15\";            gformWrapperDiv.insertAdjacentElement( \"afterend\", visibilitySpan );        }        const visibilityTestDiv = document.getElementById( \"gform_visibility_test_15\" );        let postRenderFired = false;        function triggerPostRender() {            if ( postRenderFired ) {                return;            }            postRenderFired = true;            gform.core.triggerPostRenderEvents( 15, current_page );            if ( visibilityTestDiv ) {                visibilityTestDiv.parentNode.removeChild( visibilityTestDiv );            }        }        function debounce( func, wait, immediate ) {            var timeout;            return function() {                var context = this, args = arguments;                var later = function() {                    timeout = null;                    if ( !immediate ) func.apply( context, args );                };                var callNow = immediate && !timeout;                clearTimeout( timeout );                timeout = setTimeout( later, wait );                if ( callNow ) func.apply( context, args );            };        }        const debouncedTriggerPostRender = debounce( function() {            triggerPostRender();        }, 200 );        if ( visibilityTestDiv && visibilityTestDiv.offsetParent === null ) {            const observer = new MutationObserver( ( mutations ) => {                mutations.forEach( ( mutation ) => {                    if ( mutation.type === 'attributes' && visibilityTestDiv.offsetParent !== null ) {                        debouncedTriggerPostRender();                        observer.disconnect();                    }                });            });            observer.observe( document.body, {                attributes: true,                childList: false,                subtree: true,                attributeFilter: [ 'style', 'class' ],            });        } else {            triggerPostRender();        }    } );} ); \n\/* ]]> *\/\n<\/script>\n                <\/div>\n            <\/div>\n        \n\t<\/div>\n<\/section>\n","protected":false},"excerpt":{"rendered":"","protected":false},"featured_media":38100,"template":"","blog_cats":[924,947],"blog_tags":[938,983,1502,4366],"blog_author":[541],"class_list":["post-38093","blog","type-blog","status-publish","has-post-thumbnail","hentry","blog_cats-transition-energetique","blog_cats-batiments-a-faible-impact","blog_tags-projets-multidisciplinaires","blog_tags-projets-complexes","blog_tags-durabilite-2","blog_tags-securite-publique","blog_author-sweco"],"acf":[],"_links":{"self":[{"href":"https:\/\/www.swecobelgium.be\/fr\/wp-json\/wp\/v2\/blog\/38093","targetHints":{"allow":["GET"]}}],"collection":[{"href":"https:\/\/www.swecobelgium.be\/fr\/wp-json\/wp\/v2\/blog"}],"about":[{"href":"https:\/\/www.swecobelgium.be\/fr\/wp-json\/wp\/v2\/types\/blog"}],"wp:featuredmedia":[{"embeddable":true,"href":"https:\/\/www.swecobelgium.be\/fr\/wp-json\/wp\/v2\/media\/38100"}],"wp:attachment":[{"href":"https:\/\/www.swecobelgium.be\/fr\/wp-json\/wp\/v2\/media?parent=38093"}],"wp:term":[{"taxonomy":"blog_cats","embeddable":true,"href":"https:\/\/www.swecobelgium.be\/fr\/wp-json\/wp\/v2\/blog_cats?post=38093"},{"taxonomy":"blog_tags","embeddable":true,"href":"https:\/\/www.swecobelgium.be\/fr\/wp-json\/wp\/v2\/blog_tags?post=38093"},{"taxonomy":"blog_author","embeddable":true,"href":"https:\/\/www.swecobelgium.be\/fr\/wp-json\/wp\/v2\/blog_author?post=38093"}],"curies":[{"name":"wp","href":"https:\/\/api.w.org\/{rel}","templated":true}]}}