{"id":44268,"date":"2025-11-03T06:42:00","date_gmt":"2025-11-03T05:42:00","guid":{"rendered":"https:\/\/www.swecobelgium.be\/?post_type=blog&#038;p=44268"},"modified":"2025-11-24T14:32:35","modified_gmt":"2025-11-24T13:32:35","slug":"sweco-construit-avec-xplo-un-campus-innovant-pour-les-soins-aux-jeunes","status":"publish","type":"blog","link":"https:\/\/www.swecobelgium.be\/fr\/actualites\/sweco-construit-avec-xplo-un-campus-innovant-pour-les-soins-aux-jeunes\/","title":{"rendered":"Sweco construit avec Xplo un campus innovant pour les soins aux jeunes"},"content":{"rendered":"<section class=\"block block-share block--white\" >\n\t<div class=\"block__inner\">\n\t\t<div class=\"col--12 col--wrapper col--center\">\n            <div class=\"col col--12 editor-content col--center\">\n                <div class=\"share\">\n                    <p class=\"share-text\">Share on: <\/p>\n                    <div class=\"ss-inline-share-wrapper ss-hover-animation-fade ss-with-counter-border ss-inline-total-counter-left\"><div class=\"ss-inline-share-content\"><\/div><\/div>                <\/div>\n            <\/div>\n\t\t<\/div>\n\t<\/div>\n<\/section>\n\n<section class=\"block cb block--white\" id=\"Inleiding\">\n\t<div class=\"block__inner cb__inner cb__inner--one\">\n\t<div class=\"col--12 col--center col--wrapper\">\n\t\t<div class=\"col col--6 editor-content\">\n\t\t\t<p><strong>Avec Xplo, Sweco souhaite concevoir un campus innovant pour les soins aux jeunes \u00e0 Rumbeke. En tant que partenaire en <a href=\"https:\/\/www.swecobelgium.be\/fr\/swecoarchitects\/\">architecture<\/a> et ing\u00e9nierie, Sweco contribue au d\u00e9veloppement d\u2019un site r\u00e9pondant \u00e0 un programme diversifi\u00e9 de besoins, pour une assistance sur mesure destin\u00e9e aux enfants, aux adolescents et aux familles confront\u00e9s \u00e0 des probl\u00e8mes d\u2019\u00e9ducation, de cohabitation et\/ou d\u2019int\u00e9gration dans la soci\u00e9t\u00e9. Xplo vise \u00e0 offrir une guidance accessible et ancr\u00e9e localement dans le quartier.<\/strong><\/p>\n\t\t<\/div>\n\t<\/div>\n<\/div>\n<\/section>\n\n\n<section class=\"block block--white columns\" >\n\t<div class=\"block__inner columns__inner\">\n\t\t<div class=\"col--11 col--wrapper col--stretch\">\n\t\t\t\n\t\t\t\t\t\t\t<div class=\"columns__col col col--6\">\n\t\t\t\t\t<div class=\"editor-content columns__content columns__content--content\">\n\t\t\t\t\t\t<p><img loading=\"lazy\" decoding=\"async\" class=\"alignnone wp-image-44239 size-full\" src=\"https:\/\/www.swecobelgium.be\/wp-content\/uploads\/sites\/12\/2025\/10\/Xplo-masterplan.jpg\" alt=\"drawing of the master plan of Xplo\" width=\"2490\" height=\"2998\" srcset=\"https:\/\/www.swecobelgium.be\/wp-content\/uploads\/sites\/12\/2025\/10\/Xplo-masterplan.jpg 2490w, https:\/\/www.swecobelgium.be\/wp-content\/uploads\/sites\/12\/2025\/10\/Xplo-masterplan-166x200.jpg 166w, https:\/\/www.swecobelgium.be\/wp-content\/uploads\/sites\/12\/2025\/10\/Xplo-masterplan-768x925.jpg 768w, https:\/\/www.swecobelgium.be\/wp-content\/uploads\/sites\/12\/2025\/10\/Xplo-masterplan-1276x1536.jpg 1276w, https:\/\/www.swecobelgium.be\/wp-content\/uploads\/sites\/12\/2025\/10\/Xplo-masterplan-1701x2048.jpg 1701w, https:\/\/www.swecobelgium.be\/wp-content\/uploads\/sites\/12\/2025\/10\/Xplo-masterplan-520x626.jpg 520w, https:\/\/www.swecobelgium.be\/wp-content\/uploads\/sites\/12\/2025\/10\/Xplo-masterplan-800x963.jpg 800w, https:\/\/www.swecobelgium.be\/wp-content\/uploads\/sites\/12\/2025\/10\/Xplo-masterplan-249x300.jpg 249w, https:\/\/www.swecobelgium.be\/wp-content\/uploads\/sites\/12\/2025\/10\/Xplo-masterplan-374x450.jpg 374w, https:\/\/www.swecobelgium.be\/wp-content\/uploads\/sites\/12\/2025\/10\/Xplo-masterplan-652x785.jpg 652w\" sizes=\"auto, (max-width: 2490px) 100vw, 2490px\" \/><\/p>\n\t\t\t\t\t<\/div>\n\t\t\t\t<\/div>\n\t\t\t\t\t\t\t<div class=\"columns__col col col--6\">\n\t\t\t\t\t<div class=\"editor-content columns__content columns__content--content\">\n\t\t\t\t\t\t<p>Sur le site existant, Sweco veille \u00e0 respecter les \u00e9l\u00e9ments pr\u00e9sents. Les nouveaux b\u00e2timents et axes doivent apporter une coh\u00e9rence claire pour former <strong>un ensemble harmonieux<\/strong>. Sweco a d\u00e9velopp\u00e9 un concept de concours, qui sert de base et de point de d\u00e9part pour le design final.<\/p>\n<h2>Un parc vert comme \u00e9l\u00e9ment de connexion<\/h2>\n<p>Notre \u00e9quipe de conception propose un plan directeur et des b\u00e2timents articul\u00e9s autour des mots-cl\u00e9s\u202f: <strong>r\u00e9partition<\/strong>, <strong>identit\u00e9<\/strong>, <strong>ouverture<\/strong>, <strong>flexibilit\u00e9<\/strong> et <strong>fonctionnalit\u00e9<\/strong>, en s\u2019appuyant sur le plan de r\u00e9partition r\u00e9alis\u00e9 pour Xplo asbl par Umpalumpa et DNLT.<\/p>\n<p>Des arbres et des arbustes traversent le site comme un parc de loisirs, int\u00e9grant des clusters tels que Xplo et des installations sportives. <strong>La partie sud<\/strong> offre de l\u2019espace pour <strong>les zones les plus accessibles au public<\/strong>, avec une salle de sport existante, des terrains de sport et un parking.<\/p>\n<p><strong>La partie nord<\/strong> accueille principalement <strong>le programme r\u00e9sidentiel pour les jeunes<\/strong>. Un axe doux pour les cyclistes et les pi\u00e9tons vise \u00e0 connecter l\u2019ensemble du site, tout en respectant les zones qui pr\u00e9f\u00e8rent rester un peu s\u00e9par\u00e9es du public.<\/p>\n<h2>Une nouvelle place comme lien central<\/h2>\n<p>Dans le concept de concours, nos concepteurs attribuent \u00e0 l\u2019ancienne chapelle du campus un r\u00f4le cl\u00e9 en tant que point d\u2019ancrage d\u2019une nouvelle place. Cet espace anim\u00e9 doit <strong>r\u00e9unir l\u2019habitat, le soutien et l\u2019administration<\/strong> au centre du site. Les diff\u00e9rentes entit\u00e9s se pr\u00e9sentent chacune de mani\u00e8re distincte, <strong>lisible et reconnaissable<\/strong>.<\/p>\n\t\t\t\t\t<\/div>\n\t\t\t\t<\/div>\n\t\t\t\n\t\t<\/div>\n\t<\/div>\n<\/section>\n\n\n<section class=\"block block--lightgray columns\" >\n\t<div class=\"block__inner columns__inner\">\n\t\t<div class=\"col--11 col--wrapper col--stretch\">\n\t\t\t\n\t\t\t\t\t\t\t<div class=\"columns__col col col--4\">\n\t\t\t\t\t<div class=\"editor-content columns__content columns__content--content\">\n\t\t\t\t\t\t<p><img loading=\"lazy\" decoding=\"async\" class=\"alignnone wp-image-44246 size-full\" src=\"https:\/\/www.swecobelgium.be\/wp-content\/uploads\/sites\/12\/2025\/10\/xplo-Toren-kapel.jpg\" alt=\"visualisation of the administrative building and chapel on the site of Xplo\" width=\"2000\" height=\"2000\" srcset=\"https:\/\/www.swecobelgium.be\/wp-content\/uploads\/sites\/12\/2025\/10\/xplo-Toren-kapel.jpg 2000w, https:\/\/www.swecobelgium.be\/wp-content\/uploads\/sites\/12\/2025\/10\/xplo-Toren-kapel-200x200.jpg 200w, https:\/\/www.swecobelgium.be\/wp-content\/uploads\/sites\/12\/2025\/10\/xplo-Toren-kapel-150x150.jpg 150w, https:\/\/www.swecobelgium.be\/wp-content\/uploads\/sites\/12\/2025\/10\/xplo-Toren-kapel-768x768.jpg 768w, https:\/\/www.swecobelgium.be\/wp-content\/uploads\/sites\/12\/2025\/10\/xplo-Toren-kapel-1536x1536.jpg 1536w, https:\/\/www.swecobelgium.be\/wp-content\/uploads\/sites\/12\/2025\/10\/xplo-Toren-kapel-520x520.jpg 520w, https:\/\/www.swecobelgium.be\/wp-content\/uploads\/sites\/12\/2025\/10\/xplo-Toren-kapel-800x800.jpg 800w, https:\/\/www.swecobelgium.be\/wp-content\/uploads\/sites\/12\/2025\/10\/xplo-Toren-kapel-300x300.jpg 300w, https:\/\/www.swecobelgium.be\/wp-content\/uploads\/sites\/12\/2025\/10\/xplo-Toren-kapel-450x450.jpg 450w, https:\/\/www.swecobelgium.be\/wp-content\/uploads\/sites\/12\/2025\/10\/xplo-Toren-kapel-48x48.jpg 48w, https:\/\/www.swecobelgium.be\/wp-content\/uploads\/sites\/12\/2025\/10\/xplo-Toren-kapel-652x652.jpg 652w\" sizes=\"auto, (max-width: 2000px) 100vw, 2000px\" \/><\/p>\n<p><strong>B\u00e2timent administratif\u202f<\/strong><\/p>\n<p>Un nouveau b\u00e2timent administratif serait reli\u00e9 \u00e0 un cluster en forme de U constitu\u00e9 de la chapelle et des b\u00e2timents existants, r\u00e9tablissant ainsi l\u2019ancien jardin du monast\u00e8re. Il doit fonctionner comme un <strong>point de rep\u00e8re<\/strong>, avec une tour atteignant la m\u00eame hauteur que le fa\u00eetage de la chapelle. Un jardin sur le toit, accessible au personnel, relie l\u2019ancienne chapelle \u00e0 la nouvelle tour.<\/p>\n\t\t\t\t\t<\/div>\n\t\t\t\t<\/div>\n\t\t\t\t\t\t\t<div class=\"columns__col col col--4\">\n\t\t\t\t\t<div class=\"editor-content columns__content columns__content--content\">\n\t\t\t\t\t\t<p><img loading=\"lazy\" decoding=\"async\" class=\"alignnone wp-image-44249 size-full\" src=\"https:\/\/www.swecobelgium.be\/wp-content\/uploads\/sites\/12\/2025\/10\/xplo-leefgroep-entrance.jpg\" alt=\"render of a care house on the Xplo campus\" width=\"2000\" height=\"2000\" srcset=\"https:\/\/www.swecobelgium.be\/wp-content\/uploads\/sites\/12\/2025\/10\/xplo-leefgroep-entrance.jpg 2000w, https:\/\/www.swecobelgium.be\/wp-content\/uploads\/sites\/12\/2025\/10\/xplo-leefgroep-entrance-200x200.jpg 200w, https:\/\/www.swecobelgium.be\/wp-content\/uploads\/sites\/12\/2025\/10\/xplo-leefgroep-entrance-150x150.jpg 150w, https:\/\/www.swecobelgium.be\/wp-content\/uploads\/sites\/12\/2025\/10\/xplo-leefgroep-entrance-768x768.jpg 768w, https:\/\/www.swecobelgium.be\/wp-content\/uploads\/sites\/12\/2025\/10\/xplo-leefgroep-entrance-1536x1536.jpg 1536w, https:\/\/www.swecobelgium.be\/wp-content\/uploads\/sites\/12\/2025\/10\/xplo-leefgroep-entrance-520x520.jpg 520w, https:\/\/www.swecobelgium.be\/wp-content\/uploads\/sites\/12\/2025\/10\/xplo-leefgroep-entrance-800x800.jpg 800w, https:\/\/www.swecobelgium.be\/wp-content\/uploads\/sites\/12\/2025\/10\/xplo-leefgroep-entrance-300x300.jpg 300w, https:\/\/www.swecobelgium.be\/wp-content\/uploads\/sites\/12\/2025\/10\/xplo-leefgroep-entrance-450x450.jpg 450w, https:\/\/www.swecobelgium.be\/wp-content\/uploads\/sites\/12\/2025\/10\/xplo-leefgroep-entrance-48x48.jpg 48w, https:\/\/www.swecobelgium.be\/wp-content\/uploads\/sites\/12\/2025\/10\/xplo-leefgroep-entrance-652x652.jpg 652w\" sizes=\"auto, (max-width: 2000px) 100vw, 2000px\" \/><\/p>\n<p><strong>B\u00e2timents de soins<\/strong><\/p>\n<p>Les b\u00e2timents de soins cherchent \u00e0 se montrer <strong>modestes<\/strong> et \u00e0 s\u2019int\u00e9grer dans l\u2019environnement. L\u2019\u00e9quipe de conception propose quatre maisons compactes, chacune pour 6+1 r\u00e9sidents, avec leur propre jardin, salon, cuisine, salle de bain, rangement et chambres. Nous souhaitons <strong>relier les quatre maisons par un volume au rez-de-chauss\u00e9e<\/strong> regroupant des fonctions communes telles que les espaces techniques et logistiques, ainsi que des bureaux. Une terrasse sur le toit forme un lien vert entre les quatre maisons.<\/p>\n\t\t\t\t\t<\/div>\n\t\t\t\t<\/div>\n\t\t\t\t\t\t\t<div class=\"columns__col col col--4\">\n\t\t\t\t\t<div class=\"editor-content columns__content columns__content--content\">\n\t\t\t\t\t\t<p><img loading=\"lazy\" decoding=\"async\" class=\"alignnone wp-image-44258 size-full\" src=\"https:\/\/www.swecobelgium.be\/wp-content\/uploads\/sites\/12\/2025\/10\/xplo-Scene-Context-house.jpg\" alt=\"render of a contexthouse on the youth care campus Xplo\" width=\"2000\" height=\"2000\" srcset=\"https:\/\/www.swecobelgium.be\/wp-content\/uploads\/sites\/12\/2025\/10\/xplo-Scene-Context-house.jpg 2000w, https:\/\/www.swecobelgium.be\/wp-content\/uploads\/sites\/12\/2025\/10\/xplo-Scene-Context-house-200x200.jpg 200w, https:\/\/www.swecobelgium.be\/wp-content\/uploads\/sites\/12\/2025\/10\/xplo-Scene-Context-house-150x150.jpg 150w, https:\/\/www.swecobelgium.be\/wp-content\/uploads\/sites\/12\/2025\/10\/xplo-Scene-Context-house-768x768.jpg 768w, https:\/\/www.swecobelgium.be\/wp-content\/uploads\/sites\/12\/2025\/10\/xplo-Scene-Context-house-1536x1536.jpg 1536w, https:\/\/www.swecobelgium.be\/wp-content\/uploads\/sites\/12\/2025\/10\/xplo-Scene-Context-house-520x520.jpg 520w, https:\/\/www.swecobelgium.be\/wp-content\/uploads\/sites\/12\/2025\/10\/xplo-Scene-Context-house-800x800.jpg 800w, https:\/\/www.swecobelgium.be\/wp-content\/uploads\/sites\/12\/2025\/10\/xplo-Scene-Context-house-300x300.jpg 300w, https:\/\/www.swecobelgium.be\/wp-content\/uploads\/sites\/12\/2025\/10\/xplo-Scene-Context-house-450x450.jpg 450w, https:\/\/www.swecobelgium.be\/wp-content\/uploads\/sites\/12\/2025\/10\/xplo-Scene-Context-house-48x48.jpg 48w, https:\/\/www.swecobelgium.be\/wp-content\/uploads\/sites\/12\/2025\/10\/xplo-Scene-Context-house-652x652.jpg 652w\" sizes=\"auto, (max-width: 2000px) 100vw, 2000px\" \/><\/p>\n<p><strong>Maison contextuelle<\/strong><\/p>\n<p>Dans la partie la plus priv\u00e9e du site, nous pr\u00e9voyons une maison contextuelle, un concept relativement nouveau dans les soins aux jeunes. Une r\u00e9sidence s\u00e9par\u00e9e, sculpt\u00e9e dans le paysage, constitue <strong>un maillon crucial dans le processus de soutien<\/strong>, r\u00e9unissant les parents et les enfants dans un environnement protecteur.<\/p>\n\t\t\t\t\t<\/div>\n\t\t\t\t<\/div>\n\t\t\t\n\t\t<\/div>\n\t<\/div>\n<\/section>\n\n\n<section class=\"block cb block--white\" id=\"Inleiding\">\n\t<div class=\"block__inner cb__inner cb__inner--one\">\n\t<div class=\"col--12 col--center col--wrapper\">\n\t\t<div class=\"col col--6 editor-content\">\n\t\t\t<p>Central sur le site, un nouveau <strong>b\u00e2timent polyvalent<\/strong> est une structure discr\u00e8te avec des toits en shed, offrant \u00e0 la fois de l\u2019espace pour des panneaux solaires et de la lumi\u00e8re naturelle. Un auvent favorise l\u2019utilisation maximale des espaces ext\u00e9rieurs. Il fonctionnera comme un atelier et deviendra <strong>la maison de La Trao<\/strong>, un module de soutien reconnu s\u00e9par\u00e9ment.<\/p>\n<h2>Un environnement ordonn\u00e9 et lisible<\/h2>\n<p>Tous les b\u00e2timents sont dessin\u00e9s sur <strong>une m\u00eame grille<\/strong>. Cela cr\u00e9e un environnement ordonn\u00e9 et lisible, avec <strong>des perspectives et des lignes de vue<\/strong>.<\/p>\n<p><strong>Les \u00e9l\u00e9ments de conception r\u00e9currents<\/strong> renforcent \u00e9galement la coh\u00e9rence du site. Les arcades massives, les auvents a\u00e9r\u00e9s et les volumes plus libres <strong>apportent de la l\u00e9g\u00e8ret\u00e9, de la diff\u00e9renciation et de l\u2019espace pour respirer<\/strong>. En guise de point de d\u00e9part, nous combinons des structures simples dans des mat\u00e9riaux classiques tels que la brique et les blocs de b\u00e9ton avec des innovations durables comme <strong>la brique CO2 positive<\/strong>, le recyclage des plastiques et bien plus encore.<\/p>\n\t\t<\/div>\n\t<\/div>\n<\/div>\n<\/section>\n\n\n<section class=\"block cb block--white\" >\n\t<div class=\"block__inner cb__inner cb__inner--one\">\n\t<div class=\"col--12 col--center col--wrapper\">\n\t\t<div class=\"col col--6 editor-content\">\n\t\t\t<p><img loading=\"lazy\" decoding=\"async\" class=\"wp-image-44261 size-full aligncenter\" src=\"https:\/\/www.swecobelgium.be\/wp-content\/uploads\/sites\/12\/2025\/10\/2400057456_diagrams-visie-en-schetsen_MHN.jpg\" alt=\"\" width=\"2789\" height=\"1843\" srcset=\"https:\/\/www.swecobelgium.be\/wp-content\/uploads\/sites\/12\/2025\/10\/2400057456_diagrams-visie-en-schetsen_MHN.jpg 2789w, https:\/\/www.swecobelgium.be\/wp-content\/uploads\/sites\/12\/2025\/10\/2400057456_diagrams-visie-en-schetsen_MHN-200x132.jpg 200w, https:\/\/www.swecobelgium.be\/wp-content\/uploads\/sites\/12\/2025\/10\/2400057456_diagrams-visie-en-schetsen_MHN-768x508.jpg 768w, https:\/\/www.swecobelgium.be\/wp-content\/uploads\/sites\/12\/2025\/10\/2400057456_diagrams-visie-en-schetsen_MHN-1536x1015.jpg 1536w, https:\/\/www.swecobelgium.be\/wp-content\/uploads\/sites\/12\/2025\/10\/2400057456_diagrams-visie-en-schetsen_MHN-2048x1353.jpg 2048w, https:\/\/www.swecobelgium.be\/wp-content\/uploads\/sites\/12\/2025\/10\/2400057456_diagrams-visie-en-schetsen_MHN-520x344.jpg 520w, https:\/\/www.swecobelgium.be\/wp-content\/uploads\/sites\/12\/2025\/10\/2400057456_diagrams-visie-en-schetsen_MHN-800x529.jpg 800w, https:\/\/www.swecobelgium.be\/wp-content\/uploads\/sites\/12\/2025\/10\/2400057456_diagrams-visie-en-schetsen_MHN-454x300.jpg 454w, https:\/\/www.swecobelgium.be\/wp-content\/uploads\/sites\/12\/2025\/10\/2400057456_diagrams-visie-en-schetsen_MHN-681x450.jpg 681w, https:\/\/www.swecobelgium.be\/wp-content\/uploads\/sites\/12\/2025\/10\/2400057456_diagrams-visie-en-schetsen_MHN-652x431.jpg 652w\" sizes=\"auto, (max-width: 2789px) 100vw, 2789px\" \/><\/p>\n\t\t<\/div>\n\t<\/div>\n<\/div>\n<\/section>\n\n\n<section class=\"block cb block--white\" >\n\t<div class=\"block__inner cb__inner cb__inner--one\">\n\t<div class=\"col--12 col--center col--wrapper\">\n\t\t<div class=\"col col--6 editor-content\">\n\t\t\t<h2>Gestion durable de l\u2019\u00e9nergie et de l\u2019eau<\/h2>\n<p>Nous visons un niveau <strong>GRO Meilleur<\/strong> pour le site, avec un score d\u00e9passant de 10\u202f% le niveau E l\u00e9gal, <strong>sans recours aux combustibles fossiles<\/strong>. Une orientation r\u00e9fl\u00e9chie, des fa\u00e7ades \u00e9paisses, des fen\u00eatres hautes et des ouvertures strat\u00e9giquement plac\u00e9es doivent r\u00e9duire consid\u00e9rablement les besoins de refroidissement et garantir un apport constant d\u2019air frais. Les panneaux photovolta\u00efques soutiennent la production d\u2019\u00e9nergie. Nous visons \u00e9galement <strong>une <a href=\"https:\/\/www.swecobelgium.be\/fr\/expertise\/eau\/\">gestion durable de l\u2019eau<\/a><\/strong> en limitant autant que possible la demande en eau de ville et en utilisant la r\u00e9cup\u00e9ration des eaux de pluie pour les toilettes, l\u2019entretien et les machines \u00e0 laver.<\/p>\n<p>Pour la gestion \u00e9nerg\u00e9tique des b\u00e2timents, nous tenons compte du <strong>profil utilisateur pr\u00e9vu et du taux d\u2019occupation<\/strong>.<\/p>\n\t\t<\/div>\n\t<\/div>\n<\/div>\n<\/section>\n\n\n<section class=\"block block--white columns\" >\n\t<div class=\"block__inner columns__inner\">\n\t\t<div class=\"col--11 col--wrapper col--stretch\">\n\t\t\t\n\t\t\t\t\t\t\t<div class=\"columns__col col col--4\">\n\t\t\t\t\t<div class=\"editor-content columns__content columns__content--content\">\n\t\t\t\t\t\t<p><strong>Tour administrative\u202f<\/strong><\/p>\n<p>La tour est utilis\u00e9e plusieurs heures par jour mais reste vide la nuit. Nous pr\u00e9voyons ici <strong>un climat complet sans refroidissement<\/strong> selon le principe 22.26, gr\u00e2ce \u00e0 la masse thermique, aux \u00e9tages \u00e9lev\u00e9s et \u00e0 la ventilation naturelle par tirage thermique. L\u2019enveloppe du b\u00e2timent, de plus de 70\u202fcm d\u2019\u00e9paisseur, utiliserait des mat\u00e9riaux issus du site.<\/p>\n\t\t\t\t\t<\/div>\n\t\t\t\t<\/div>\n\t\t\t\t\t\t\t<div class=\"columns__col col col--4\">\n\t\t\t\t\t<div class=\"editor-content columns__content columns__content--content\">\n\t\t\t\t\t\t<p><strong>Groupes de vie\u202f<\/strong><\/p>\n<p>Les b\u00e2timents de soins, en usage constant, fonctionnent avec <strong>une installation PVT pour le chauffage et le refroidissement<\/strong>. Un panneau photovolta\u00efque \u00e0 l\u2019avant convertit la lumi\u00e8re du soleil en \u00e9lectricit\u00e9, tandis qu\u2019un \u00e9changeur de chaleur thermique \u00e0 l\u2019arri\u00e8re extrait la chaleur de l\u2019air ext\u00e9rieur. La ventilation naturelle et la masse thermique sont utilis\u00e9es au maximum.<\/p>\n\t\t\t\t\t<\/div>\n\t\t\t\t<\/div>\n\t\t\t\t\t\t\t<div class=\"columns__col col col--4\">\n\t\t\t\t\t<div class=\"editor-content columns__content columns__content--content\">\n\t\t\t\t\t\t<p><strong>Maison contextuelle<\/strong><\/p>\n<p>La maison contextuelle, comme le b\u00e2timent polyvalent, sera utilis\u00e9e de mani\u00e8re sporadique et rapide. Ici, des murs CLT l\u00e9gers sont combin\u00e9s avec <strong>un chauffage rapide et un refroidissement nocturne<\/strong>.<\/p>\n\t\t\t\t\t<\/div>\n\t\t\t\t<\/div>\n\t\t\t\n\t\t<\/div>\n\t<\/div>\n<\/section>\n\n\n<section class=\"block cb block--white\" >\n\t<div class=\"block__inner cb__inner cb__inner--one\">\n\t<div class=\"col--12 col--center col--wrapper\">\n\t\t<div class=\"col col--6 editor-content\">\n\t\t\t<h2>Conception durable<\/h2>\n<p>Au niveau du plan directeur, nous nous concentrons \u00e9galement sur la <a href=\"https:\/\/www.swecobelgium.be\/fr\/durabilite\/\">durabilit\u00e9<\/a>. Une <strong>zonation claire<\/strong> facilite les \u00e9volutions futures, permettant aux espaces \u00ab\u202fvides\u202f\u00bb et aux constructions compactes d\u2019accompagner l\u2019expansion.<\/p>\n<p>Nos architectes et ing\u00e9nieurs attendent avec impatience une belle collaboration avec Xplo pour transformer ce concept de concours en un design final et un site r\u00e9ussi. Ensemble, nous construisons un environnement s\u00fbr qui guide les enfants, les adolescents et les familles vers une coexistence optimale.<\/p>\n\t\t<\/div>\n\t<\/div>\n<\/div>\n<\/section>\n\n\n<section class=\"block cb block--white\" >\n\t<div class=\"block__inner cb__inner cb__inner--one\">\n\t<div class=\"col--12 col--center col--wrapper\">\n\t\t<div class=\"col col--6 editor-content\">\n\t\t\t<p><img loading=\"lazy\" decoding=\"async\" class=\"alignnone wp-image-44249 size-full\" src=\"https:\/\/www.swecobelgium.be\/wp-content\/uploads\/sites\/12\/2025\/10\/xplo-leefgroep-entrance.jpg\" alt=\"render of a care house on the Xplo campus\" width=\"2000\" height=\"2000\" srcset=\"https:\/\/www.swecobelgium.be\/wp-content\/uploads\/sites\/12\/2025\/10\/xplo-leefgroep-entrance.jpg 2000w, https:\/\/www.swecobelgium.be\/wp-content\/uploads\/sites\/12\/2025\/10\/xplo-leefgroep-entrance-200x200.jpg 200w, https:\/\/www.swecobelgium.be\/wp-content\/uploads\/sites\/12\/2025\/10\/xplo-leefgroep-entrance-150x150.jpg 150w, https:\/\/www.swecobelgium.be\/wp-content\/uploads\/sites\/12\/2025\/10\/xplo-leefgroep-entrance-768x768.jpg 768w, https:\/\/www.swecobelgium.be\/wp-content\/uploads\/sites\/12\/2025\/10\/xplo-leefgroep-entrance-1536x1536.jpg 1536w, https:\/\/www.swecobelgium.be\/wp-content\/uploads\/sites\/12\/2025\/10\/xplo-leefgroep-entrance-520x520.jpg 520w, https:\/\/www.swecobelgium.be\/wp-content\/uploads\/sites\/12\/2025\/10\/xplo-leefgroep-entrance-800x800.jpg 800w, https:\/\/www.swecobelgium.be\/wp-content\/uploads\/sites\/12\/2025\/10\/xplo-leefgroep-entrance-300x300.jpg 300w, https:\/\/www.swecobelgium.be\/wp-content\/uploads\/sites\/12\/2025\/10\/xplo-leefgroep-entrance-450x450.jpg 450w, https:\/\/www.swecobelgium.be\/wp-content\/uploads\/sites\/12\/2025\/10\/xplo-leefgroep-entrance-48x48.jpg 48w, https:\/\/www.swecobelgium.be\/wp-content\/uploads\/sites\/12\/2025\/10\/xplo-leefgroep-entrance-652x652.jpg 652w\" sizes=\"auto, (max-width: 2000px) 100vw, 2000px\" \/><\/p>\n\t\t<\/div>\n\t<\/div>\n<\/div>\n<\/section>\n\n\n<section class=\"block block--white latest-insights\" >\n\t<div class=\"block__inner latest-insights__inner\">\n\t\t<div class=\"col--11 col--wrapper\">\n\t\t\t\t\t\t\t<div class=\"col col--12 editor-content latest-insights__title\">\n\t\t\t\t\t<h2 class=\"h2 hyphenate\">Autres actualit\u00e9s<\/h2>\t\t\t\t<\/div>\n\t\t\t\n\t\t\t\t\t\t\t\t<div class=\"col col--4 insight\" data-clickable=\"true\">\n\t\t\t\t\t\t<img loading=\"lazy\" decoding=\"async\" width=\"520\" height=\"296\" src=\"https:\/\/www.swecobelgium.be\/wp-content\/uploads\/sites\/12\/2026\/04\/\u00a9sachacnockaert-office-antwerp-berchem-2019-2-1-520x296.jpg\" class=\"attachment-insights-featured size-insights-featured wp-post-image\" alt=\"Sweco en Lantis versterken hun samenwerking rond mobiliteitsmanagement\" \/>\t\t\t\t\t\t<div class=\"insight__content editor-content\">\n\t\t\t\t\t\t\t<em class=\"cats\">Transports durables et mobilit\u00e9<span class=\"cats__sep\"><\/span>30\/04\/2026<\/em>\t\t\t\t\t\t\t<h3><a href=\"https:\/\/www.swecobelgium.be\/fr\/actualites\/sweco-et-lantis-renforcent-leur-collaboration-en-matiere-de-gestion-de-la-mobilite\/\">Sweco et Lantis renforcent leur collaboration en mati\u00e8re de gestion de la mobilit\u00e9<\/a><\/h3>\n\t\t\t\t\t\t\t<p> <span class=\"readmore\">En savoir plus<\/span><\/p>\n\t\t\t\t\t\t<\/div>\n\t\t\t\t\t<\/div>\n\t\t\t\t\t\t\t\t\t<div class=\"col col--4 insight\" data-clickable=\"true\">\n\t\t\t\t\t\t<img loading=\"lazy\" decoding=\"async\" width=\"520\" height=\"296\" src=\"https:\/\/www.swecobelgium.be\/wp-content\/uploads\/sites\/12\/2026\/04\/\u00a9Tom-DhaenensENGIE-Belgium-FrieslandCampina-e-boiler-2025-01-8-520x296.jpg\" class=\"attachment-insights-featured size-insights-featured wp-post-image\" alt=\"\" \/>\t\t\t\t\t\t<div class=\"insight__content editor-content\">\n\t\t\t\t\t\t\t<em class=\"cats\">Transition industrielle, Industrietransitie<span class=\"cats__sep\"><\/span>30\/04\/2026<\/em>\t\t\t\t\t\t\t<h3><a href=\"https:\/\/www.swecobelgium.be\/fr\/actualites\/de-risking-des-projets-industriels-pourquoi-des-choix-solides-commencent-avant-la-premiere-phase-dingenierie\/\">D\u00e9-risking des projets industriels : pourquoi des choix solides commencent avant la premi\u00e8re phase d\u2019ing\u00e9nierie<\/a><\/h3>\n\t\t\t\t\t\t\t<p> <span class=\"readmore\">En savoir plus<\/span><\/p>\n\t\t\t\t\t\t<\/div>\n\t\t\t\t\t<\/div>\n\t\t\t\t\t\t\t\t\t<div class=\"col col--4 insight\" data-clickable=\"true\">\n\t\t\t\t\t\t<img loading=\"lazy\" decoding=\"async\" width=\"520\" height=\"296\" src=\"https:\/\/www.swecobelgium.be\/wp-content\/uploads\/sites\/12\/2026\/04\/Say-Cheese_23042026_AquafinAwards-projectteam-Brugge-Oostende-520x296.jpg\" class=\"attachment-insights-featured size-insights-featured wp-post-image\" alt=\"Projectteams bekroond met speciale prijs op Aquafin Awards\" \/>\t\t\t\t\t\t<div class=\"insight__content editor-content\">\n\t\t\t\t\t\t\t<em class=\"cats\">Eau<span class=\"cats__sep\"><\/span>24\/04\/2026<\/em>\t\t\t\t\t\t\t<h3><a href=\"https:\/\/www.swecobelgium.be\/fr\/actualites\/des-equipes-de-projet-recompensees-par-un-prix-special-lors-des-aquafin-awards\/\">Des \u00e9quipes de projet r\u00e9compens\u00e9es par un prix sp\u00e9cial lors des Aquafin Awards<\/a><\/h3>\n\t\t\t\t\t\t\t<p> <span class=\"readmore\">En savoir plus<\/span><\/p>\n\t\t\t\t\t\t<\/div>\n\t\t\t\t\t<\/div>\n\t\t\t\t\n\t\t\t\t\t<\/div>\n\t<\/div>\n<\/section>\n\n<section class=\"block form-block block--lightgray\" >\n\t<div class=\"block__inner form-block__inner \">\n\n                    <div class=\"col--11 col--wrapper\">\n                                    <div class=\"col col--4 editor-content form-block__title\">\n                        <h2 class=\"h2 hyphenate\">Inscrivez-vous \u00e0 notre newsletter<\/h2>                    <\/div>\n                    <div class=\"col--12 col\"><\/div>\n                \n                <div class=\"col col--4 editor-content\">\n                    Recevez des mises \u00e0 jour sur des projets innovants, des <a href=\"https:\/\/www.swecobelgium.be\/fr\/durabilite\/\">solutions durables<\/a> et des analyses exclusives de Sweco. Abonnez-vous d\u00e8s maintenant et participez \u00e0 la transformation de demain.\r\n\r\n\r\n\r\n\r\n\r\n\r\n\r\n                <\/div>\n\n                <div class=\"col col--7\">\n                    <script type=\"text\/javascript\">\n\/* <![CDATA[ *\/\nvar gform;gform||(document.addEventListener(\"gform_main_scripts_loaded\",function(){gform.scriptsLoaded=!0}),document.addEventListener(\"gform\/theme\/scripts_loaded\",function(){gform.themeScriptsLoaded=!0}),window.addEventListener(\"DOMContentLoaded\",function(){gform.domLoaded=!0}),gform={domLoaded:!1,scriptsLoaded:!1,themeScriptsLoaded:!1,isFormEditor:()=>\"function\"==typeof InitializeEditor,callIfLoaded:function(o){return!(!gform.domLoaded||!gform.scriptsLoaded||!gform.themeScriptsLoaded&&!gform.isFormEditor()||(gform.isFormEditor()&&console.warn(\"The use of gform.initializeOnLoaded() is deprecated in the form editor context and will be removed in Gravity Forms 3.1.\"),o(),0))},initializeOnLoaded:function(o){gform.callIfLoaded(o)||(document.addEventListener(\"gform_main_scripts_loaded\",()=>{gform.scriptsLoaded=!0,gform.callIfLoaded(o)}),document.addEventListener(\"gform\/theme\/scripts_loaded\",()=>{gform.themeScriptsLoaded=!0,gform.callIfLoaded(o)}),window.addEventListener(\"DOMContentLoaded\",()=>{gform.domLoaded=!0,gform.callIfLoaded(o)}))},hooks:{action:{},filter:{}},addAction:function(o,r,e,t){gform.addHook(\"action\",o,r,e,t)},addFilter:function(o,r,e,t){gform.addHook(\"filter\",o,r,e,t)},doAction:function(o){gform.doHook(\"action\",o,arguments)},applyFilters:function(o){return gform.doHook(\"filter\",o,arguments)},removeAction:function(o,r){gform.removeHook(\"action\",o,r)},removeFilter:function(o,r,e){gform.removeHook(\"filter\",o,r,e)},addHook:function(o,r,e,t,n){null==gform.hooks[o][r]&&(gform.hooks[o][r]=[]);var d=gform.hooks[o][r];null==n&&(n=r+\"_\"+d.length),gform.hooks[o][r].push({tag:n,callable:e,priority:t=null==t?10:t})},doHook:function(r,o,e){var t;if(e=Array.prototype.slice.call(e,1),null!=gform.hooks[r][o]&&((o=gform.hooks[r][o]).sort(function(o,r){return o.priority-r.priority}),o.forEach(function(o){\"function\"!=typeof(t=o.callable)&&(t=window[t]),\"action\"==r?t.apply(null,e):e[0]=t.apply(null,e)})),\"filter\"==r)return e[0]},removeHook:function(o,r,t,n){var e;null!=gform.hooks[o][r]&&(e=(e=gform.hooks[o][r]).filter(function(o,r,e){return!!(null!=n&&n!=o.tag||null!=t&&t!=o.priority)}),gform.hooks[o][r]=e)}});\n\/* ]]> *\/\n<\/script>\n\n                <div class='gf_browser_gecko gform_wrapper gform_legacy_markup_wrapper gform-theme--no-framework' data-form-theme='legacy' data-form-index='0' id='gform_wrapper_15' ><form class=\"gform_analytics_tracking\" method='post' enctype='multipart\/form-data' target='gform_ajax_frame_15' id='gform_15'  action='\/fr\/wp-json\/wp\/v2\/blog\/44268' data-formid='15' novalidate autocomplete=\"off\">\n                        <div class='gform-body gform_body'><ul id='gform_fields_15' class='gform_fields top_label form_sublabel_below description_below validation_below'><li id=\"field_15_13\" class=\"gfield gfield--type-honeypot gform_validation_container field_sublabel_below gfield--has-description field_description_below field_validation_below gfield_visibility_visible gform_honeypot\"  data-field-class=\"gform_honeypot\" ><label class='gfield_label gform-field-label' for='input_15_13'>Company<\/label><div class='ginput_container'><input autocomplete=\"off\"  name='input_13' id='input_15_13' type='text' value='' autocomplete='new-password'\/><\/div><div class='gfield_description' id='gfield_description_15_13'>Ce champ n\u2019est utilis\u00e9 qu\u2019\u00e0 des fins de validation et devrait rester inchang\u00e9.<\/div><\/li><li id=\"field_15_5\" class=\"gfield gfield--type-email gfield--input-type-email gfield--width-full gfield_contains_required field_sublabel_below gfield--no-description field_description_below field_validation_below gfield_visibility_visible gform_email\"  data-field-class=\"gform_email\" ><label class='gfield_label gform-field-label' for='input_15_5'>E-mail<span class=\"gfield_required\"><span class=\"gfield_required gfield_required_asterisk\">*<\/span><\/span><\/label><div class='ginput_container ginput_container_email'>\n                            <input autocomplete=\"off\"  name='input_5' id='input_15_5' type='email' value='' class='large'    aria-required=\"true\" aria-invalid=\"false\"  \/>\n                        <\/div><\/li><li id=\"field_15_7\" class=\"gfield gfield--type-text gfield--input-type-text gfield--width-full gfield_contains_required field_sublabel_below gfield--no-description field_description_below field_validation_below gfield_visibility_visible gform_text\"  data-field-class=\"gform_text\" ><label class='gfield_label gform-field-label' for='input_15_7'>Pr\u00e9nom<span class=\"gfield_required\"><span class=\"gfield_required gfield_required_asterisk\">*<\/span><\/span><\/label><div class='ginput_container ginput_container_text'><input autocomplete=\"off\"  name='input_7' id='input_15_7' type='text' value='' class='large'     aria-required=\"true\" aria-invalid=\"false\"   \/><\/div><\/li><li id=\"field_15_8\" class=\"gfield gfield--type-text gfield--input-type-text gfield--width-full gfield_contains_required field_sublabel_below gfield--no-description field_description_below field_validation_below gfield_visibility_visible gform_text\"  data-field-class=\"gform_text\" ><label class='gfield_label gform-field-label' for='input_15_8'>Nom de famille<span class=\"gfield_required\"><span class=\"gfield_required gfield_required_asterisk\">*<\/span><\/span><\/label><div class='ginput_container ginput_container_text'><input autocomplete=\"off\"  name='input_8' id='input_15_8' type='text' value='' class='large'     aria-required=\"true\" aria-invalid=\"false\"   \/><\/div><\/li><li id=\"field_15_10\" class=\"gfield gfield--type-text gfield--input-type-text gfield--width-full field_sublabel_below gfield--no-description field_description_below field_validation_below gfield_visibility_visible gform_text\"  data-field-class=\"gform_text\" ><label class='gfield_label gform-field-label' for='input_15_10'>Entreprise (facultatif)<\/label><div class='ginput_container ginput_container_text'><input autocomplete=\"off\"  name='input_10' id='input_15_10' type='text' value='' class='large'      aria-invalid=\"false\"   \/><\/div><\/li><li id=\"field_15_11\" class=\"gfield gfield--type-radio gfield--type-choice gfield--input-type-radio gfield--width-full gfield_contains_required field_sublabel_below gfield--no-description field_description_below field_validation_below gfield_visibility_visible gform_radio\"  data-field-class=\"gform_radio\" ><label class='gfield_label gform-field-label' >Je souhaite recevoir la lettre d\u2019information en<span class=\"gfield_required\"><span class=\"gfield_required gfield_required_asterisk\">*<\/span><\/span><\/label><div class='ginput_container ginput_container_radio'><ul class='gfield_radio' id='input_15_11'>\n\t\t\t<li class='gchoice gchoice_15_11_0'>\n\t\t\t\t<input autocomplete=\"off\"  name='input_11' type='radio' value='n\u00e9erlandais'  id='choice_15_11_0'    \/>\n\t\t\t\t<label for='choice_15_11_0' id='label_15_11_0' class='gform-field-label gform-field-label--type-inline'>n\u00e9erlandais<\/label>\n\t\t\t<\/li>\n\t\t\t<li class='gchoice gchoice_15_11_1'>\n\t\t\t\t<input autocomplete=\"off\"  name='input_11' type='radio' value='fran\u00e7ais'  id='choice_15_11_1'    \/>\n\t\t\t\t<label for='choice_15_11_1' id='label_15_11_1' class='gform-field-label gform-field-label--type-inline'>fran\u00e7ais<\/label>\n\t\t\t<\/li>\n\t\t\t<li class='gchoice gchoice_15_11_2'>\n\t\t\t\t<input autocomplete=\"off\"  name='input_11' type='radio' value='anglais'  id='choice_15_11_2'    \/>\n\t\t\t\t<label for='choice_15_11_2' id='label_15_11_2' class='gform-field-label gform-field-label--type-inline'>anglais<\/label>\n\t\t\t<\/li><\/ul><\/div><\/li><li id=\"field_15_9\" class=\"gfield gfield--type-consent gfield--type-choice gfield--input-type-consent gfield--width-full gfield_contains_required field_sublabel_below gfield--no-description field_description_below field_validation_below gfield_visibility_visible gform_consent\"  data-field-class=\"gform_consent\" ><label class='gfield_label gform-field-label screen-reader-text gfield_label_before_complex' ><span class=\"gfield_required\"><span class=\"gfield_required gfield_required_asterisk\">*<\/span><\/span><\/label><div class='ginput_container ginput_container_consent'><input autocomplete=\"off\"  name='input_9.1' id='input_15_9_1' type='checkbox' value='1'   aria-required=\"true\" aria-invalid=\"false\"   \/> <label class=\"gform-field-label gform-field-label--type-inline gfield_consent_label\" for='input_15_9_1' >En envoyant vos informations, vous marquez votre accord avec la politique en mati\u00e8re de protection de la vie priv\u00e9e de Sweco. <a href=\"https:\/\/www.swecobelgium.be\/fr\/privacy-notice\/\">Cliquez ici<\/a> pour en savoir plus sur la mani\u00e8re dont nous sauvegardons vos donn\u00e9es.<\/label><input autocomplete=\"off\"  type='hidden' name='input_9.2' value='En envoyant vos informations, vous marquez votre accord avec la politique en mati\u00e8re de protection de la vie priv\u00e9e de Sweco. &lt;a href=&quot;https:\/\/www.swecobelgium.be\/fr\/privacy-notice\/&quot;&gt;Cliquez ici&lt;\/a&gt; pour en savoir plus sur la mani\u00e8re dont nous sauvegardons vos donn\u00e9es.' class='gform_hidden' \/><input autocomplete=\"off\"  type='hidden' name='input_9.3' value='13' class='gform_hidden' \/><\/div><\/li><li id=\"field_15_12\" class=\"gfield gfield--type-checkbox gfield--type-choice gfield--input-type-checkbox field_sublabel_below gfield--has-description field_description_below field_validation_below gfield_visibility_visible gform_checkbox\"  data-field-class=\"gform_checkbox\" ><label class='gfield_label gform-field-label gfield_label_before_complex' >Communications par e-mail<\/label><div class='ginput_container ginput_container_checkbox'><ul class='gfield_checkbox' id='input_15_12'><li class='gchoice gchoice_15_12_1'>\n\t\t\t\t\t\t\t\t<input autocomplete=\"off\"  class='gfield-choice-input' name='input_12.1' type='checkbox'  value='J\u2019autorise l\u2019envoi de communications par e-mail concernant des mises \u00e0 jour, services ou \u00e9v\u00e9nements pertinents.'  id='choice_15_12_1'   aria-describedby=\"gfield_description_15_12\"\/>\n\t\t\t\t\t\t\t\t<label for='choice_15_12_1' id='label_15_12_1' class='gform-field-label gform-field-label--type-inline'>J\u2019autorise l\u2019envoi de communications par e-mail concernant des mises \u00e0 jour, services ou \u00e9v\u00e9nements pertinents.<\/label>\n\t\t\t\t\t\t\t<\/li><\/ul><\/div><div class='gfield_description' id='gfield_description_15_12'>Vous pouvez retirer votre consentement \u00e0 tout moment via le lien de d\u00e9sinscription dans nos e-mails.<\/div><\/li><\/ul><\/div>\n        <div class='gform-footer gform_footer top_label'> <button class='btn btn__primary' id='gform_submit_button_15'><span>Tenez-moi au courant !<\/span><\/button> <input type='hidden' name='gform_ajax' value='form_id=15&amp;title=&amp;description=&amp;tabindex=0&amp;theme=legacy&amp;hash=b35c59816435acd5e43b3f8942c6b7b1' \/>\n            <input type='hidden' class='gform_hidden' name='gform_submission_method' data-js='gform_submission_method_15' value='iframe' \/>\n            <input type='hidden' class='gform_hidden' name='gform_theme' data-js='gform_theme_15' id='gform_theme_15' value='legacy' \/>\n            <input type='hidden' class='gform_hidden' name='gform_style_settings' data-js='gform_style_settings_15' id='gform_style_settings_15' value='' \/>\n            <input type='hidden' class='gform_hidden' name='is_submit_15' value='1' \/>\n            <input type='hidden' class='gform_hidden' name='gform_submit' value='15' \/>\n            \n            <input type='hidden' class='gform_hidden' name='gform_unique_id' value='' \/>\n            <input type='hidden' class='gform_hidden' name='state_15' value='WyJ7XCIxMVwiOltcImYwMDQxZjQ0ZmNjYjhjMzkxNzhjYWRkZDJjODQ1MmUxXCIsXCIzYjA4YTg3ZmE1ZWZlMmFiZjUxZDcwMmI3ZGFlZTQ5NlwiLFwiYzlhZGM0YzI0MzljMTNhNjJiZmNmNjRkZjI4ZTA3OWRcIl0sXCI5LjFcIjpcIjVhYWVlZmI3NTc0MTU1YjA1ZTkwNjQxMWI2MWVlNGZiXCIsXCI5LjJcIjpcIjkwYTM0ZGVjYjM0ZmJlNjIzNmNjNmZmYmRiMjNjMmJhXCIsXCI5LjNcIjpcImQzYjBjMjE4N2ZmNGY4MGYxZDkxNTk0ZWIyM2RiYWNjXCIsXCIxMi4xXCI6XCJlNDA1ZWNkY2NhMjVkMWE5ODNiMjc4MWY5ZDMwMzJmYlwifSIsImU3MThjYzUwNzU5ZWZmNmQ0MmNhN2EwYTUwMzkxYzFhIl0=' \/>\n            <input type='hidden' autocomplete='off' class='gform_hidden' name='gform_target_page_number_15' id='gform_target_page_number_15' value='0' \/>\n            <input type='hidden' autocomplete='off' class='gform_hidden' name='gform_source_page_number_15' id='gform_source_page_number_15' value='1' \/>\n            <input type='hidden' name='gform_field_values' value='' \/>\n            \n        <\/div>\n                        <\/form>\n                        <\/div>\n\t\t                <iframe style='display:none;width:0px;height:0px;' src='about:blank' name='gform_ajax_frame_15' id='gform_ajax_frame_15' title='Cette iframe contient la logique n\u00e9cessaire pour manipuler Gravity Forms avec Ajax.'><\/iframe>\n\t\t                <script type=\"text\/javascript\">\n\/* <![CDATA[ *\/\n gform.initializeOnLoaded( function() {gformInitSpinner( 15, 'https:\/\/www.swecobelgium.be\/wp-content\/themes\/sweco\/assets\/dist\/oval.svg', true );jQuery('#gform_ajax_frame_15').on('load',function(){var contents = jQuery(this).contents().find('*').html();var is_postback = contents.indexOf('GF_AJAX_POSTBACK') >= 0;if(!is_postback){return;}var form_content = jQuery(this).contents().find('#gform_wrapper_15');var is_confirmation = jQuery(this).contents().find('#gform_confirmation_wrapper_15').length > 0;var is_redirect = contents.indexOf('gformRedirect(){') >= 0;var is_form = form_content.length > 0 && ! is_redirect && ! is_confirmation;var mt = parseInt(jQuery('html').css('margin-top'), 10) + parseInt(jQuery('body').css('margin-top'), 10) + 100;if(is_form){jQuery('#gform_wrapper_15').html(form_content.html());if(form_content.hasClass('gform_validation_error')){jQuery('#gform_wrapper_15').addClass('gform_validation_error');} else {jQuery('#gform_wrapper_15').removeClass('gform_validation_error');}setTimeout( function() { \/* delay the scroll by 50 milliseconds to fix a bug in chrome *\/  }, 50 );if(window['gformInitDatepicker']) {gformInitDatepicker();}if(window['gformInitPriceFields']) {gformInitPriceFields();}var current_page = jQuery('#gform_source_page_number_15').val();gformInitSpinner( 15, 'https:\/\/www.swecobelgium.be\/wp-content\/themes\/sweco\/assets\/dist\/oval.svg', true );jQuery(document).trigger('gform_page_loaded', [15, current_page]);window['gf_submitting_15'] = false;}else if(!is_redirect){var confirmation_content = jQuery(this).contents().find('.GF_AJAX_POSTBACK').html();if(!confirmation_content){confirmation_content = contents;}jQuery('#gform_wrapper_15').replaceWith(confirmation_content);jQuery(document).trigger('gform_confirmation_loaded', [15]);window['gf_submitting_15'] = false;wp.a11y.speak(jQuery('#gform_confirmation_message_15').text());}else{jQuery('#gform_15').append(contents);if(window['gformRedirect']) {gformRedirect();}}jQuery(document).trigger(\"gform_pre_post_render\", [{ formId: \"15\", currentPage: \"current_page\", abort: function() { this.preventDefault(); } }]);        if (event && event.defaultPrevented) {                return;        }        const gformWrapperDiv = document.getElementById( \"gform_wrapper_15\" );        if ( gformWrapperDiv ) {            const visibilitySpan = document.createElement( \"span\" );            visibilitySpan.id = \"gform_visibility_test_15\";            gformWrapperDiv.insertAdjacentElement( \"afterend\", visibilitySpan );        }        const visibilityTestDiv = document.getElementById( \"gform_visibility_test_15\" );        let postRenderFired = false;        function triggerPostRender() {            if ( postRenderFired ) {                return;            }            postRenderFired = true;            gform.core.triggerPostRenderEvents( 15, current_page );            if ( visibilityTestDiv ) {                visibilityTestDiv.parentNode.removeChild( visibilityTestDiv );            }        }        function debounce( func, wait, immediate ) {            var timeout;            return function() {                var context = this, args = arguments;                var later = function() {                    timeout = null;                    if ( !immediate ) func.apply( context, args );                };                var callNow = immediate && !timeout;                clearTimeout( timeout );                timeout = setTimeout( later, wait );                if ( callNow ) func.apply( context, args );            };        }        const debouncedTriggerPostRender = debounce( function() {            triggerPostRender();        }, 200 );        if ( visibilityTestDiv && visibilityTestDiv.offsetParent === null ) {            const observer = new MutationObserver( ( mutations ) => {                mutations.forEach( ( mutation ) => {                    if ( mutation.type === 'attributes' && visibilityTestDiv.offsetParent !== null ) {                        debouncedTriggerPostRender();                        observer.disconnect();                    }                });            });            observer.observe( document.body, {                attributes: true,                childList: false,                subtree: true,                attributeFilter: [ 'style', 'class' ],            });        } else {            triggerPostRender();        }    } );} ); \n\/* ]]> *\/\n<\/script>\n                <\/div>\n            <\/div>\n        \n\t<\/div>\n<\/section>\n","protected":false},"excerpt":{"rendered":"","protected":false},"featured_media":44266,"template":"","blog_cats":[947,962,1025],"blog_tags":[948,979,1124,4827,8703,9099],"blog_author":[541],"class_list":["post-44268","blog","type-blog","status-publish","has-post-thumbnail","hentry","blog_cats-batiments-a-faible-impact","blog_cats-soins-de-sante-et-bien-etre","blog_cats-zero-carbone","blog_tags-techniques-de-construction","blog_tags-plan-directeur","blog_tags-batiments-zero-combustible-fossile-2","blog_tags-masterplanning","blog_tags-masterplanning-fr","blog_tags-architecture","blog_author-sweco"],"acf":[],"_links":{"self":[{"href":"https:\/\/www.swecobelgium.be\/fr\/wp-json\/wp\/v2\/blog\/44268","targetHints":{"allow":["GET"]}}],"collection":[{"href":"https:\/\/www.swecobelgium.be\/fr\/wp-json\/wp\/v2\/blog"}],"about":[{"href":"https:\/\/www.swecobelgium.be\/fr\/wp-json\/wp\/v2\/types\/blog"}],"wp:featuredmedia":[{"embeddable":true,"href":"https:\/\/www.swecobelgium.be\/fr\/wp-json\/wp\/v2\/media\/44266"}],"wp:attachment":[{"href":"https:\/\/www.swecobelgium.be\/fr\/wp-json\/wp\/v2\/media?parent=44268"}],"wp:term":[{"taxonomy":"blog_cats","embeddable":true,"href":"https:\/\/www.swecobelgium.be\/fr\/wp-json\/wp\/v2\/blog_cats?post=44268"},{"taxonomy":"blog_tags","embeddable":true,"href":"https:\/\/www.swecobelgium.be\/fr\/wp-json\/wp\/v2\/blog_tags?post=44268"},{"taxonomy":"blog_author","embeddable":true,"href":"https:\/\/www.swecobelgium.be\/fr\/wp-json\/wp\/v2\/blog_author?post=44268"}],"curies":[{"name":"wp","href":"https:\/\/api.w.org\/{rel}","templated":true}]}}