{"id":46095,"date":"2025-12-02T16:43:15","date_gmt":"2025-12-02T15:43:15","guid":{"rendered":"https:\/\/www.swecobelgium.be\/?post_type=blog&#038;p=46095"},"modified":"2026-03-06T09:38:43","modified_gmt":"2026-03-06T08:38:43","slug":"construire-ensemble-des-espaces-ouverts-resilients-pour-demain","status":"publish","type":"blog","link":"https:\/\/www.swecobelgium.be\/fr\/actualites\/construire-ensemble-des-espaces-ouverts-resilients-pour-demain\/","title":{"rendered":"Construire ensemble des espaces ouverts r\u00e9silients pour demain"},"content":{"rendered":"<section class=\"block block-share block--white\" >\n\t<div class=\"block__inner\">\n\t\t<div class=\"col--12 col--wrapper col--center\">\n            <div class=\"col col--12 editor-content col--center\">\n                <div class=\"share\">\n                    <p class=\"share-text\">Share on: <\/p>\n                    <div class=\"ss-inline-share-wrapper ss-hover-animation-fade ss-with-counter-border ss-inline-total-counter-left\"><div class=\"ss-inline-share-content\"><\/div><\/div>                <\/div>\n            <\/div>\n\t\t<\/div>\n\t<\/div>\n<\/section>\n\n<section class=\"block cb block--white\" id=\"Inleiding\">\n\t<div class=\"block__inner cb__inner cb__inner--one\">\n\t<div class=\"col--12 col--center col--wrapper\">\n\t\t<div class=\"col col--6 editor-content\">\n\t\t\t<p><strong>L\u2019espace ouvert devient rare, surtout dans les zones urbaines et p\u00e9riurbaines. Sweco accompagne les autorit\u00e9s locales dans l\u2019\u00e9laboration de politiques territoriales durables. Gr\u00e2ce \u00e0 une approche strat\u00e9gique et participative, nous montrons comment la collaboration, le design territorial et les instruments de planification peuvent se renforcer mutuellement \u2014 comme dans le Plan d&rsquo;am\u00e9nagement \u2018RUP\u2019 Espace Ouvert de Dilbeek. Nos coll\u00e8gues Patrick Roothaer, expert en <a href=\"https:\/\/www.swecobelgium.be\/fr\/services\/developpement-urbain\/\">am\u00e9nagement du territoire<\/a> et chef de projet du RUP, et Hans Tindemans, team manager Strategic Planning, partagent leur exp\u00e9rience.<\/strong><\/p>\n\t\t<\/div>\n\t<\/div>\n<\/div>\n<\/section>\n\n\n<section class=\"block cb block--white\" id=\"Inleiding\">\n\t<div class=\"block__inner cb__inner cb__inner--one\">\n\t<div class=\"col--12 col--center col--wrapper\">\n\t\t<div class=\"col col--6 editor-content\">\n\t\t\t<h2>Un espace ouvert rare et pr\u00e9cieux<\/h2>\n<p>Dans un contexte o\u00f9 chaque m\u00e8tre carr\u00e9 compte, pr\u00e9server et renforcer l\u2019espace ouvert est essentiel. Plan d&rsquo;am\u00e9nagement \u2018RUP\u2019 Espace Ouvert d\u00e9di\u00e9 \u00e0 l\u2019espace ouvert est un outil puissant, mais complexe. <strong>Hans Tindemans<\/strong>: \u00ab Le d\u00e9fi principal consiste \u00e0 concilier des visions et ambitions souvent divergentes. Associations de nature, agriculteurs, riverains\u2026 chacun projette un usage diff\u00e9rent de cet espace. Cr\u00e9er une base d\u2019adh\u00e9sion large et comprendre le fonctionnement territorial du site d\u00e8s le d\u00e9part est fondamental. \u00bb<\/p>\n<h2>Plan d&rsquo;am\u00e9nagement Espace Ouvert Dilbeek : un projet pionnier et inspirant<\/h2>\n<p>La commune de Dilbeek a relev\u00e9 ce d\u00e9fi en d\u00e9veloppant un projet exemplaire, qui d\u00e9montre comment une commune peut franchir des \u00e9tapes ambitieuses en mati\u00e8re d\u2019<a href=\"https:\/\/www.swecobelgium.be\/fr\/services\/masterplanning\/\">am\u00e9nagement durable<\/a>.<\/p>\n<p><strong>Patrick Roothaer<\/strong>: \u00ab Malgr\u00e9 la complexit\u00e9 l\u00e9gale \u2014 compensations, r\u00e8gles fonci\u00e8res \u2014 Dilbeek a os\u00e9 avancer. Le r\u00e9sultat est clair : plus de 50 hectares de zones potentiellement urbanisables ont \u00e9t\u00e9 reclass\u00e9s en zones d\u2019espace ouvert. L\u2019\u00e9quivalent d\u2019une centaine de terrains de football pr\u00e9serv\u00e9s de toute urbanisation. Une contribution majeure aux objectifs flamands de <a href=\"https:\/\/www.swecobelgium.be\/fr\/expertise\/resilience-climatique-nature\/\">r\u00e9silience climatique<\/a> et \u00e0 la strat\u00e9gie europ\u00e9enne \u2018No Net Land Take 2050\u2019. \u00bb<\/p>\n\t\t<\/div>\n\t<\/div>\n<\/div>\n<\/section>\n\n\n<section class=\"block block--white columns\" >\n\t<div class=\"block__inner columns__inner\">\n\t\t<div class=\"col--11 col--wrapper col--stretch\">\n\t\t\t\n\t\t\t\t\t\t\t<div class=\"columns__col col col--6\">\n\t\t\t\t\t<div class=\"editor-content columns__content columns__content--image\">\n\t\t\t\t\t\t<img loading=\"lazy\" decoding=\"async\" width=\"4608\" height=\"3456\" src=\"https:\/\/www.swecobelgium.be\/wp-content\/uploads\/sites\/12\/2025\/12\/Foto-3-landbouwgebied-langs-de-Armveldweg.jpg\" class=\"attachment-full size-full\" alt=\"omgewoelde landbouwgrond met daarnaast groen gras. Op de horizon zijn er bomen ze zien.\" srcset=\"https:\/\/www.swecobelgium.be\/wp-content\/uploads\/sites\/12\/2025\/12\/Foto-3-landbouwgebied-langs-de-Armveldweg.jpg 4608w, https:\/\/www.swecobelgium.be\/wp-content\/uploads\/sites\/12\/2025\/12\/Foto-3-landbouwgebied-langs-de-Armveldweg-200x150.jpg 200w, https:\/\/www.swecobelgium.be\/wp-content\/uploads\/sites\/12\/2025\/12\/Foto-3-landbouwgebied-langs-de-Armveldweg-768x576.jpg 768w, https:\/\/www.swecobelgium.be\/wp-content\/uploads\/sites\/12\/2025\/12\/Foto-3-landbouwgebied-langs-de-Armveldweg-1536x1152.jpg 1536w, https:\/\/www.swecobelgium.be\/wp-content\/uploads\/sites\/12\/2025\/12\/Foto-3-landbouwgebied-langs-de-Armveldweg-2048x1536.jpg 2048w, https:\/\/www.swecobelgium.be\/wp-content\/uploads\/sites\/12\/2025\/12\/Foto-3-landbouwgebied-langs-de-Armveldweg-520x390.jpg 520w, https:\/\/www.swecobelgium.be\/wp-content\/uploads\/sites\/12\/2025\/12\/Foto-3-landbouwgebied-langs-de-Armveldweg-800x600.jpg 800w, https:\/\/www.swecobelgium.be\/wp-content\/uploads\/sites\/12\/2025\/12\/Foto-3-landbouwgebied-langs-de-Armveldweg-400x300.jpg 400w, https:\/\/www.swecobelgium.be\/wp-content\/uploads\/sites\/12\/2025\/12\/Foto-3-landbouwgebied-langs-de-Armveldweg-600x450.jpg 600w, https:\/\/www.swecobelgium.be\/wp-content\/uploads\/sites\/12\/2025\/12\/Foto-3-landbouwgebied-langs-de-Armveldweg-652x489.jpg 652w\" sizes=\"auto, (max-width: 4608px) 100vw, 4608px\" \/>\t\t\t\t\t<\/div>\n\t\t\t\t<\/div>\n\t\t\t\t\t\t\t<div class=\"columns__col col col--6\">\n\t\t\t\t\t<div class=\"editor-content columns__content columns__content--content\">\n\t\t\t\t\t\t<h2>Innover dans un cadre r\u00e9glementaire strict<\/h2>\n<p><strong>Patrick<\/strong>: \u00ab M\u00eame avec un cadre r\u00e9glementaire tr\u00e8s contraignant, nous avons pu introduire des m\u00e9thodes innovantes. Nous avons commenc\u00e9 avec une approche \u201cpage blanche\u201d, appuy\u00e9e sur une \u00e9tude paysag\u00e8re identifiant les fondements du futur r\u00e9seau d\u2019espaces ouverts de Dilbeek. Nous avons \u00e9galement d\u00e9fini des \u2018zones cl\u00e9s\u2019, les secteurs les plus d\u00e9terminants pour renforcer ce r\u00e9seau. Cette approche nous a permis de travailler avec une priorit\u00e9 de contenu claire. \u00bb<\/p>\n<p>Les acteurs locaux \u2014 GECORO, conseil agricole, conseil de l\u2019environnement, commissions communales \u2014 ont \u00e9t\u00e9 pleinement impliqu\u00e9s dans le processus.<\/p>\n\t\t\t\t\t<\/div>\n\t\t\t\t<\/div>\n\t\t\t\n\t\t<\/div>\n\t<\/div>\n<\/section>\n\n\n<section class=\"block cb block--white\" >\n\t<div class=\"block__inner cb__inner cb__inner--one\">\n\t<div class=\"col--12 col--center col--wrapper\">\n\t\t<div class=\"col col--6 editor-content\">\n\t\t\t<blockquote>\n<blockquote>\n<blockquote>\n<figure><i class=\"icon icon-quote\"><\/i><\/figure>\n<p>Une telle collaboration cr\u00e9e un ancrage local solide \u2014 indispensable pour un Plan d&rsquo;am\u00e9nagement \u2018RUP\u2019 r\u00e9ussi. Accepter de partager le contr\u00f4le du processus avec la communaut\u00e9 demande du courage, autant de la commune que de notre \u00e9quipe.<\/p><\/blockquote>\n<\/blockquote>\n<blockquote><p><strong style=\"font-size: 16px;color: #000000\">Hans Tindemans<\/strong><\/p><\/blockquote>\n<\/blockquote>\n\t\t<\/div>\n\t<\/div>\n<\/div>\n<\/section>\n\n\n<section class=\"block cb block--white\" id=\"Inleiding\">\n\t<div class=\"block__inner cb__inner cb__inner--one\">\n\t<div class=\"col--12 col--center col--wrapper\">\n\t\t<div class=\"col col--6 editor-content\">\n\t\t\t<p>Pour g\u00e9rer cette complexit\u00e9, Sweco a mis\u00e9 sur une structure de projet agile et multidisciplinaire.<\/p>\n<p><strong>Patrick<\/strong>: \u00ab Nous avons travaill\u00e9 avec un noyau de trois personnes, soutenu par des experts en \u00e9cologie, eau, agriculture, mobilit\u00e9 et paysage. Cette combinaison \u2014 un petit noyau tr\u00e8s coordonn\u00e9, appuy\u00e9 par des sp\u00e9cialistes \u2014 ainsi que l\u2019engagement de l\u2019\u00e9quipe communale, a \u00e9t\u00e9 la cl\u00e9 du succ\u00e8s. \u00bb<\/p>\n<h2>Des effets \u00e0 long terme et une source d\u2019inspiration<\/h2>\n<p>Les effets \u00e0 long terme du Plan d&rsquo;am\u00e9nagement<strong> \u2018<\/strong>RUP\u2019 Espace Ouvert de Dilbeek sont prometteurs. Au c\u0153ur de la pression urbaine bruxelloise, le plan renforce les corridors \u00e9cologiques, d\u00e9veloppe des for\u00eats et am\u00e9liore la qualit\u00e9 environnementale. Des projets comme \u2018Meer Bos\u2019 (800 arbres plant\u00e9s) ou la cr\u00e9ation d\u2019un parc vert \u00e0 Groot-Bijgaarden montrent d\u00e9j\u00e0 sa mise en \u0153uvre concr\u00e8te.<\/p>\n<p><strong>Hans<\/strong>: \u00ab Et Dilbeek n\u2019est pas seule. D\u2019autres communes, comme Ternat, adoptent maintenant la m\u00eame d\u00e9marche. Pr\u00e9server l\u2019espace ouvert n\u2019est pas seulement une n\u00e9cessit\u00e9 \u00e9cologique \u2014 c\u2019est un investissement dans la qualit\u00e9 de vie des g\u00e9n\u00e9rations futures. \u00bb<\/p>\n\t\t<\/div>\n\t<\/div>\n<\/div>\n<\/section>\n\n\n<section class=\"block block--white columns\" >\n\t<div class=\"block__inner columns__inner\">\n\t\t<div class=\"col--11 col--wrapper col--stretch\">\n\t\t\t\n\t\t\t\t\t\t\t<div class=\"columns__col col col--6\">\n\t\t\t\t\t<div class=\"editor-content columns__content columns__content--content\">\n\t\t\t\t\t\t<h2>Cr\u00e9er de l\u2019espace par la collaboration<\/h2>\n<p><strong data-start=\"183\" data-end=\"193\">Hans : <\/strong>\u00ab Sweco est pr\u00eat \u00e0 accompagner les administrations locales dans l\u2019\u00e9laboration de leur politique spatiale. Nos planificateurs strat\u00e9giques sont organis\u00e9s pour r\u00e9pondre aux nombreuses questions complexes li\u00e9es aux projets de construction. Pour chaque commune, nous recherchons sur mesure la combinaison id\u00e9ale d\u2019outils : un plan d\u2019am\u00e9nagement, des r\u00e8glements, des charges, etc. Il est essentiel d\u2019aligner correctement les ambitions avec celles de la ville ou de la commune. Gr\u00e2ce \u00e0 une approche participative, nous menons des \u00e9tudes spatiales et de conception. Nous int\u00e9grons rapidement l\u2019impact environnemental sur les syst\u00e8mes naturel et hydrologique, ainsi que les int\u00e9r\u00eats des parties prenantes. Nous cherchons toujours \u00e0 trouver des solutions r\u00e9alisables en dialogue avec le donneur d\u2019ordre. \u00bb<\/p>\n<p>\u00ab Notre approche commence par l\u2019identification des acteurs concern\u00e9s et de leurs int\u00e9r\u00eats. Nous utilisons souvent pour cela la technique du \u2018stakeholdermapping\u2019. Un plan d\u2019action est ensuite \u00e9labor\u00e9 pour impliquer ces acteurs dans le processus de planification. \u00bb<\/p>\n<p><strong>Patrick:<\/strong> \u00ab Dans le cadre sp\u00e9cifique du plan d\u2019am\u00e9nagement <em data-start=\"1335\" data-end=\"1350\">Espace Ouvert<\/em> \u00e0 Dilbeek, nous avons choisi d\u2019impliquer activement des organisations locales telles que le conseil agricole et le <a href=\"https:\/\/www.swecobelgium.be\/fr\/services\/milieu-en-bodemadvies\/\">conseil environnemental<\/a>, ainsi que des citoyens engag\u00e9s dans des associations locales de protection de la nature. Au niveau supra-local, les int\u00e9r\u00eats sectoriels sont souvent d\u00e9fendus par des administrations provinciales et flamandes. Nous avons \u00e9galement franchi une \u00e9tape suppl\u00e9mentaire : gr\u00e2ce \u00e0 des consultations bilat\u00e9rales informelles avec, par exemple, le D\u00e9partement de l\u2019Agriculture et de la P\u00eache, nous avons pu renforcer le soutien au projet. \u00bb<\/p>\n\t\t\t\t\t<\/div>\n\t\t\t\t<\/div>\n\t\t\t\t\t\t\t<div class=\"columns__col col col--6\">\n\t\t\t\t\t<div class=\"editor-content columns__content columns__content--image\">\n\t\t\t\t\t\t<img loading=\"lazy\" decoding=\"async\" width=\"4608\" height=\"3456\" src=\"https:\/\/www.swecobelgium.be\/wp-content\/uploads\/sites\/12\/2025\/12\/Foto-2-vallei-van-de-Molenbeek-parallel-aan-de-Roomstraat.jpg\" class=\"attachment-full size-full\" alt=\"vallei die kronkelt door het groen\" srcset=\"https:\/\/www.swecobelgium.be\/wp-content\/uploads\/sites\/12\/2025\/12\/Foto-2-vallei-van-de-Molenbeek-parallel-aan-de-Roomstraat.jpg 4608w, https:\/\/www.swecobelgium.be\/wp-content\/uploads\/sites\/12\/2025\/12\/Foto-2-vallei-van-de-Molenbeek-parallel-aan-de-Roomstraat-200x150.jpg 200w, https:\/\/www.swecobelgium.be\/wp-content\/uploads\/sites\/12\/2025\/12\/Foto-2-vallei-van-de-Molenbeek-parallel-aan-de-Roomstraat-768x576.jpg 768w, https:\/\/www.swecobelgium.be\/wp-content\/uploads\/sites\/12\/2025\/12\/Foto-2-vallei-van-de-Molenbeek-parallel-aan-de-Roomstraat-1536x1152.jpg 1536w, https:\/\/www.swecobelgium.be\/wp-content\/uploads\/sites\/12\/2025\/12\/Foto-2-vallei-van-de-Molenbeek-parallel-aan-de-Roomstraat-2048x1536.jpg 2048w, https:\/\/www.swecobelgium.be\/wp-content\/uploads\/sites\/12\/2025\/12\/Foto-2-vallei-van-de-Molenbeek-parallel-aan-de-Roomstraat-520x390.jpg 520w, https:\/\/www.swecobelgium.be\/wp-content\/uploads\/sites\/12\/2025\/12\/Foto-2-vallei-van-de-Molenbeek-parallel-aan-de-Roomstraat-800x600.jpg 800w, https:\/\/www.swecobelgium.be\/wp-content\/uploads\/sites\/12\/2025\/12\/Foto-2-vallei-van-de-Molenbeek-parallel-aan-de-Roomstraat-400x300.jpg 400w, https:\/\/www.swecobelgium.be\/wp-content\/uploads\/sites\/12\/2025\/12\/Foto-2-vallei-van-de-Molenbeek-parallel-aan-de-Roomstraat-600x450.jpg 600w, https:\/\/www.swecobelgium.be\/wp-content\/uploads\/sites\/12\/2025\/12\/Foto-2-vallei-van-de-Molenbeek-parallel-aan-de-Roomstraat-652x489.jpg 652w\" sizes=\"auto, (max-width: 4608px) 100vw, 4608px\" \/>\t\t\t\t\t<\/div>\n\t\t\t\t<\/div>\n\t\t\t\n\t\t<\/div>\n\t<\/div>\n<\/section>\n\n\n<section class=\"block cb block--white\" >\n\t<div class=\"block__inner cb__inner cb__inner--one\">\n\t<div class=\"col--12 col--center col--wrapper\">\n\t\t<div class=\"col col--6 editor-content\">\n\t\t\t<h2>Sweco : votre partenaire en am\u00e9nagement du territoire<\/h2>\n<p><strong>Patrick<\/strong>: \u00ab Ce qui me motive, c\u2019est la possibilit\u00e9 de contribuer r\u00e9ellement \u00e0 la pr\u00e9servation d\u2019espaces ouverts dans un contexte o\u00f9 la pression territoriale ne cesse d\u2019augmenter. Un RUP ne se limite pas \u00e0 fixer des r\u00e8gles \u2014 il oriente le d\u00e9veloppement vers un futur durable. \u00bb<\/p>\n<p><strong>Hans<\/strong>: \u00ab Le succ\u00e8s de Dilbeek montre ce que la strat\u00e9gie, la co-cr\u00e9ation et une approche adapt\u00e9e peuvent accomplir. Nous mettons volontiers cette expertise au service d\u2019autres communes. \u00bb<\/p>\n<p><em>Texte inspir\u00e9 d\u2019un article paru dans Ruimte n\u00b067 (2025) du VRP.<\/em><\/p>\n\t\t<\/div>\n\t<\/div>\n<\/div>\n<\/section>\n\n\n<section class=\"block block--white latest-insights\" >\n\t<div class=\"block__inner latest-insights__inner\">\n\t\t<div class=\"col--11 col--wrapper\">\n\t\t\t\t\t\t\t<div class=\"col col--12 editor-content latest-insights__title\">\n\t\t\t\t\t<h2 class=\"h2 hyphenate\">Overig nieuws<\/h2>\t\t\t\t<\/div>\n\t\t\t\n\t\t\t\t\t\t\t\t<div class=\"col col--4 insight\" data-clickable=\"true\">\n\t\t\t\t\t\t<img loading=\"lazy\" decoding=\"async\" width=\"520\" height=\"296\" src=\"https:\/\/www.swecobelgium.be\/wp-content\/uploads\/sites\/12\/2026\/04\/Say-Cheese_23042026_AquafinAwards-projectteam-Brugge-Oostende-520x296.jpg\" class=\"attachment-insights-featured size-insights-featured wp-post-image\" alt=\"Projectteams bekroond met speciale prijs op Aquafin Awards\" \/>\t\t\t\t\t\t<div class=\"insight__content editor-content\">\n\t\t\t\t\t\t\t<em class=\"cats\">Eau<span class=\"cats__sep\"><\/span>24\/04\/2026<\/em>\t\t\t\t\t\t\t<h3><a href=\"https:\/\/www.swecobelgium.be\/fr\/actualites\/des-equipes-de-projet-recompensees-par-un-prix-special-lors-des-aquafin-awards\/\">Des \u00e9quipes de projet r\u00e9compens\u00e9es par un prix sp\u00e9cial lors des Aquafin Awards<\/a><\/h3>\n\t\t\t\t\t\t\t<p> <span class=\"readmore\">En savoir plus<\/span><\/p>\n\t\t\t\t\t\t<\/div>\n\t\t\t\t\t<\/div>\n\t\t\t\t\t\t\t\t\t<div class=\"col col--4 insight\" data-clickable=\"true\">\n\t\t\t\t\t\t<img loading=\"lazy\" decoding=\"async\" width=\"520\" height=\"296\" src=\"https:\/\/www.swecobelgium.be\/wp-content\/uploads\/sites\/12\/2026\/04\/Helene-Rillaerts_016919_\u252c\u2310fayepynaert-520x296.jpg\" class=\"attachment-insights-featured size-insights-featured wp-post-image\" alt=\"\" \/>\t\t\t\t\t\t<div class=\"insight__content editor-content\">\n\t\t\t\t\t\t\t<em class=\"cats\"><a href=\"https:\/\/www.swecobelgium.be\/fr\/services\/masterplanning\/\">Urbanisme<\/a> et espaces publics, Expert Talk<span class=\"cats__sep\"><\/span>22\/04\/2026<\/em>\t\t\t\t\t\t\t<h3><a href=\"https:\/\/www.swecobelgium.be\/fr\/actualites\/helene-rillaerts-renforce-lurbanisme-en-belgique-grace-a-un-double-engagement\/\">H\u00e9l\u00e8ne Rillaerts renforce l\u2019urbanisme en Belgique gr\u00e2ce \u00e0 un double engagement<\/a><\/h3>\n\t\t\t\t\t\t\t<p> <span class=\"readmore\">En savoir plus<\/span><\/p>\n\t\t\t\t\t\t<\/div>\n\t\t\t\t\t<\/div>\n\t\t\t\t\t\t\t\t\t<div class=\"col col--4 insight\" data-clickable=\"true\">\n\t\t\t\t\t\t<img loading=\"lazy\" decoding=\"async\" width=\"520\" height=\"250\" src=\"https:\/\/www.swecobelgium.be\/wp-content\/uploads\/sites\/12\/2026\/04\/Fotobanner-full-width-28-520x250.png\" class=\"attachment-insights-featured size-insights-featured wp-post-image\" alt=\"\" \/>\t\t\t\t\t\t<div class=\"insight__content editor-content\">\n\t\t\t\t\t\t\t<em class=\"cats\">Industrietransitie, Sweco Loket, Transition industrielle<span class=\"cats__sep\"><\/span>21\/04\/2026<\/em>\t\t\t\t\t\t\t<h3><a href=\"https:\/\/www.swecobelgium.be\/fr\/actualites\/sweco-accompagne-messer-benelux-dans-la-procedure-de-permis-pour-une-nouvelle-unite-de-separation-de-lair\/\">Sweco accompagne Messer Benelux dans la proc\u00e9dure de permis pour une nouvelle unit\u00e9 de s\u00e9paration de l\u2019air<\/a><\/h3>\n\t\t\t\t\t\t\t<p> <span class=\"readmore\">En savoir plus<\/span><\/p>\n\t\t\t\t\t\t<\/div>\n\t\t\t\t\t<\/div>\n\t\t\t\t\n\t\t\t\t\t<\/div>\n\t<\/div>\n<\/section>\n\n<section class=\"block form-block block--lightgray\" >\n\t<div class=\"block__inner form-block__inner \">\n\n                    <div class=\"col--11 col--wrapper\">\n                                    <div class=\"col col--4 editor-content form-block__title\">\n                        <h2 class=\"h2 hyphenate\">Inscrivez-vous \u00e0 notre newsletter<\/h2>                    <\/div>\n                    <div class=\"col--12 col\"><\/div>\n                \n                <div class=\"col col--4 editor-content\">\n                    Recevez des mises \u00e0 jour sur des projets innovants, des <a href=\"https:\/\/www.swecobelgium.be\/fr\/durabilite\/\">solutions durables<\/a> et des analyses exclusives de Sweco. Abonnez-vous d\u00e8s maintenant et participez \u00e0 la transformation de demain.\r\n\r\n\r\n\r\n\r\n\r\n\r\n\r\n                <\/div>\n\n                <div class=\"col col--7\">\n                    <script type=\"text\/javascript\">\n\/* <![CDATA[ *\/\nvar gform;gform||(document.addEventListener(\"gform_main_scripts_loaded\",function(){gform.scriptsLoaded=!0}),document.addEventListener(\"gform\/theme\/scripts_loaded\",function(){gform.themeScriptsLoaded=!0}),window.addEventListener(\"DOMContentLoaded\",function(){gform.domLoaded=!0}),gform={domLoaded:!1,scriptsLoaded:!1,themeScriptsLoaded:!1,isFormEditor:()=>\"function\"==typeof InitializeEditor,callIfLoaded:function(o){return!(!gform.domLoaded||!gform.scriptsLoaded||!gform.themeScriptsLoaded&&!gform.isFormEditor()||(gform.isFormEditor()&&console.warn(\"The use of gform.initializeOnLoaded() is deprecated in the form editor context and will be removed in Gravity Forms 3.1.\"),o(),0))},initializeOnLoaded:function(o){gform.callIfLoaded(o)||(document.addEventListener(\"gform_main_scripts_loaded\",()=>{gform.scriptsLoaded=!0,gform.callIfLoaded(o)}),document.addEventListener(\"gform\/theme\/scripts_loaded\",()=>{gform.themeScriptsLoaded=!0,gform.callIfLoaded(o)}),window.addEventListener(\"DOMContentLoaded\",()=>{gform.domLoaded=!0,gform.callIfLoaded(o)}))},hooks:{action:{},filter:{}},addAction:function(o,r,e,t){gform.addHook(\"action\",o,r,e,t)},addFilter:function(o,r,e,t){gform.addHook(\"filter\",o,r,e,t)},doAction:function(o){gform.doHook(\"action\",o,arguments)},applyFilters:function(o){return gform.doHook(\"filter\",o,arguments)},removeAction:function(o,r){gform.removeHook(\"action\",o,r)},removeFilter:function(o,r,e){gform.removeHook(\"filter\",o,r,e)},addHook:function(o,r,e,t,n){null==gform.hooks[o][r]&&(gform.hooks[o][r]=[]);var d=gform.hooks[o][r];null==n&&(n=r+\"_\"+d.length),gform.hooks[o][r].push({tag:n,callable:e,priority:t=null==t?10:t})},doHook:function(r,o,e){var t;if(e=Array.prototype.slice.call(e,1),null!=gform.hooks[r][o]&&((o=gform.hooks[r][o]).sort(function(o,r){return o.priority-r.priority}),o.forEach(function(o){\"function\"!=typeof(t=o.callable)&&(t=window[t]),\"action\"==r?t.apply(null,e):e[0]=t.apply(null,e)})),\"filter\"==r)return e[0]},removeHook:function(o,r,t,n){var e;null!=gform.hooks[o][r]&&(e=(e=gform.hooks[o][r]).filter(function(o,r,e){return!!(null!=n&&n!=o.tag||null!=t&&t!=o.priority)}),gform.hooks[o][r]=e)}});\n\/* ]]> *\/\n<\/script>\n\n                <div class='gf_browser_gecko gform_wrapper gform_legacy_markup_wrapper gform-theme--no-framework' data-form-theme='legacy' data-form-index='0' id='gform_wrapper_15' ><form class=\"gform_analytics_tracking\" method='post' enctype='multipart\/form-data' target='gform_ajax_frame_15' id='gform_15'  action='\/fr\/wp-json\/wp\/v2\/blog\/46095' data-formid='15' novalidate autocomplete=\"off\">\n                        <div class='gform-body gform_body'><ul id='gform_fields_15' class='gform_fields top_label form_sublabel_below description_below validation_below'><li id=\"field_15_13\" class=\"gfield gfield--type-honeypot gform_validation_container field_sublabel_below gfield--has-description field_description_below field_validation_below gfield_visibility_visible gform_honeypot\"  data-field-class=\"gform_honeypot\" ><label class='gfield_label gform-field-label' for='input_15_13'>LinkedIn<\/label><div class='ginput_container'><input autocomplete=\"off\"  name='input_13' id='input_15_13' type='text' value='' autocomplete='new-password'\/><\/div><div class='gfield_description' id='gfield_description_15_13'>Ce champ n\u2019est utilis\u00e9 qu\u2019\u00e0 des fins de validation et devrait rester inchang\u00e9.<\/div><\/li><li id=\"field_15_5\" class=\"gfield gfield--type-email gfield--input-type-email gfield--width-full gfield_contains_required field_sublabel_below gfield--no-description field_description_below field_validation_below gfield_visibility_visible gform_email\"  data-field-class=\"gform_email\" ><label class='gfield_label gform-field-label' for='input_15_5'>E-mail<span class=\"gfield_required\"><span class=\"gfield_required gfield_required_asterisk\">*<\/span><\/span><\/label><div class='ginput_container ginput_container_email'>\n                            <input autocomplete=\"off\"  name='input_5' id='input_15_5' type='email' value='' class='large'    aria-required=\"true\" aria-invalid=\"false\"  \/>\n                        <\/div><\/li><li id=\"field_15_7\" class=\"gfield gfield--type-text gfield--input-type-text gfield--width-full gfield_contains_required field_sublabel_below gfield--no-description field_description_below field_validation_below gfield_visibility_visible gform_text\"  data-field-class=\"gform_text\" ><label class='gfield_label gform-field-label' for='input_15_7'>Pr\u00e9nom<span class=\"gfield_required\"><span class=\"gfield_required gfield_required_asterisk\">*<\/span><\/span><\/label><div class='ginput_container ginput_container_text'><input autocomplete=\"off\"  name='input_7' id='input_15_7' type='text' value='' class='large'     aria-required=\"true\" aria-invalid=\"false\"   \/><\/div><\/li><li id=\"field_15_8\" class=\"gfield gfield--type-text gfield--input-type-text gfield--width-full gfield_contains_required field_sublabel_below gfield--no-description field_description_below field_validation_below gfield_visibility_visible gform_text\"  data-field-class=\"gform_text\" ><label class='gfield_label gform-field-label' for='input_15_8'>Nom de famille<span class=\"gfield_required\"><span class=\"gfield_required gfield_required_asterisk\">*<\/span><\/span><\/label><div class='ginput_container ginput_container_text'><input autocomplete=\"off\"  name='input_8' id='input_15_8' type='text' value='' class='large'     aria-required=\"true\" aria-invalid=\"false\"   \/><\/div><\/li><li id=\"field_15_10\" class=\"gfield gfield--type-text gfield--input-type-text gfield--width-full field_sublabel_below gfield--no-description field_description_below field_validation_below gfield_visibility_visible gform_text\"  data-field-class=\"gform_text\" ><label class='gfield_label gform-field-label' for='input_15_10'>Entreprise (facultatif)<\/label><div class='ginput_container ginput_container_text'><input autocomplete=\"off\"  name='input_10' id='input_15_10' type='text' value='' class='large'      aria-invalid=\"false\"   \/><\/div><\/li><li id=\"field_15_11\" class=\"gfield gfield--type-radio gfield--type-choice gfield--input-type-radio gfield--width-full gfield_contains_required field_sublabel_below gfield--no-description field_description_below field_validation_below gfield_visibility_visible gform_radio\"  data-field-class=\"gform_radio\" ><label class='gfield_label gform-field-label' >Je souhaite recevoir la lettre d\u2019information en<span class=\"gfield_required\"><span class=\"gfield_required gfield_required_asterisk\">*<\/span><\/span><\/label><div class='ginput_container ginput_container_radio'><ul class='gfield_radio' id='input_15_11'>\n\t\t\t<li class='gchoice gchoice_15_11_0'>\n\t\t\t\t<input autocomplete=\"off\"  name='input_11' type='radio' value='n\u00e9erlandais'  id='choice_15_11_0'    \/>\n\t\t\t\t<label for='choice_15_11_0' id='label_15_11_0' class='gform-field-label gform-field-label--type-inline'>n\u00e9erlandais<\/label>\n\t\t\t<\/li>\n\t\t\t<li class='gchoice gchoice_15_11_1'>\n\t\t\t\t<input autocomplete=\"off\"  name='input_11' type='radio' value='fran\u00e7ais'  id='choice_15_11_1'    \/>\n\t\t\t\t<label for='choice_15_11_1' id='label_15_11_1' class='gform-field-label gform-field-label--type-inline'>fran\u00e7ais<\/label>\n\t\t\t<\/li>\n\t\t\t<li class='gchoice gchoice_15_11_2'>\n\t\t\t\t<input autocomplete=\"off\"  name='input_11' type='radio' value='anglais'  id='choice_15_11_2'    \/>\n\t\t\t\t<label for='choice_15_11_2' id='label_15_11_2' class='gform-field-label gform-field-label--type-inline'>anglais<\/label>\n\t\t\t<\/li><\/ul><\/div><\/li><li id=\"field_15_9\" class=\"gfield gfield--type-consent gfield--type-choice gfield--input-type-consent gfield--width-full gfield_contains_required field_sublabel_below gfield--no-description field_description_below field_validation_below gfield_visibility_visible gform_consent\"  data-field-class=\"gform_consent\" ><label class='gfield_label gform-field-label screen-reader-text gfield_label_before_complex' ><span class=\"gfield_required\"><span class=\"gfield_required gfield_required_asterisk\">*<\/span><\/span><\/label><div class='ginput_container ginput_container_consent'><input autocomplete=\"off\"  name='input_9.1' id='input_15_9_1' type='checkbox' value='1'   aria-required=\"true\" aria-invalid=\"false\"   \/> <label class=\"gform-field-label gform-field-label--type-inline gfield_consent_label\" for='input_15_9_1' >En envoyant vos informations, vous marquez votre accord avec la politique en mati\u00e8re de protection de la vie priv\u00e9e de Sweco. <a href=\"https:\/\/www.swecobelgium.be\/fr\/privacy-notice\/\">Cliquez ici<\/a> pour en savoir plus sur la mani\u00e8re dont nous sauvegardons vos donn\u00e9es.<\/label><input autocomplete=\"off\"  type='hidden' name='input_9.2' value='En envoyant vos informations, vous marquez votre accord avec la politique en mati\u00e8re de protection de la vie priv\u00e9e de Sweco. &lt;a href=&quot;https:\/\/www.swecobelgium.be\/fr\/privacy-notice\/&quot;&gt;Cliquez ici&lt;\/a&gt; pour en savoir plus sur la mani\u00e8re dont nous sauvegardons vos donn\u00e9es.' class='gform_hidden' \/><input autocomplete=\"off\"  type='hidden' name='input_9.3' value='13' class='gform_hidden' \/><\/div><\/li><li id=\"field_15_12\" class=\"gfield gfield--type-checkbox gfield--type-choice gfield--input-type-checkbox field_sublabel_below gfield--has-description field_description_below field_validation_below gfield_visibility_visible gform_checkbox\"  data-field-class=\"gform_checkbox\" ><label class='gfield_label gform-field-label gfield_label_before_complex' >Communications par e-mail<\/label><div class='ginput_container ginput_container_checkbox'><ul class='gfield_checkbox' id='input_15_12'><li class='gchoice gchoice_15_12_1'>\n\t\t\t\t\t\t\t\t<input autocomplete=\"off\"  class='gfield-choice-input' name='input_12.1' type='checkbox'  value='J\u2019autorise l\u2019envoi de communications par e-mail concernant des mises \u00e0 jour, services ou \u00e9v\u00e9nements pertinents.'  id='choice_15_12_1'   aria-describedby=\"gfield_description_15_12\"\/>\n\t\t\t\t\t\t\t\t<label for='choice_15_12_1' id='label_15_12_1' class='gform-field-label gform-field-label--type-inline'>J\u2019autorise l\u2019envoi de communications par e-mail concernant des mises \u00e0 jour, services ou \u00e9v\u00e9nements pertinents.<\/label>\n\t\t\t\t\t\t\t<\/li><\/ul><\/div><div class='gfield_description' id='gfield_description_15_12'>Vous pouvez retirer votre consentement \u00e0 tout moment via le lien de d\u00e9sinscription dans nos e-mails.<\/div><\/li><\/ul><\/div>\n        <div class='gform-footer gform_footer top_label'> <button class='btn btn__primary' id='gform_submit_button_15'><span>Tenez-moi au courant !<\/span><\/button> <input type='hidden' name='gform_ajax' value='form_id=15&amp;title=&amp;description=&amp;tabindex=0&amp;theme=legacy&amp;hash=b35c59816435acd5e43b3f8942c6b7b1' \/>\n            <input type='hidden' class='gform_hidden' name='gform_submission_method' data-js='gform_submission_method_15' value='iframe' \/>\n            <input type='hidden' class='gform_hidden' name='gform_theme' data-js='gform_theme_15' id='gform_theme_15' value='legacy' \/>\n            <input type='hidden' class='gform_hidden' name='gform_style_settings' data-js='gform_style_settings_15' id='gform_style_settings_15' value='' \/>\n            <input type='hidden' class='gform_hidden' name='is_submit_15' value='1' \/>\n            <input type='hidden' class='gform_hidden' name='gform_submit' value='15' \/>\n            \n            <input type='hidden' class='gform_hidden' name='gform_unique_id' value='' \/>\n            <input type='hidden' class='gform_hidden' name='state_15' value='WyJ7XCIxMVwiOltcImYwMDQxZjQ0ZmNjYjhjMzkxNzhjYWRkZDJjODQ1MmUxXCIsXCIzYjA4YTg3ZmE1ZWZlMmFiZjUxZDcwMmI3ZGFlZTQ5NlwiLFwiYzlhZGM0YzI0MzljMTNhNjJiZmNmNjRkZjI4ZTA3OWRcIl0sXCI5LjFcIjpcIjVhYWVlZmI3NTc0MTU1YjA1ZTkwNjQxMWI2MWVlNGZiXCIsXCI5LjJcIjpcIjkwYTM0ZGVjYjM0ZmJlNjIzNmNjNmZmYmRiMjNjMmJhXCIsXCI5LjNcIjpcImQzYjBjMjE4N2ZmNGY4MGYxZDkxNTk0ZWIyM2RiYWNjXCIsXCIxMi4xXCI6XCJlNDA1ZWNkY2NhMjVkMWE5ODNiMjc4MWY5ZDMwMzJmYlwifSIsImU3MThjYzUwNzU5ZWZmNmQ0MmNhN2EwYTUwMzkxYzFhIl0=' \/>\n            <input type='hidden' autocomplete='off' class='gform_hidden' name='gform_target_page_number_15' id='gform_target_page_number_15' value='0' \/>\n            <input type='hidden' autocomplete='off' class='gform_hidden' name='gform_source_page_number_15' id='gform_source_page_number_15' value='1' \/>\n            <input type='hidden' name='gform_field_values' value='' \/>\n            \n        <\/div>\n                        <\/form>\n                        <\/div>\n\t\t                <iframe style='display:none;width:0px;height:0px;' src='about:blank' name='gform_ajax_frame_15' id='gform_ajax_frame_15' title='Cette iframe contient la logique n\u00e9cessaire pour manipuler Gravity Forms avec Ajax.'><\/iframe>\n\t\t                <script type=\"text\/javascript\">\n\/* <![CDATA[ *\/\n gform.initializeOnLoaded( function() {gformInitSpinner( 15, 'https:\/\/www.swecobelgium.be\/wp-content\/themes\/sweco\/assets\/dist\/oval.svg', true );jQuery('#gform_ajax_frame_15').on('load',function(){var contents = jQuery(this).contents().find('*').html();var is_postback = contents.indexOf('GF_AJAX_POSTBACK') >= 0;if(!is_postback){return;}var form_content = jQuery(this).contents().find('#gform_wrapper_15');var is_confirmation = jQuery(this).contents().find('#gform_confirmation_wrapper_15').length > 0;var is_redirect = contents.indexOf('gformRedirect(){') >= 0;var is_form = form_content.length > 0 && ! is_redirect && ! is_confirmation;var mt = parseInt(jQuery('html').css('margin-top'), 10) + parseInt(jQuery('body').css('margin-top'), 10) + 100;if(is_form){jQuery('#gform_wrapper_15').html(form_content.html());if(form_content.hasClass('gform_validation_error')){jQuery('#gform_wrapper_15').addClass('gform_validation_error');} else {jQuery('#gform_wrapper_15').removeClass('gform_validation_error');}setTimeout( function() { \/* delay the scroll by 50 milliseconds to fix a bug in chrome *\/  }, 50 );if(window['gformInitDatepicker']) {gformInitDatepicker();}if(window['gformInitPriceFields']) {gformInitPriceFields();}var current_page = jQuery('#gform_source_page_number_15').val();gformInitSpinner( 15, 'https:\/\/www.swecobelgium.be\/wp-content\/themes\/sweco\/assets\/dist\/oval.svg', true );jQuery(document).trigger('gform_page_loaded', [15, current_page]);window['gf_submitting_15'] = false;}else if(!is_redirect){var confirmation_content = jQuery(this).contents().find('.GF_AJAX_POSTBACK').html();if(!confirmation_content){confirmation_content = contents;}jQuery('#gform_wrapper_15').replaceWith(confirmation_content);jQuery(document).trigger('gform_confirmation_loaded', [15]);window['gf_submitting_15'] = false;wp.a11y.speak(jQuery('#gform_confirmation_message_15').text());}else{jQuery('#gform_15').append(contents);if(window['gformRedirect']) {gformRedirect();}}jQuery(document).trigger(\"gform_pre_post_render\", [{ formId: \"15\", currentPage: \"current_page\", abort: function() { this.preventDefault(); } }]);        if (event && event.defaultPrevented) {                return;        }        const gformWrapperDiv = document.getElementById( \"gform_wrapper_15\" );        if ( gformWrapperDiv ) {            const visibilitySpan = document.createElement( \"span\" );            visibilitySpan.id = \"gform_visibility_test_15\";            gformWrapperDiv.insertAdjacentElement( \"afterend\", visibilitySpan );        }        const visibilityTestDiv = document.getElementById( \"gform_visibility_test_15\" );        let postRenderFired = false;        function triggerPostRender() {            if ( postRenderFired ) {                return;            }            postRenderFired = true;            gform.core.triggerPostRenderEvents( 15, current_page );            if ( visibilityTestDiv ) {                visibilityTestDiv.parentNode.removeChild( visibilityTestDiv );            }        }        function debounce( func, wait, immediate ) {            var timeout;            return function() {                var context = this, args = arguments;                var later = function() {                    timeout = null;                    if ( !immediate ) func.apply( context, args );                };                var callNow = immediate && !timeout;                clearTimeout( timeout );                timeout = setTimeout( later, wait );                if ( callNow ) func.apply( context, args );            };        }        const debouncedTriggerPostRender = debounce( function() {            triggerPostRender();        }, 200 );        if ( visibilityTestDiv && visibilityTestDiv.offsetParent === null ) {            const observer = new MutationObserver( ( mutations ) => {                mutations.forEach( ( mutation ) => {                    if ( mutation.type === 'attributes' && visibilityTestDiv.offsetParent !== null ) {                        debouncedTriggerPostRender();                        observer.disconnect();                    }                });            });            observer.observe( document.body, {                attributes: true,                childList: false,                subtree: true,                attributeFilter: [ 'style', 'class' ],            });        } else {            triggerPostRender();        }    } );} ); \n\/* ]]> *\/\n<\/script>\n                <\/div>\n            <\/div>\n        \n\t<\/div>\n<\/section>\n","protected":false},"excerpt":{"rendered":"","protected":false},"featured_media":46096,"template":"","blog_cats":[932,941,4396,8690],"blog_tags":[943,965,1125],"blog_author":[541],"class_list":["post-46095","blog","type-blog","status-publish","has-post-thumbnail","hentry","blog_cats-adaptation-au-climat-et-resilience","blog_cats-villes-de-demain","blog_cats-klimaatadaptatie-bestendigheid","blog_cats-expert-talk-fr","blog_tags-urbanisme-et-espaces-publics","blog_tags-participation-et-co-creation","blog_tags-environnement-favorable-a-la-sante-2","blog_author-sweco"],"acf":[],"_links":{"self":[{"href":"https:\/\/www.swecobelgium.be\/fr\/wp-json\/wp\/v2\/blog\/46095","targetHints":{"allow":["GET"]}}],"collection":[{"href":"https:\/\/www.swecobelgium.be\/fr\/wp-json\/wp\/v2\/blog"}],"about":[{"href":"https:\/\/www.swecobelgium.be\/fr\/wp-json\/wp\/v2\/types\/blog"}],"wp:featuredmedia":[{"embeddable":true,"href":"https:\/\/www.swecobelgium.be\/fr\/wp-json\/wp\/v2\/media\/46096"}],"wp:attachment":[{"href":"https:\/\/www.swecobelgium.be\/fr\/wp-json\/wp\/v2\/media?parent=46095"}],"wp:term":[{"taxonomy":"blog_cats","embeddable":true,"href":"https:\/\/www.swecobelgium.be\/fr\/wp-json\/wp\/v2\/blog_cats?post=46095"},{"taxonomy":"blog_tags","embeddable":true,"href":"https:\/\/www.swecobelgium.be\/fr\/wp-json\/wp\/v2\/blog_tags?post=46095"},{"taxonomy":"blog_author","embeddable":true,"href":"https:\/\/www.swecobelgium.be\/fr\/wp-json\/wp\/v2\/blog_author?post=46095"}],"curies":[{"name":"wp","href":"https:\/\/api.w.org\/{rel}","templated":true}]}}